{"id":92624,"date":"2025-11-17T16:03:10","date_gmt":"2025-11-17T16:03:10","guid":{"rendered":"https:\/\/www.europesays.com\/fi\/92624\/"},"modified":"2025-11-17T16:03:10","modified_gmt":"2025-11-17T16:03:10","slug":"donna-tytar-antoi-siunauksensa-aki-mannisen-ja-immu-ilmenin-nyrkkeilyottelulle","status":"publish","type":"post","link":"https:\/\/www.europesays.com\/fi\/92624\/","title":{"rendered":"Donna-tyt\u00e4r antoi siunauksensa Aki Mannisen ja Immu Ilm\u00e9nin nyrkkeilyottelulle"},"content":{"rendered":"<p>            Timo Korhonen, Jani Korpela\n        <\/p>\n<p class=\"subtitle \">Aki Manninen kohtaa Immu Ilm\u00e9nin nyrkkeilyottelussa maaliskuussa.<\/p>\n<p class=\"article-content article-content-width !bg-background\"> on valtakunnanjuntti \u2013 ja siis pelk\u00e4st\u00e4\u00e4n hyv\u00e4ll\u00e4 tavalla.\u00a0Porilainen tekee ja sanoo, mit\u00e4 ajattelee. <\/p>\n<p class=\"article-content article-content-width !bg-background\">Pian 50 vuotta t\u00e4ytt\u00e4v\u00e4 Aki tuli alkujaan h\u00e4rm\u00e4l\u00e4isille tutuksi Temptation Island Suomesta, jossa h\u00e4n esiintyi  kanssa.<\/p>\n<p class=\"article-content article-content-width !bg-background\">Sittemmin Ritasta tuli Niemi-Manninen ja kahdesta tuli kolme, kun parin onni t\u00e4ytyi viel\u00e4 -tytt\u00e4rell\u00e4.<\/p>\n<p class=\"article-content article-content-width !bg-background\">T\u00e4m\u00e4n j\u00e4lkeen on riitt\u00e4nytkin kaikenlaista: Gladiaattorit, Suurin pudottaja Suomi, Akin ja Ritan rakkausdieetit \u2013 ja monia muita.<\/p>\n<p>        <a itemprop=\"url\" href=\"https:\/\/www.seiska.fi\/kotimaa\/helena-koivu-avoin-ulostulo-aki-manniselta-paljonpuhuva-kommentti\/1983743\" rel=\"nofollow noopener\" target=\"_blank\"><\/p>\n<p>\nHelena Koivulta avoin ulostulo\n<\/p>\n<p class=\"section-date\">\n        <strong class=\"article-section\" data-section=\"kotimaa\"><br \/>\n            kotimaa<br \/>\n        <\/strong><br \/>\n        5.11. 11:02\n    <\/p>\n<p>Helena Koivu: Avoin ulostulo \u2013 Aki Manniselta paljonpuhuva kommentti!\n    <\/p>\n<p itemprop=\"description\" class=\"subtitle \">\n    Helena Koivu jakaa proaktiivisesti ajatuksiaan somessa. Nyt jopa itse Aki Manninen kommentoi Helenan tuoreinta ulostuloa.\n<\/p>\n<p>        <\/a><\/p>\n<p>                <img decoding=\"async\" src=\"https:\/\/www.europesays.com\/fi\/wp-content\/uploads\/2025\/11\/1994685.webp\" width=\"576\" height=\"274\" alt=\"Aki Manninen ja Immu Ilm\u00e9n esiintyiv\u00e4t hyv\u00e4ss\u00e4 hengess\u00e4 torstain lehdist\u00f6tilaisuudessa.\" loading=\"lazy\" \/>            <\/p>\n<p>\n            Aki Manninen ja Immu Ilm\u00e9n esiintyiv\u00e4t hyv\u00e4ss\u00e4 hengess\u00e4 torstain lehdist\u00f6tilaisuudessa.<br \/>\n            Jani Korpela\n        <\/p>\n<p>Aki vastaan Immu<\/p>\n<p class=\"article-content article-content-width !bg-background\">Torstaina sitten jys\u00e4hti, kun selvisi, ett\u00e4 Aki ottelee nyrkkeilykeh\u00e4ss\u00e4  vastaan.<\/p>\n<p class=\"article-content article-content-width !bg-background\">Ottelu on osa Immun Fight Clubin iltaa Helsingin j\u00e4\u00e4hallissa ensi vuoden maaliskuussa.<\/p>\n<p class=\"article-content article-content-width !bg-background\">Kahden sed\u00e4n heiluminen ei ole illan p\u00e4\u00e4ottelu ainakaan paperilla, sill\u00e4 paikalla ottelevat my\u00f6s UFC:n ovia kolkuttelevat  sek\u00e4 , joiden vastustajat julkistetaan my\u00f6hemmin.<\/p>\n<p>        <a itemprop=\"url\" href=\"https:\/\/www.seiska.fi\/kotimaa\/rita-niemi-manniselta-paljastus-akin-ja-immun-ottelusta\/1992805\" rel=\"nofollow noopener\" target=\"_blank\"><\/p>\n<p>\nRitalta paljastus tulevasta ottelusta\n<\/p>\n<p class=\"section-date\">\n        <strong class=\"article-section\" data-section=\"kotimaa\"><br \/>\n            kotimaa<br \/>\n        <\/strong><br \/>\n        14.11. 15:27\n    <\/p>\n<p>Rita Niemi-Manniselta paljastus Akin ja Immun ottelusta\n    <\/p>\n<p itemprop=\"description\" class=\"subtitle \">\n    Aki Manninen ja Mika &#8221;Immu&#8221; Ilm\u00e9n kohtaavat toisensa keh\u00e4ss\u00e4 ensi maaliskuussa.\n<\/p>\n<p>        <\/a><\/p>\n<p>                <img decoding=\"async\" src=\"https:\/\/www.europesays.com\/fi\/wp-content\/uploads\/2025\/11\/1924403.webp\" width=\"576\" height=\"274\" alt=\"Aki ja Rita ovat menestyneit\u00e4 hyvinvointivaikuttajia.\" loading=\"lazy\" \/>            <\/p>\n<p>\n            Aki ja Rita ovat menestyneit\u00e4 hyvinvointivaikuttajia.<br \/>\n            Timo Korhonen\n        <\/p>\n<p>Treenihaluttomuutta<\/p>\n<p class=\"article-content article-content-width !bg-background\">Yht\u00e4 kaikki, Aki on uuden edess\u00e4.<\/p>\n<p class=\"article-content article-content-width !bg-background\">\u2013 T\u00e4ytyy sanoa, ett\u00e4 vaimo oli innoissaan, sill\u00e4 h\u00e4n on n\u00e4hnyt minussa jo muutamana vuotena sellaisen treenihaluttomuuden, Aki leukailee Seiskalle.<\/p>\n<p class=\"article-content article-content-width !bg-background\">\u2013 Nyt sain itselleni tavoitteen treenata!<\/p>\n<p class=\"article-content article-content-width !bg-background\">Vaimo on ilahtunut miehens\u00e4 kipin\u00e4st\u00e4.<\/p>\n<p class=\"article-content article-content-width !bg-background\">\u2013 Olen vet\u00e4nyt 35 vuotta kuntosalia, minulla on tullut siit\u00e4 \u00e4hky. Nyt tuli nyrkkeily, joka on aivan uusi laji minulle.<\/p>\n<p>        <a itemprop=\"url\" href=\"https:\/\/www.seiska.fi\/urheilu\/aleksi-valavuorelta-tyly-kuitti-aki-manniselle-ei-saatana\/1992503\" rel=\"nofollow noopener\" target=\"_blank\"><\/p>\n<p>\nTyly kuitti Aki Manniselle\n<\/p>\n<p class=\"section-date\">\n        <strong class=\"article-section\" data-section=\"urheilu\"><br \/>\n            urheilu<br \/>\n        <\/strong><br \/>\n        13.11. 17:00\n    <\/p>\n<p>Aleksi Valavuorelta tyly kuitti Aki Manniselle: &#8221;Ei saatana!&#8221;\n    <\/p>\n<p itemprop=\"description\" class=\"subtitle \">\n    Aki Manninen ja Immu Ilm\u00e9n iskev\u00e4t yhteen maaliskuussa. Aleksi Valavuori ei ole otteluparista vakuuttunut.\n<\/p>\n<p>        <\/a><\/p>\n<p>                <img decoding=\"async\" src=\"https:\/\/www.europesays.com\/fi\/wp-content\/uploads\/2025\/11\/1994691.webp\" width=\"576\" height=\"720\" alt=\"T\u00e4lt\u00e4 Aki ja Rita n\u00e4yttiv\u00e4t 2015, kun he tulivat testaamaan parisuhdettaan Temptation Island Suomessa.\" loading=\"lazy\" \/>            <\/p>\n<p>\n            T\u00e4lt\u00e4 Aki ja Rita n\u00e4yttiv\u00e4t 2015, kun he tulivat testaamaan parisuhdettaan Temptation Island Suomessa.<br \/>\n            Toni Tuominen\n        <\/p>\n<p>Donnalta haettiin mielipidett\u00e4<\/p>\n<p class=\"article-content article-content-width !bg-background\">Akin tuleva ottelu tuo hyv\u00e4\u00e4 fiilist\u00e4 herra ja rouva Manniselle.\u00a0Is\u00e4ukko teki paljastuksen my\u00f6s perheen pienimm\u00e4iselle.<\/p>\n<p class=\"article-content article-content-width !bg-background\">Parin esikouluik\u00e4inen tyt\u00e4r oli ensimm\u00e4inen, jolta Aki kysyi:<\/p>\n<p class=\"article-content article-content-width !bg-background\">\u2013 Mit\u00e4 olet mielt\u00e4, jos isk\u00e4 l\u00e4htee t\u00e4llaista Immua vastaan?<\/p>\n<p>        <a itemprop=\"url\" href=\"https:\/\/www.seiska.fi\/kotimaa\/karu-paljastus-rita-niemi-mannisen-lapsuudesta-donna-tytar-jarkyttyi\/1981427\" rel=\"nofollow noopener\" target=\"_blank\"><\/p>\n<p>\nDonna j\u00e4rkyttyi!\n<\/p>\n<p class=\"section-date\">\n        <strong class=\"article-section\" data-section=\"kotimaa\"><br \/>\n            kotimaa<br \/>\n        <\/strong><br \/>\n        3.11. 11:29\n    <\/p>\n<p>Karu paljastus Rita Niemi-Mannisen lapsuudesta \u2013 Donna-tyt\u00e4r j\u00e4rkyttyi\n    <\/p>\n<p itemprop=\"description\" class=\"subtitle \">\n    Rita eli lapsuutensa vaatimattomissa oloissa.\n<\/p>\n<p>        <\/a><\/p>\n<p>                <img decoding=\"async\" src=\"https:\/\/www.europesays.com\/fi\/wp-content\/uploads\/2025\/11\/1981541.webp\" width=\"576\" height=\"322\" alt=\"Manniset vaikuttavat Satakunnassa.\" loading=\"lazy\" \/>            <\/p>\n<p>\n            Manniset vaikuttavat Satakunnassa.<br \/>\n            Timo Korhonen\n        <\/p>\n<p>Tyt\u00e4r tulee katsomaan<\/p>\n<p class=\"article-content article-content-width !bg-background\">Donna totesi Immun n\u00e4ytt\u00e4v\u00e4n pelottavalta ja kysyi, pelottaako isk\u00e4\u00e4.<\/p>\n<p class=\"article-content article-content-width !bg-background\">Pelk\u00e4\u00e4m\u00e4t\u00f6n Aki kertoi, ettei Immu pelota, ja n\u00e4in Donna antoi siunauksensa matsille.<\/p>\n<p class=\"article-content article-content-width !bg-background\">Aki sanoo Donnan tulevan my\u00f6s paikalle \u2013 jos ei keh\u00e4kulmaukseen, niin ainakin katsomoon.<\/p>\n<p>        <a itemprop=\"url\" href=\"https:\/\/www.seiska.fi\/katso\/muistatko-temptation-island-suomen-harskeimmat-kohut\/1925705\" rel=\"nofollow noopener\" target=\"_blank\"><\/p>\n<p>\nTemptation Island Suomi\n<\/p>\n<p class=\"section-date\">\n        <strong class=\"article-section\" data-section=\"katso\"><br \/>\n            katso<br \/>\n        <\/strong><br \/>\n        28.9. 07:15\n    <\/p>\n<p>Muistatko Temptation Island Suomen h\u00e4rskeimm\u00e4t kohut?\n    <\/p>\n<p itemprop=\"description\" class=\"subtitle \">\n    Viettelysten saarella on kymmenen vuoden aikana sattunut ja tapahtunut, jopa jo ennen ensimm\u00e4isen kauden julkaisua, sill\u00e4 Google hyllytti ohjelman trailerin.\n<\/p>\n<p>        <\/a><\/p>\n","protected":false},"excerpt":{"rendered":"Timo Korhonen, Jani Korpela Aki Manninen kohtaa Immu Ilm\u00e9nin nyrkkeilyottelussa maaliskuussa. on valtakunnanjuntti \u2013 ja siis pelk\u00e4st\u00e4\u00e4n hyv\u00e4ll\u00e4&hellip;\n","protected":false},"author":2,"featured_media":92625,"comment_status":"","ping_status":"","sticky":false,"template":"","format":"standard","meta":{"footnotes":""},"categories":[136],"tags":[5974,407,9560,137,33,31,30,5227,408,3270,32,2929,160,1700,109],"class_list":{"0":"post-92624","1":"post","2":"type-post","3":"status-publish","4":"format-standard","5":"has-post-thumbnail","7":"category-julkkikset","8":"tag-aki-manninen","9":"tag-celebrities","10":"tag-donna","11":"tag-entertainment","12":"tag-fi","13":"tag-finland","14":"tag-finnish","15":"tag-immu-ilmen","16":"tag-julkkikset","17":"tag-nyrkkeily","18":"tag-suomi","19":"tag-temptation-island-suomi","20":"tag-urheilu","21":"tag-urheilulaji","22":"tag-viihde"},"share_on_mastodon":{"url":"https:\/\/pubeurope.com\/@fi\/115565887963956226","error":""},"_links":{"self":[{"href":"https:\/\/www.europesays.com\/fi\/wp-json\/wp\/v2\/posts\/92624","targetHints":{"allow":["GET"]}}],"collection":[{"href":"https:\/\/www.europesays.com\/fi\/wp-json\/wp\/v2\/posts"}],"about":[{"href":"https:\/\/www.europesays.com\/fi\/wp-json\/wp\/v2\/types\/post"}],"author":[{"embeddable":true,"href":"https:\/\/www.europesays.com\/fi\/wp-json\/wp\/v2\/users\/2"}],"replies":[{"embeddable":true,"href":"https:\/\/www.europesays.com\/fi\/wp-json\/wp\/v2\/comments?post=92624"}],"version-history":[{"count":0,"href":"https:\/\/www.europesays.com\/fi\/wp-json\/wp\/v2\/posts\/92624\/revisions"}],"wp:featuredmedia":[{"embeddable":true,"href":"https:\/\/www.europesays.com\/fi\/wp-json\/wp\/v2\/media\/92625"}],"wp:attachment":[{"href":"https:\/\/www.europesays.com\/fi\/wp-json\/wp\/v2\/media?parent=92624"}],"wp:term":[{"taxonomy":"category","embeddable":true,"href":"https:\/\/www.europesays.com\/fi\/wp-json\/wp\/v2\/categories?post=92624"},{"taxonomy":"post_tag","embeddable":true,"href":"https:\/\/www.europesays.com\/fi\/wp-json\/wp\/v2\/tags?post=92624"}],"curies":[{"name":"wp","href":"https:\/\/api.w.org\/{rel}","templated":true}]}}