{"id":92626,"date":"2025-11-17T16:04:10","date_gmt":"2025-11-17T16:04:10","guid":{"rendered":"https:\/\/www.europesays.com\/fi\/92626\/"},"modified":"2025-11-17T16:04:10","modified_gmt":"2025-11-17T16:04:10","slug":"vahaheikkilan-taydennysrakentamiseen-haettiin-ideoita-arkkitehtuurikilpailusta","status":"publish","type":"post","link":"https:\/\/www.europesays.com\/fi\/92626\/","title":{"rendered":"V\u00e4h\u00e4heikkil\u00e4n t\u00e4ydennysrakentamiseen haettiin ideoita arkkitehtuurikilpailusta"},"content":{"rendered":"<p class=\"teksti\">Turun V\u00e4h\u00e4heikkil\u00e4n t\u00e4ydennysrakentaminen oli mukana Europan 18 -suunnittelukilpailussa. Toinen suomalainen kohde kilpailussa oli Lahden urheilukeskuksen kehitt\u00e4minen.<\/p>\n<p class=\"teksti\">V\u00e4h\u00e4heikkil\u00e4ss\u00e4 kilpailijoiden teht\u00e4v\u00e4n\u00e4 oli hakea ratkaisuja omakotitaloalueen keskell\u00e4 sijaitsevan, pitk\u00e4n ja kapean alueen t\u00e4ydennysrakentamiseen ja yleisten alueiden kehitt\u00e4miseen. Teemana oli k\u00e4\u00e4nt\u00e4\u00e4 tulva- ja hulevesien hallinta vahvuudeksi ja tehd\u00e4 vesielementist\u00e4 t\u00e4rke\u00e4 ja n\u00e4kyv\u00e4 osa uudistuvaa aluetta.<\/p>\n<p class=\"teksti\">Kilpailun voitti kansainv\u00e4linen ty\u00f6ryhm\u00e4 ehdotuksella Landscape as a city\u2009\u2013\u2009city as an island. Berliiniss\u00e4 asuvaan suunnitteluryhm\u00e4\u00e4n kuuluvat Louise Audurier, Yevheniia Likhachova, Philipp Steinbacher, Oksana Chebina ja Johan Rey.<\/p>\n<p class=\"teksti\">\u2013\u2009Voittajaehdotus on loistava keskustelunavaus alueen kehitt\u00e4miselle ja antaa meille ideoita, joita voimme hy\u00f6dynt\u00e4\u00e4 laajemminkin kaupungissa. Veden juhlistaminen ja hulevesien luonnonmukainen k\u00e4sittely kaupungin tiivistyess\u00e4 ja ilmaston muuttuessa on yh\u00e4 t\u00e4rke\u00e4mp\u00e4\u00e4, sanoo Turun asemakaavap\u00e4\u00e4llikk\u00f6 Anri Linden tiedotteessa.<\/p>\n<p class=\"teksti\">Europan on alle 40-vuotiaille arkkitehdeille, maisema-arkkitehdeille ja kaupunkisuunnittelijoille suunnattu kansainv\u00e4linen suunnittelukilpailu. Kilpailukohteita oli t\u00e4n\u00e4 vuonna 47, kaikkiaan 12 eri maassa. Kilpailijat saavat j\u00e4tt\u00e4\u00e4 ehdotuksen yhteen tai useampaan kohteeseen.<\/p>\n","protected":false},"excerpt":{"rendered":"Turun V\u00e4h\u00e4heikkil\u00e4n t\u00e4ydennysrakentaminen oli mukana Europan 18 -suunnittelukilpailussa. Toinen suomalainen kohde kilpailussa oli Lahden urheilukeskuksen kehitt\u00e4minen. V\u00e4h\u00e4heikkil\u00e4ss\u00e4 kilpailijoiden&hellip;\n","protected":false},"author":2,"featured_media":92627,"comment_status":"","ping_status":"","sticky":false,"template":"","format":"standard","meta":{"footnotes":""},"categories":[135],"tags":[389,387,388,390,137,33,31,30,32,394,393,391,392,109],"class_list":{"0":"post-92626","1":"post","2":"type-post","3":"status-publish","4":"format-standard","5":"has-post-thumbnail","7":"category-taiteet-ja-suunnittelu","8":"tag-arts","9":"tag-arts-and-design","10":"tag-artsanddesign","11":"tag-design","12":"tag-entertainment","13":"tag-fi","14":"tag-finland","15":"tag-finnish","16":"tag-suomi","17":"tag-suunnittelu","18":"tag-taiteet","19":"tag-taiteet-ja-suunnittelu","20":"tag-taiteetsuunnittelu","21":"tag-viihde"},"share_on_mastodon":{"url":"https:\/\/pubeurope.com\/@fi\/115565891624436087","error":""},"_links":{"self":[{"href":"https:\/\/www.europesays.com\/fi\/wp-json\/wp\/v2\/posts\/92626","targetHints":{"allow":["GET"]}}],"collection":[{"href":"https:\/\/www.europesays.com\/fi\/wp-json\/wp\/v2\/posts"}],"about":[{"href":"https:\/\/www.europesays.com\/fi\/wp-json\/wp\/v2\/types\/post"}],"author":[{"embeddable":true,"href":"https:\/\/www.europesays.com\/fi\/wp-json\/wp\/v2\/users\/2"}],"replies":[{"embeddable":true,"href":"https:\/\/www.europesays.com\/fi\/wp-json\/wp\/v2\/comments?post=92626"}],"version-history":[{"count":0,"href":"https:\/\/www.europesays.com\/fi\/wp-json\/wp\/v2\/posts\/92626\/revisions"}],"wp:featuredmedia":[{"embeddable":true,"href":"https:\/\/www.europesays.com\/fi\/wp-json\/wp\/v2\/media\/92627"}],"wp:attachment":[{"href":"https:\/\/www.europesays.com\/fi\/wp-json\/wp\/v2\/media?parent=92626"}],"wp:term":[{"taxonomy":"category","embeddable":true,"href":"https:\/\/www.europesays.com\/fi\/wp-json\/wp\/v2\/categories?post=92626"},{"taxonomy":"post_tag","embeddable":true,"href":"https:\/\/www.europesays.com\/fi\/wp-json\/wp\/v2\/tags?post=92626"}],"curies":[{"name":"wp","href":"https:\/\/api.w.org\/{rel}","templated":true}]}}