{"id":92635,"date":"2025-11-17T16:14:17","date_gmt":"2025-11-17T16:14:17","guid":{"rendered":"https:\/\/www.europesays.com\/fi\/92635\/"},"modified":"2025-11-17T16:14:17","modified_gmt":"2025-11-17T16:14:17","slug":"metsa-groupin-aanekosken-biotuotetehtaan-tuotanto-keskeytyy-hoyryverkon-huoltotoiden-ajaksi","status":"publish","type":"post","link":"https:\/\/www.europesays.com\/fi\/92635\/","title":{"rendered":"Mets\u00e4 Groupin \u00c4\u00e4nekosken biotuotetehtaan tuotanto keskeytyy h\u00f6yryverkon huoltot\u00f6iden ajaksi"},"content":{"rendered":"<p><strong>Mets\u00e4 Groupin \u00c4\u00e4nekosken biotuotetehtaan tuotanto keskeytet\u00e4\u00e4n hetkellisesti 17.11.2025. <\/strong><\/p>\n<p>\u00a0<\/p>\n<p>Tehtaan h\u00f6yryverkossa on havaittu vuoto, jonka huoltotoimenpiteet vaativat tehtaan tuotannon alasajon.<\/p>\n<p>Tehdas ajetaan turvallisesti alas maanantaina 17.11. Huoltot\u00f6iden arvioidaan kest\u00e4v\u00e4n pari vuorokautta, ja tehtaan uudelleenk\u00e4ynnistys on suunnitelmien mukaan keskiviikkona 19.11.<\/p>\n<p>\n\tAiheeseen liittyy<\/p>\n","protected":false},"excerpt":{"rendered":"Mets\u00e4 Groupin \u00c4\u00e4nekosken biotuotetehtaan tuotanto keskeytet\u00e4\u00e4n hetkellisesti 17.11.2025. \u00a0 Tehtaan h\u00f6yryverkossa on havaittu vuoto, jonka huoltotoimenpiteet vaativat tehtaan&hellip;\n","protected":false},"author":2,"featured_media":92636,"comment_status":"","ping_status":"","sticky":false,"template":"","format":"standard","meta":{"footnotes":""},"categories":[76],"tags":[79,77,33,31,30,32,78],"class_list":{"0":"post-92635","1":"post","2":"type-post","3":"status-publish","4":"format-standard","5":"has-post-thumbnail","7":"category-talous","8":"tag-business","9":"tag-economy","10":"tag-fi","11":"tag-finland","12":"tag-finnish","13":"tag-suomi","14":"tag-talous"},"share_on_mastodon":{"url":"https:\/\/pubeurope.com\/@fi\/115565930984214672","error":""},"_links":{"self":[{"href":"https:\/\/www.europesays.com\/fi\/wp-json\/wp\/v2\/posts\/92635","targetHints":{"allow":["GET"]}}],"collection":[{"href":"https:\/\/www.europesays.com\/fi\/wp-json\/wp\/v2\/posts"}],"about":[{"href":"https:\/\/www.europesays.com\/fi\/wp-json\/wp\/v2\/types\/post"}],"author":[{"embeddable":true,"href":"https:\/\/www.europesays.com\/fi\/wp-json\/wp\/v2\/users\/2"}],"replies":[{"embeddable":true,"href":"https:\/\/www.europesays.com\/fi\/wp-json\/wp\/v2\/comments?post=92635"}],"version-history":[{"count":0,"href":"https:\/\/www.europesays.com\/fi\/wp-json\/wp\/v2\/posts\/92635\/revisions"}],"wp:featuredmedia":[{"embeddable":true,"href":"https:\/\/www.europesays.com\/fi\/wp-json\/wp\/v2\/media\/92636"}],"wp:attachment":[{"href":"https:\/\/www.europesays.com\/fi\/wp-json\/wp\/v2\/media?parent=92635"}],"wp:term":[{"taxonomy":"category","embeddable":true,"href":"https:\/\/www.europesays.com\/fi\/wp-json\/wp\/v2\/categories?post=92635"},{"taxonomy":"post_tag","embeddable":true,"href":"https:\/\/www.europesays.com\/fi\/wp-json\/wp\/v2\/tags?post=92635"}],"curies":[{"name":"wp","href":"https:\/\/api.w.org\/{rel}","templated":true}]}}