{"id":92657,"date":"2025-11-17T16:42:10","date_gmt":"2025-11-17T16:42:10","guid":{"rendered":"https:\/\/www.europesays.com\/fi\/92657\/"},"modified":"2025-11-17T16:42:10","modified_gmt":"2025-11-17T16:42:10","slug":"katso-kartta-pysakoitko-kadun-varteen-naille-uusille-alueille-kaavaillaan-45-euron-asukaspysakointimaksua-paikalliset","status":"publish","type":"post","link":"https:\/\/www.europesays.com\/fi\/92657\/","title":{"rendered":"Katso kartta | Pys\u00e4k\u00f6itk\u00f6 kadun varteen? \u2013 N\u00e4ille uusille alueille kaavaillaan 45 euron asukaspys\u00e4k\u00f6intimaksua | Paikalliset"},"content":{"rendered":"<p>Helsingin kaupunki suunnittelee asukas- ja yrityspys\u00e4k\u00f6innin laajentamista nelj\u00e4lle uudelle alueelle.<\/p>\n<p>Muutos tarkoittaisi, ett\u00e4 alueen pys\u00e4k\u00f6intipaikat katujen varsilla muuttuisivat aikarajoitetuiksi.<\/p>\n<p>T\u00e4ll\u00f6in alueen asukkaat ja yritykset voivat hakea tietyin edellytyksin maksullisen asukas- tai yrityspys\u00e4k\u00f6intitunnuksen, jolla voi my\u00f6s jatkossa pys\u00e4k\u00f6id\u00e4 ilman aikarajoitusta, kaupunki kertoo tiedotteessa.<\/p>\n<p>T\u00e4ll\u00e4 hetkell\u00e4 asukaspys\u00e4k\u00f6intitunnus maksaa vastaavilla alueilla 45 euroa kuukaudessa ja yrityspys\u00e4k\u00f6intitunnus 60,83 euroa kuukaudessa.<\/p>\n<p><strong class=\"diks-storyline__impact\">Asukas- <\/strong>ja yrityspys\u00e4k\u00f6inti\u00e4 suunnitellaan otettavaksi k\u00e4ytt\u00f6\u00f6n K\u00e4pyl\u00e4n, Kumpulan ja Toukolan, Kulosaaren sek\u00e4 Kuusisaaren ja Lehtisaaren alueilla.<\/p>\n<p><strong class=\"diks-storyline__impact\">Suunnitellun<\/strong> muutoksen tarkoituksena on helpottaa alueen asukkaiden pys\u00e4k\u00f6inti\u00e4 v\u00e4hent\u00e4m\u00e4ll\u00e4 autojen pitk\u00e4aikaista s\u00e4ilytyst\u00e4 katujen varsilla.<\/p>\n<p>Kun pys\u00e4k\u00f6intipaikkoja k\u00e4ytet\u00e4\u00e4n tehokkaasti, l\u00f6ytyy paikka nopeammin ja paikkoja riitt\u00e4\u00e4 aiempaa paremmin my\u00f6s asiointiin ja vierailuun. Lis\u00e4ksi suunniteltu muutos helpottaa katujen kunnossapitoa sek\u00e4 mahdollistaa paremmin katutilan monipuolisen k\u00e4yt\u00f6n, esimerkiksi katuvihre\u00e4n lis\u00e4\u00e4misen, tiedotteessa sanotaan.<\/p>\n<p>\t\t\t\t\t<img class=\"diks-card__image\" src=\"https:\/\/www.europesays.com\/fi\/wp-content\/uploads\/2025\/11\/11145451.jpg\"   loading=\"lazy\" decoding=\"sync\" alt=\"\"\/><\/p>\n<p><strong class=\"diks-storyline__impact\">Yrityksille<\/strong> on tarjolla my\u00f6s kaikkien vy\u00f6hykkeiden tunnus, jonka hinta on 91,66 euroa kuukaudessa. Hinnat voivat muuttua vuosittain teht\u00e4vien pys\u00e4k\u00f6innin k\u00e4ytt\u00f6astelaskentojen perusteella.<\/p>\n<p>T\u00e4yss\u00e4hk\u00f6autot saavat alennusta kuukausihinnasta.<\/p>\n<p><strong class=\"diks-storyline__impact\">Uusille<\/strong> alueille on suunniteltu, ett\u00e4 pys\u00e4k\u00f6innin aikarajoitus muille kuin asukas- ja yrityspys\u00e4k\u00f6ijille olisi arkisin nelj\u00e4 tuntia kello 6\u201324.<\/p>\n<p>\t\t<a class=\"diks-gallery__link\" href=\"https:\/\/i.media.fi\/incoming\/m5bvfq\/11155060.jpg\/alternates\/FREE_1440\/11155060.jpg\" data-thumbnail=\"\" data-sub-html=\"Helsingin kaupunki\" aria-label=\"Katso isompi kuva\" rel=\"nofollow noopener\" target=\"_blank\"><br \/>\n\t\t\t\t<img class=\"diks-figure__image\" src=\"https:\/\/www.europesays.com\/fi\/wp-content\/uploads\/2025\/11\/11155060.jpg\" loading=\"lazy\" decoding=\"sync\" alt=\"\"\/><\/p>\n<p>\t\t\t<\/a><br \/>\n\t\t\t\t\tHelsingin kaupunki<\/p>\n<p><strong class=\"diks-storyline__impact\">Asukas- <\/strong>ja yrityspys\u00e4k\u00f6inti on otettu k\u00e4ytt\u00f6\u00f6n vanhemmilla alueilla, joissa asukkaiden pys\u00e4k\u00f6inti\u00e4 ei ole lainkaan tai on vain osittain toteutettu tonteille, ja joissa on laajasti my\u00f6s muilta alueilta tulevaa pys\u00e4k\u00f6inti\u00e4 sek\u00e4 ajoneuvojen pitk\u00e4aikaista s\u00e4ilytt\u00e4mist\u00e4.<\/p>\n<p>1980-luvulla kantakaupungissa k\u00e4ytt\u00f6\u00f6n otettua j\u00e4rjestelm\u00e4\u00e4 on laajennettu viimeksi vuonna 2015 Lauttasaareen ja Munkkiniemeen, ja vuonna 2018 Munkkivuoreen ja Niemenm\u00e4keen sek\u00e4 Etel\u00e4-Haagaan ja Kivihakaan.<\/p>\n<p><strong class=\"diks-storyline__impact\">Kaupungin<\/strong> tavoitteena on saada muutokset voimaan vuoden 2026 syksyn sek\u00e4 2027 kev\u00e4\u00e4n aikana.<\/p>\n<p><strong class=\"diks-storyline__impact\">Kaupunki<\/strong> kartoittaa<a href=\"https:\/\/app.maptionnaire.com\/q\/asukas-yritys-pysakointi-2025\" rel=\"nofollow noopener\" target=\"_blank\"> kyselyss\u00e4 <\/a>K\u00e4pyl\u00e4n, Kumpulan ja Toukolan, Kulosaaren sek\u00e4 Kuusisaaren ja Lehtisaaren pys\u00e4k\u00f6intitilannetta sek\u00e4 alueiden asukkaiden ja yritysten mielipiteit\u00e4 pys\u00e4k\u00f6innist\u00e4 sek\u00e4 sen kehitt\u00e4misest\u00e4.<\/p>\n<p>Kaupungin tiedotteessa todetaan, ett\u00e4 alueiden sis\u00e4ll\u00e4 voi olla eroja pys\u00e4k\u00f6innin toimivuudessa sek\u00e4 erityiskohteita ja muita pistem\u00e4isi\u00e4 kohteita, jotka on hyv\u00e4 saada tietoon suunnittelun tueksi.<\/p>\n<p>N\u00e4it\u00e4 voivat olla esimerkiksi kauppojen edustat ja muut asiointipys\u00e4k\u00f6intipaikat, joissa on tarpeellista nopeuttaa pys\u00e4k\u00f6innin kiertoa.<\/p>\n<p>Kyselyss\u00e4 voi my\u00f6s ehdottaa asukas- ja yrityspys\u00e4k\u00f6innin laajentamista muille alueille.<\/p>\n<p>Kysely on auki 7. joulukuuta asti.<\/p>\n<p><strong class=\"diks-storyline__impact\">Tiedotteen<\/strong> mukaan suunnitelmia kehitet\u00e4\u00e4n palautteen perusteella.<\/p>\n<p>\t\t\t\t\t<img class=\"diks-card__image\" src=\"https:\/\/www.europesays.com\/fi\/wp-content\/uploads\/2025\/11\/11147234.jpg\"   loading=\"lazy\" decoding=\"sync\" alt=\"\"\/><\/p>\n<p><strong class=\"diks-storyline__impact\">Tavoitteena<\/strong> on, ett\u00e4 uudet asukas- ja yrityspys\u00e4k\u00f6intialueet vied\u00e4\u00e4n kaupunkiymp\u00e4rist\u00f6lautakunnan p\u00e4\u00e4tett\u00e4v\u00e4ksi ensi kev\u00e4\u00e4n\u00e4. T\u00e4m\u00e4n j\u00e4lkeen laaditaan yksityiskohtaisemmat liikenteen ohjaussuunnitelmat, joihin merkit\u00e4\u00e4n kaduille laitettavat liikennemerkit. N\u00e4ist\u00e4 on tavoitteena tehd\u00e4 p\u00e4\u00e4t\u00f6kset ensi vuoden kes\u00e4ll\u00e4.<\/p>\n<p>Asukas- ja yrityspys\u00e4k\u00f6inti voitaisiin ottaa t\u00e4ll\u00f6in k\u00e4ytt\u00f6\u00f6n aikaisintaan vuoden 2026 syksyll\u00e4.<\/p>\n<p>\t\t\t\t\t<img class=\"diks-card__image\" src=\"https:\/\/www.europesays.com\/fi\/wp-content\/uploads\/2025\/11\/11154094.jpg\"   loading=\"lazy\" decoding=\"sync\" alt=\"\"\/><\/p>\n","protected":false},"excerpt":{"rendered":"Helsingin kaupunki suunnittelee asukas- ja yrityspys\u00e4k\u00f6innin laajentamista nelj\u00e4lle uudelle alueelle. Muutos tarkoittaisi, ett\u00e4 alueen pys\u00e4k\u00f6intipaikat katujen varsilla muuttuisivat&hellip;\n","protected":false},"author":2,"featured_media":92658,"comment_status":"","ping_status":"","sticky":false,"template":"","format":"standard","meta":{"footnotes":""},"categories":[12],"tags":[648,22,23,14166,26,27,33,31,30,17,2231,104,24,25,121,28,29,82,15,18,21,32,128,19,20,16],"class_list":{"0":"post-92657","1":"post","2":"type-post","3":"status-publish","4":"format-standard","5":"has-post-thumbnail","7":"category-suomi","8":"tag-autot","9":"tag-breaking-news","10":"tag-breakingnews","11":"tag-etela-haaga-helsinki","12":"tag-featured-news","13":"tag-featurednews","14":"tag-fi","15":"tag-finland","16":"tag-finnish","17":"tag-headlines","18":"tag-helsingin-kaupunki","19":"tag-helsinki","20":"tag-latest-news","21":"tag-latestnews","22":"tag-liikenne-ja-kuljetus","23":"tag-main-news","24":"tag-mainnews","25":"tag-moottoriajoneuvot","26":"tag-news","27":"tag-otsikot","28":"tag-paauutiset","29":"tag-suomi","30":"tag-tieliikenne","31":"tag-top-stories","32":"tag-topstories","33":"tag-uutiset"},"share_on_mastodon":{"url":"https:\/\/pubeurope.com\/@fi\/115566041371237627","error":""},"_links":{"self":[{"href":"https:\/\/www.europesays.com\/fi\/wp-json\/wp\/v2\/posts\/92657","targetHints":{"allow":["GET"]}}],"collection":[{"href":"https:\/\/www.europesays.com\/fi\/wp-json\/wp\/v2\/posts"}],"about":[{"href":"https:\/\/www.europesays.com\/fi\/wp-json\/wp\/v2\/types\/post"}],"author":[{"embeddable":true,"href":"https:\/\/www.europesays.com\/fi\/wp-json\/wp\/v2\/users\/2"}],"replies":[{"embeddable":true,"href":"https:\/\/www.europesays.com\/fi\/wp-json\/wp\/v2\/comments?post=92657"}],"version-history":[{"count":0,"href":"https:\/\/www.europesays.com\/fi\/wp-json\/wp\/v2\/posts\/92657\/revisions"}],"wp:featuredmedia":[{"embeddable":true,"href":"https:\/\/www.europesays.com\/fi\/wp-json\/wp\/v2\/media\/92658"}],"wp:attachment":[{"href":"https:\/\/www.europesays.com\/fi\/wp-json\/wp\/v2\/media?parent=92657"}],"wp:term":[{"taxonomy":"category","embeddable":true,"href":"https:\/\/www.europesays.com\/fi\/wp-json\/wp\/v2\/categories?post=92657"},{"taxonomy":"post_tag","embeddable":true,"href":"https:\/\/www.europesays.com\/fi\/wp-json\/wp\/v2\/tags?post=92657"}],"curies":[{"name":"wp","href":"https:\/\/api.w.org\/{rel}","templated":true}]}}