{"id":92661,"date":"2025-11-17T16:55:10","date_gmt":"2025-11-17T16:55:10","guid":{"rendered":"https:\/\/www.europesays.com\/fi\/92661\/"},"modified":"2025-11-17T16:55:10","modified_gmt":"2025-11-17T16:55:10","slug":"niko-kivela-saikahti-keikalla-uhkaava-tilanne","status":"publish","type":"post","link":"https:\/\/www.europesays.com\/fi\/92661\/","title":{"rendered":"Niko Kivel\u00e4 s\u00e4ik\u00e4hti keikalla : Uhkaava tilanne!"},"content":{"rendered":"<p>            ATTE KAJOVA\n        <\/p>\n<p class=\"subtitle \">Koomikko kertoo Suomen muutoksesta.<\/p>\n<p class=\"article-content article-content-width !bg-background\">Koomikko<br \/>\n on ehtinyt kiert\u00e4\u00e4 ymp\u00e4ri Suomen jo parikymment\u00e4 vuotta. Ensi<br \/>\nvuonna edess\u00e4 on radio\u00e4\u00e4nen\u00e4kin muistetun miehen juhlakiertue, joka on Nikon<br \/>\nel\u00e4m\u00e4n suurin keikkaprojekti. <\/p>\n<p class=\"article-content article-content-width !bg-background\">Aivan<br \/>\nviime aikoina yleis\u00f6ss\u00e4 on tapahtunut Nikon huomion mukaan huolestuttava muutos.<\/p>\n<p class=\"article-content article-content-width !bg-background\">\u2013 T\u00e4n\u00e4<br \/>\nsyksyn\u00e4 on valitettavasti n\u00e4kynyt se, ett\u00e4 ihmiset voivat huonosti. Ensimm\u00e4ist\u00e4<br \/>\nkertaa urani aikana on tapahtunut my\u00f6s uhkaavia tilanteita, Niko paljastaa.<\/p>\n<p>                <img decoding=\"async\" src=\"https:\/\/www.europesays.com\/fi\/wp-content\/uploads\/2025\/11\/1994840.webp\" width=\"576\" height=\"720\" alt=\"Niko vieraili Sofia Zidan taiden\u00e4yttelyn avajaisissa Helsingin ydinkeskustan Bulevardi Bubbles Corner - kahvilassa.\" loading=\"lazy\" \/>            <\/p>\n<p>\n            Niko vieraili Sofia Zidan taiden\u00e4yttelyn avajaisissa Helsingin ydinkeskustan Bulevardi Bubbles Corner &#8211; kahvilassa.<br \/>\n            ATTE KAJOVA\n        <\/p>\n<p class=\"article-content article-content-width !bg-background\">Tarkemmin<br \/>\nNiko ei halua l\u00e4hte\u00e4 avaamaan ik\u00e4vi\u00e4 kokemuksiaan.<\/p>\n<p class=\"article-content article-content-width !bg-background\">\u2013 Paska<br \/>\nhomma t\u00e4mm\u00f6inen asia on. Onneksi on kilsoja takana, niin senkin kest\u00e4\u00e4, Niko<br \/>\nmiettii.<\/p>\n<p>        <a itemprop=\"url\" href=\"https:\/\/www.seiska.fi\/kotimaa\/viikon-kaak-juorut-koomikko-niko-kivelalla-melkoinen-projekti-parkkihallissa-kuva\/940246\" rel=\"nofollow noopener\" target=\"_blank\"><\/p>\n<p class=\"section-date\">\n        <strong class=\"article-section\" data-section=\"kotimaa\"><br \/>\n            kotimaa<br \/>\n        <\/strong><br \/>\n        21.11.2021 16:04\n    <\/p>\n<p>Viikon K\u00e4\u00e4k!-juorut: Koomikko Niko Kivel\u00e4ll\u00e4 melkoinen projekti parkkihallissa \u2013 kuva!\n    <\/p>\n<p>        <\/a><\/p>\n<p>Muutto<br \/>\nkotiseudulle<\/p>\n<p class=\"article-content article-content-width !bg-background\">Ik\u00e4v\u00e4st\u00e4<br \/>\nilmi\u00f6st\u00e4 huolimatta Nikolla on tapahtumassa my\u00f6s positiivisia asioita l\u00e4hiaikoina.\u00a0<\/p>\n<p class=\"article-content article-content-width !bg-background\">Muutamia vuosia sitten Niko hankki tontin kotiseudultaan Sein\u00e4joelta, ja nyt on<br \/>\naika j\u00e4tt\u00e4\u00e4 p\u00e4\u00e4kaupunkiseutu taakse.<\/p>\n<p>                <img decoding=\"async\" src=\"https:\/\/www.europesays.com\/fi\/wp-content\/uploads\/2025\/11\/1994850.webp\" width=\"576\" height=\"720\" alt=\"Niko ja Vappu Pimi\u00e4 2008. Kaksikko oli radioalan kollegoja.\" loading=\"lazy\" \/>            <\/p>\n<p>\n            Niko ja Vappu Pimi\u00e4 2008. Kaksikko oli radioalan kollegoja.<br \/>\n            Seiskan arkisto\n        <\/p>\n<p class=\"article-content article-content-width !bg-background\">\u2013 Olen<br \/>\nasunut Helsingiss\u00e4 yli 20 vuotta, joten onhan t\u00e4m\u00e4 iso muutos. Toisaalta<br \/>\nkeikkaty\u00f6l\u00e4isen\u00e4 matkustan koko ajan, joten sin\u00e4ns\u00e4 asuinpaikalla ei ole niin<br \/>\nisoa merkityst\u00e4. T\u00e4m\u00e4 on varmasti asia, joka liittyy 46-vuotiaan el\u00e4m\u00e4nvaiheeseen.<\/p>\n<p>Rakkaus<br \/>\nvoi hyvin<\/p>\n<p class=\"article-content article-content-width !bg-background\">Niko on<br \/>\npit\u00e4nyt nyt kuusi vuotta yht\u00e4 puolisonsa  kanssa. Ero nyt 16-vuotiaan<br \/>\n-pojan \u00e4idist\u00e4 koitti 2014.\u00a0<\/p>\n<p>        <a itemprop=\"url\" href=\"https:\/\/www.seiska.fi\/kotimaa\/hymy-herkassa-anni-hautalan-ex-rakas-niko-kivela-bongattiin-vaalean-kaunottaren-seurasta-paljonkertova-kuva\/1767002\" rel=\"nofollow noopener\" target=\"_blank\"><\/p>\n<p class=\"section-date\">\n        <strong class=\"article-section\" data-section=\"kotimaa\"><br \/>\n            kotimaa<br \/>\n        <\/strong><br \/>\n        21.5.2020 21:01\n    <\/p>\n<p>Hymy herk\u00e4ss\u00e4! Anni Hautalan ex-rakas Niko Kivel\u00e4 bongattiin vaalean kaunottaren seurasta \u2013 paljonkertova kuva!\n    <\/p>\n<p>        <\/a><\/p>\n<p>                <img decoding=\"async\" src=\"https:\/\/www.europesays.com\/fi\/wp-content\/uploads\/2025\/11\/1994870.webp\" width=\"576\" height=\"274\" alt=\"Viime vuonna Niko katsasti kollega Ismo Leikolan elokuvan.\" loading=\"lazy\" \/>            <\/p>\n<p>\n            Viime vuonna Niko katsasti kollega Ismo Leikolan elokuvan.<br \/>\n            Seiskan arkisto\n        <\/p>\n<p class=\"article-content article-content-width !bg-background\">Sittemmin Niko ehti olla vuoden kihloissa  (nyk.  kanssa. Anni kertoi parin erosta julkisuuteen 2019. Parhaillaan Niko iloitsee rauhallisesta el\u00e4m\u00e4ntilanteestaan.<\/p>\n<p class=\"article-content article-content-width !bg-background\">\u2013 El\u00e4m\u00e4 on nyt onnellista. Pojan<br \/>\nkanssa kaikki on hyvin ja samoin rakkaudessa. Eik\u00e4 t\u00e4m\u00e4 ole edes vitsi.<\/p>\n<p>        <a itemprop=\"url\" href=\"https:\/\/www.seiska.fi\/kotimaa\/seiska-penkoi-anni-ihamaen-firman-tv-tahdelta-raju-reaktio\/1665050\" rel=\"nofollow noopener\" target=\"_blank\"><\/p>\n<p>\nSeiska penkoi bisnekset\n<\/p>\n<p class=\"section-date\">\n        <strong class=\"article-section\" data-section=\"kotimaa\"><br \/>\n            kotimaa<br \/>\n        <\/strong><br \/>\n        7.4. 05:00\n    <\/p>\n<p>Seiska penkoi Anni Iham\u00e4en firman \u2013 tv-t\u00e4hdelt\u00e4 raju reaktio!\n    <\/p>\n<p itemprop=\"description\" class=\"subtitle \">\n    Anni Iham\u00e4en putiikki on ollut melkoinen rahantekokone, mutta sen taustakuviot ovat my\u00f6s h\u00e4mment\u00e4neet.\n<\/p>\n<p>        <\/a><\/p>\n<p class=\"article-content article-content-width !bg-background\">\u00a0<\/p>\n","protected":false},"excerpt":{"rendered":"ATTE KAJOVA Koomikko kertoo Suomen muutoksesta. Koomikko on ehtinyt kiert\u00e4\u00e4 ymp\u00e4ri Suomen jo parikymment\u00e4 vuotta. Ensi vuonna edess\u00e4&hellip;\n","protected":false},"author":2,"featured_media":92662,"comment_status":"","ping_status":"","sticky":false,"template":"","format":"standard","meta":{"footnotes":""},"categories":[136],"tags":[407,137,33,31,30,408,5661,18356,32,1667,17315,109],"class_list":{"0":"post-92661","1":"post","2":"type-post","3":"status-publish","4":"format-standard","5":"has-post-thumbnail","7":"category-julkkikset","8":"tag-celebrities","9":"tag-entertainment","10":"tag-fi","11":"tag-finland","12":"tag-finnish","13":"tag-julkkikset","14":"tag-koomikko","15":"tag-niko-kivela","16":"tag-suomi","17":"tag-tapahtumat","18":"tag-vaaratilanne","19":"tag-viihde"},"share_on_mastodon":{"url":"https:\/\/pubeurope.com\/@fi\/115566092320789193","error":""},"_links":{"self":[{"href":"https:\/\/www.europesays.com\/fi\/wp-json\/wp\/v2\/posts\/92661","targetHints":{"allow":["GET"]}}],"collection":[{"href":"https:\/\/www.europesays.com\/fi\/wp-json\/wp\/v2\/posts"}],"about":[{"href":"https:\/\/www.europesays.com\/fi\/wp-json\/wp\/v2\/types\/post"}],"author":[{"embeddable":true,"href":"https:\/\/www.europesays.com\/fi\/wp-json\/wp\/v2\/users\/2"}],"replies":[{"embeddable":true,"href":"https:\/\/www.europesays.com\/fi\/wp-json\/wp\/v2\/comments?post=92661"}],"version-history":[{"count":0,"href":"https:\/\/www.europesays.com\/fi\/wp-json\/wp\/v2\/posts\/92661\/revisions"}],"wp:featuredmedia":[{"embeddable":true,"href":"https:\/\/www.europesays.com\/fi\/wp-json\/wp\/v2\/media\/92662"}],"wp:attachment":[{"href":"https:\/\/www.europesays.com\/fi\/wp-json\/wp\/v2\/media?parent=92661"}],"wp:term":[{"taxonomy":"category","embeddable":true,"href":"https:\/\/www.europesays.com\/fi\/wp-json\/wp\/v2\/categories?post=92661"},{"taxonomy":"post_tag","embeddable":true,"href":"https:\/\/www.europesays.com\/fi\/wp-json\/wp\/v2\/tags?post=92661"}],"curies":[{"name":"wp","href":"https:\/\/api.w.org\/{rel}","templated":true}]}}