{"id":92673,"date":"2025-11-17T17:07:08","date_gmt":"2025-11-17T17:07:08","guid":{"rendered":"https:\/\/www.europesays.com\/fi\/92673\/"},"modified":"2025-11-17T17:07:08","modified_gmt":"2025-11-17T17:07:08","slug":"suomalaismies-kateissa-alpeilla-hs-fi","status":"publish","type":"post","link":"https:\/\/www.europesays.com\/fi\/92673\/","title":{"rendered":"Suomalaismies kateissa Alpeilla | HS.fi"},"content":{"rendered":"<p>Italia|Italialaismedian mukaan kyseess\u00e4 on basehypp\u00e4\u00e4j\u00e4.<\/p>\n<p class=\"article-body mb-nof-24 px-nof-16\">35-vuotias suomalaismies on kateissa Alppeihin kuuluvilla Dolomiiteilla Italiassa.<\/p>\n<p class=\"article-body mb-nof-24 px-nof-16\">Asiasta kertoo muun muassa italialaismedia <a class=\"article-genericlink\" href=\"https:\/\/www.rainews.it\/tgr\/veneto\/articoli\/2025\/11\/taibon-agordino-basejumper-finlandese-disperso-sulle-dolomiti-e2b90fb5-a6cd-4a09-ae78-3992e8ef5da1.html\" rel=\"nofollow noopener\" target=\"_blank\">Rai News<\/a>. Italialaismedian mukaan kyseess\u00e4 on basehypp\u00e4\u00e4j\u00e4, joka on ollut kateissa perjantaista l\u00e4htien. Katoaminen tapahtui Bellunon maakunnassa.<\/p>\n<p class=\"article-body mb-nof-24 px-nof-16\">Basehypyll\u00e4 tarkoitetaan esimerkiksi korkeasta rakennuksesta tai kallionkielekkeelt\u00e4 teht\u00e4v\u00e4\u00e4 hyppy\u00e4, jossa voi k\u00e4ytt\u00e4\u00e4 laskuvarjoa tai liitopukua.<\/p>\n<p class=\"article-body mb-nof-24 px-nof-16\">Ilmoituksen katoamisesta teki miehen tuttava. Rai Newsin mukaan miest\u00e4 on etsitty sunnuntai-illasta l\u00e4htien ja etsinn\u00e4t keskittyv\u00e4t nyt alueisiin, jotka ovat basehypp\u00e4\u00e4jien suosiossa. Etsint\u00f6j\u00e4 vaikeuttavat sade ja lumi.<\/p>\n<p class=\"article-body mb-nof-24 px-nof-16\">Katoamisesta kertoi aiemmin <a class=\"article-genericlink\" href=\"https:\/\/www.iltalehti.fi\/ulkomaat\/a\/30e5b41f-5131-4440-8141-d7a43dcb4d20\" rel=\"nofollow noopener\" target=\"_blank\">Iltalehti<\/a>.<\/p>\n","protected":false},"excerpt":{"rendered":"Italia|Italialaismedian mukaan kyseess\u00e4 on basehypp\u00e4\u00e4j\u00e4. 35-vuotias suomalaismies on kateissa Alppeihin kuuluvilla Dolomiiteilla Italiassa. Asiasta kertoo muun muassa italialaismedia&hellip;\n","protected":false},"author":2,"featured_media":79326,"comment_status":"","ping_status":"","sticky":false,"template":"","format":"standard","meta":{"footnotes":""},"categories":[14],"tags":[22,23,26,27,33,31,30,17,46,24,25,28,29,15,18,21,32,19,20,56,16,59,60,61],"class_list":{"0":"post-92673","1":"post","2":"type-post","3":"status-publish","4":"format-standard","5":"has-post-thumbnail","7":"category-ulkomaat","8":"tag-breaking-news","9":"tag-breakingnews","10":"tag-featured-news","11":"tag-featurednews","12":"tag-fi","13":"tag-finland","14":"tag-finnish","15":"tag-headlines","16":"tag-helsingin-sanomat","17":"tag-latest-news","18":"tag-latestnews","19":"tag-main-news","20":"tag-mainnews","21":"tag-news","22":"tag-otsikot","23":"tag-paauutiset","24":"tag-suomi","25":"tag-top-stories","26":"tag-topstories","27":"tag-ulkomaat","28":"tag-uutiset","29":"tag-world","30":"tag-world-news","31":"tag-worldnews"},"share_on_mastodon":{"url":"https:\/\/pubeurope.com\/@fi\/115566139435711048","error":""},"_links":{"self":[{"href":"https:\/\/www.europesays.com\/fi\/wp-json\/wp\/v2\/posts\/92673","targetHints":{"allow":["GET"]}}],"collection":[{"href":"https:\/\/www.europesays.com\/fi\/wp-json\/wp\/v2\/posts"}],"about":[{"href":"https:\/\/www.europesays.com\/fi\/wp-json\/wp\/v2\/types\/post"}],"author":[{"embeddable":true,"href":"https:\/\/www.europesays.com\/fi\/wp-json\/wp\/v2\/users\/2"}],"replies":[{"embeddable":true,"href":"https:\/\/www.europesays.com\/fi\/wp-json\/wp\/v2\/comments?post=92673"}],"version-history":[{"count":0,"href":"https:\/\/www.europesays.com\/fi\/wp-json\/wp\/v2\/posts\/92673\/revisions"}],"wp:featuredmedia":[{"embeddable":true,"href":"https:\/\/www.europesays.com\/fi\/wp-json\/wp\/v2\/media\/79326"}],"wp:attachment":[{"href":"https:\/\/www.europesays.com\/fi\/wp-json\/wp\/v2\/media?parent=92673"}],"wp:term":[{"taxonomy":"category","embeddable":true,"href":"https:\/\/www.europesays.com\/fi\/wp-json\/wp\/v2\/categories?post=92673"},{"taxonomy":"post_tag","embeddable":true,"href":"https:\/\/www.europesays.com\/fi\/wp-json\/wp\/v2\/tags?post=92673"}],"curies":[{"name":"wp","href":"https:\/\/api.w.org\/{rel}","templated":true}]}}