{"id":92692,"date":"2025-11-17T17:36:16","date_gmt":"2025-11-17T17:36:16","guid":{"rendered":"https:\/\/www.europesays.com\/fi\/92692\/"},"modified":"2025-11-17T17:36:16","modified_gmt":"2025-11-17T17:36:16","slug":"trumpin-aikeille-takaisku","status":"publish","type":"post","link":"https:\/\/www.europesays.com\/fi\/92692\/","title":{"rendered":"Trumpin aikeille takaisku"},"content":{"rendered":"<p>Trump on kaavaillut jokaiselle amerikkalaiselle 2 000 dollarin \u0161ekki\u00e4, joka h\u00e4nen mukaansa rahoitetaan tuontitulleista saaduilla tuloilla.<\/p>\n<p><img decoding=\"async\" class=\"image image-show image-preview\" src=\"https:\/\/www.europesays.com\/fi\/wp-content\/uploads\/2025\/11\/c85b692e101919464c0549d887e9afc79ec3fd516e9bf9ada63f92a5bf74b645.jpg\" alt=\"\"\/><img decoding=\"async\" class=\"image image-show\" src=\"https:\/\/www.europesays.com\/fi\/wp-content\/uploads\/2025\/11\/1763400976_140_c85b692e101919464c0549d887e9afc79ec3fd516e9bf9ada63f92a5bf74b645.jpg\" alt=\"\"\/><\/p>\n<p>Trump asetti huhtikuun alussa tuontitulleja valtaosalle maailman maista. AOP<\/p>\n<p class=\"paragraph\">Yhdysvaltain presidentti <a href=\"https:\/\/www.iltalehti.fi\/henkilot\/Donald Trump\" class=\"article-link-person-page\" rel=\"nofollow noopener\" target=\"_blank\">Donald Trumpin<\/a> suuri suunnitelma maksaa k\u00e4teist\u00e4 rahaa jokaiselle amerikkalaiselle vaatii kongressin hyv\u00e4ksynn\u00e4n, sanoo valtiovarainministeri <a href=\"https:\/\/www.iltalehti.fi\/henkilot\/Scott Bessent\" class=\"article-link-person-page\" rel=\"nofollow noopener\" target=\"_blank\">Scott Bessent<\/a>.<\/p>\n<p class=\"paragraph\">\u2013 Saapa n\u00e4hd\u00e4. Tarvitsemme siihen lains\u00e4\u00e4d\u00e4nt\u00f6\u00e4, Bessent sanoi konservatiivimedia Fox Newsin haastattelussa.<\/p>\n<p class=\"paragraph\">Bessentin mukaan Trumpin ehdottamat 2 000 dollarin (noin 1 720 euron) \u201dosingot\u201d menisiv\u00e4t tavallisille ty\u00f6ss\u00e4k\u00e4yville amerikkalaisille ja heid\u00e4n perheilleen.<\/p>\n<p class=\"paragraph\">Trump on sanonut, ett\u00e4 \u0161ekit olisivat toteutuessaan osoitus siit\u00e4, ett\u00e4 h\u00e4nen kauppapolitiikkansa hy\u00f6dytt\u00e4\u00e4 tavallisia amerikkalaisia.<\/p>\n<p class=\"paragraph\">Puolueista riippumaton tutkimuslaitos CRFB arvioi alustavasti, ett\u00e4 Trumpin ehdotus maksaisi noin 600 miljardia dollaria, jos \u201dosingot\u201d toteutettaisiin samaan tapaan kuin Trumpin ensimm\u00e4isen hallinnon koronapandemian aikaiset tuki\u0161ekkiohjelmat.<\/p>\n<p class=\"paragraph\">Talousmedia Bloombergin <a href=\"https:\/\/www.bloomberg.com\/news\/articles\/2025-11-16\/bessent-says-trump-s-2-000-checks-would-need-congressional-vote\" target=\"_blank\" rel=\"noopener nofollow\">mukaan<\/a> Yhdysvallat ker\u00e4si syyskuuhun menness\u00e4 195 miljardia dollaria tullituloja. Koko vuoden tuotot voivat nousta puolestaan arviolta noin 300 miljardiin dollariin.<\/p>\n<p class=\"paragraph\">Trumpin suunnitelman toteutuminen on siis ep\u00e4varmaa, mutta Bessentin mukaan helpotusta amerikkalaisten lompakkoon on luvassa ensi vuoden alkupuolella Trumpin toteuttamien veronalennusten my\u00f6t\u00e4.<\/p>\n<p class=\"paragraph\">\u2013 Odotan, ett\u00e4 vuoden ensimm\u00e4isell\u00e4 puoliskolla inflaatio alkaa laskea ja reaalitulot kasvavat selv\u00e4sti, Bessent sanoi.<\/p>\n","protected":false},"excerpt":{"rendered":"Trump on kaavaillut jokaiselle amerikkalaiselle 2 000 dollarin \u0161ekki\u00e4, joka h\u00e4nen mukaansa rahoitetaan tuontitulleista saaduilla tuloilla. Trump asetti&hellip;\n","protected":false},"author":2,"featured_media":92693,"comment_status":"","ping_status":"","sticky":false,"template":"","format":"standard","meta":{"footnotes":""},"categories":[14],"tags":[35,22,23,26,27,33,31,30,17,24,25,28,29,15,18,21,142,637,144,32,19,20,56,16,59,60,61,143,145],"class_list":{"0":"post-92692","1":"post","2":"type-post","3":"status-publish","4":"format-standard","5":"has-post-thumbnail","7":"category-ulkomaat","8":"tag-24h","9":"tag-breaking-news","10":"tag-breakingnews","11":"tag-featured-news","12":"tag-featurednews","13":"tag-fi","14":"tag-finland","15":"tag-finnish","16":"tag-headlines","17":"tag-latest-news","18":"tag-latestnews","19":"tag-main-news","20":"tag-mainnews","21":"tag-news","22":"tag-otsikot","23":"tag-paauutiset","24":"tag-poliitikot","25":"tag-politiikka","26":"tag-presidentti","27":"tag-suomi","28":"tag-top-stories","29":"tag-topstories","30":"tag-ulkomaat","31":"tag-uutiset","32":"tag-world","33":"tag-world-news","34":"tag-worldnews","35":"tag-yhdysvaltain-politiikka","36":"tag-yhdysvaltalaiset-poliittiset-puolueet"},"share_on_mastodon":{"url":"https:\/\/pubeurope.com\/@fi\/115566253667601833","error":""},"_links":{"self":[{"href":"https:\/\/www.europesays.com\/fi\/wp-json\/wp\/v2\/posts\/92692","targetHints":{"allow":["GET"]}}],"collection":[{"href":"https:\/\/www.europesays.com\/fi\/wp-json\/wp\/v2\/posts"}],"about":[{"href":"https:\/\/www.europesays.com\/fi\/wp-json\/wp\/v2\/types\/post"}],"author":[{"embeddable":true,"href":"https:\/\/www.europesays.com\/fi\/wp-json\/wp\/v2\/users\/2"}],"replies":[{"embeddable":true,"href":"https:\/\/www.europesays.com\/fi\/wp-json\/wp\/v2\/comments?post=92692"}],"version-history":[{"count":0,"href":"https:\/\/www.europesays.com\/fi\/wp-json\/wp\/v2\/posts\/92692\/revisions"}],"wp:featuredmedia":[{"embeddable":true,"href":"https:\/\/www.europesays.com\/fi\/wp-json\/wp\/v2\/media\/92693"}],"wp:attachment":[{"href":"https:\/\/www.europesays.com\/fi\/wp-json\/wp\/v2\/media?parent=92692"}],"wp:term":[{"taxonomy":"category","embeddable":true,"href":"https:\/\/www.europesays.com\/fi\/wp-json\/wp\/v2\/categories?post=92692"},{"taxonomy":"post_tag","embeddable":true,"href":"https:\/\/www.europesays.com\/fi\/wp-json\/wp\/v2\/tags?post=92692"}],"curies":[{"name":"wp","href":"https:\/\/api.w.org\/{rel}","templated":true}]}}