{"id":92694,"date":"2025-11-17T17:37:15","date_gmt":"2025-11-17T17:37:15","guid":{"rendered":"https:\/\/www.europesays.com\/fi\/92694\/"},"modified":"2025-11-17T17:37:15","modified_gmt":"2025-11-17T17:37:15","slug":"vanhemmilta-lupa-ja-tietyt-ehdot","status":"publish","type":"post","link":"https:\/\/www.europesays.com\/fi\/92694\/","title":{"rendered":"Vanhemmilta lupa ja tietyt ehdot"},"content":{"rendered":"<p>Helsinkil\u00e4iskoulun opettaja hyv\u00e4ksik\u00e4ytti yl\u00e4kouluik\u00e4ist\u00e4 nuorta.<\/p>\n<p><img decoding=\"async\" class=\"image image-show image-preview\" src=\"https:\/\/www.europesays.com\/fi\/wp-content\/uploads\/2025\/11\/84cc4096042c613bd50b356b5b914821eb34f0f26990bb1735c64fe8e401da76.jpg\" alt=\"\"\/><img decoding=\"async\" class=\"image image-show\" src=\"https:\/\/www.europesays.com\/fi\/wp-content\/uploads\/2025\/11\/1763401035_917_84cc4096042c613bd50b356b5b914821eb34f0f26990bb1735c64fe8e401da76.jpg\" alt=\"\"\/><\/p>\n<p>Helsingin hovioikeus alensi opettajamiehen tuomiota puolella vuodella. Eevi Karvinen<\/p>\n<p class=\"paragraph\">Yl\u00e4koululaistytt\u00f6 tukeutui viisikymppiseen opettajaansa koulukiusaamisen aiheuttamassa ahdingossa. Tytt\u00f6 alkoi viett\u00e4\u00e4 aikaa opettajansa kanssa ja p\u00e4\u00e4tyi kyseenalaiseen seurustelusuhteeseen miehen kanssa.<\/p>\n<p class=\"paragraph\">V\u00e4lit pysyiv\u00e4t l\u00e4mpimin\u00e4 my\u00f6s sen j\u00e4lkeen, kun opettaja muutti Saksaan kes\u00e4n ajaksi. Tyt\u00f6n mukaan he juttelivat l\u00e4hes p\u00e4ivitt\u00e4in ja suunnittelivat, miten tapaisivat, kun opettaja tulisi takaisin Suomeen. Ajatuksena oli, ett\u00e4 nuori kertoisi vanhemmilleen olevansa kaverillaan.<\/p>\n<p class=\"paragraph\">Tyt\u00f6n mukaan opettaja l\u00e4hetti muuton aikaan valokuvan kondomipaketista ja tiedusteli, tulisikohan niille viel\u00e4 joskus k\u00e4ytt\u00f6\u00e4.<\/p>\n<p class=\"paragraph\">Aikuisen ja lapsen yhteydenpidosta kehkeytyi l\u00e4hes vuoden mittainen suhde, joka t\u00e4ytti hyv\u00e4ksik\u00e4yt\u00f6n tunnusmerkit.<\/p>\n<p>Vanhemmat tiesiv\u00e4t<\/p>\n<p class=\"paragraph\">My\u00f6s muut ihmiset tiesiv\u00e4t opettajan ja tyt\u00f6n suhteesta ainakin jollain tapaa.<\/p>\n<p class=\"paragraph\">Tytt\u00f6 ei halunnut salailla suhdettaan opettajaan ja kertoi siit\u00e4 vanhemmilleen. Opettaja ja vanhemmat tapasivat hein\u00e4kuussa 2018. Mies vakuutti, ettei tekisi mit\u00e4\u00e4n, mik\u00e4 vahingoittaisi tytt\u00f6\u00e4.<\/p>\n<p class=\"paragraph\">Vanhemmat ja opettaja sopivat, ettei suhde saisi sis\u00e4lt\u00e4\u00e4 mit\u00e4\u00e4n seksuaalisia \u201daikuisten asioita\u201d ennen kuin tytt\u00f6 on 16-vuotias. T\u00e4m\u00e4n sopimuksen turvin perhe otti opettajan jopa y\u00f6pym\u00e4\u00e4n saman katon alle ja tytt\u00f6 sai nukkua opettajan kanssa samassa huoneessa.<\/p>\n<p class=\"paragraph\">Opettaja ja tytt\u00f6 tapasivat suhteensa aikana niin Saksassa kuin Suomessa. He olivat puolen vuoden aikana my\u00f6s useita kertoja yhdynn\u00e4ss\u00e4. Suomessa tapaamisia oli tyt\u00f6n isovanhempien luona ja opettajan loma-ajan asunnolla.<\/p>\n<p class=\"paragraph\">Lupaus ei pit\u00e4nyt.<\/p>\n<p class=\"paragraph\">Loppuvuodesta 2018 opettaja ja tytt\u00f6 olivat yhdynn\u00e4ss\u00e4. Lapsen hyv\u00e4ksik\u00e4ytt\u00f6, jatkui t\u00e4m\u00e4n j\u00e4lkeen s\u00e4\u00e4nn\u00f6llisesti aina huhtikuuhun 2019.<\/p>\n<p class=\"paragraph\">Ensimm\u00e4isen yhdynn\u00e4n aikaan tytt\u00f6 oli 14-vuotias.<\/p>\n<p>Mies kiisti rikoksen<\/p>\n<p class=\"paragraph\">Tapahtumat selvisiv\u00e4t, kun opettajan ja tyt\u00f6n suhde p\u00e4\u00e4ttyi. Tyt\u00f6n vointi romahti, kun h\u00e4n ymm\u00e4rsi, mit\u00e4 oli tapahtunut. Lopulta h\u00e4n kertoi \u00e4idilleen totuuden suhteen sis\u00e4ll\u00f6st\u00e4.<\/p>\n<p class=\"paragraph\">Aikuisen miehen ja teini-ik\u00e4isen tyt\u00f6n suhde p\u00e4\u00e4tyi poliisitutkintaan ja oikeuteen viiveell\u00e4.<\/p>\n<p class=\"paragraph\">Tekoaikaan 50-vuotias opettaja kiisti rikoksen. H\u00e4n kertoi, ett\u00e4 tytt\u00f6 oli eritt\u00e4in hyv\u00e4 keskustelukumppani, jonka kanssa h\u00e4n k\u00e4vi syv\u00e4llisi\u00e4 keskusteluja.<\/p>\n<p class=\"paragraph\">Miehen mukaan h\u00e4nen ja tyt\u00f6n tapaamisilla oli \u201dhalimista ja suukkoja, mahdollisesti my\u00f6s kielisuudelmia\u201d, mutta ne eiv\u00e4t miehen mielest\u00e4 olleet seksuaalisluontoisia. Opettajan mukaan suutelemiseen oli tyt\u00f6n vanhempien lupa.<\/p>\n<p>Hovi alensi tuomiota<\/p>\n<p class=\"paragraph\">Toisin kuin opettaja, oikeus katsoi, ett\u00e4 my\u00f6s suutelu oli seksuaalista hyv\u00e4ksik\u00e4ytt\u00f6\u00e4. Oikeuden mukaan kielisuudelmat \u201deiv\u00e4t ole tavanomaisia hellyydenosoituksia aikuisen ja lapsen v\u00e4lill\u00e4\u201d.<\/p>\n<p class=\"paragraph\">Helsingin k\u00e4r\u00e4j\u00e4oikeus tuomitsi opettajan nelj\u00e4ksi vuodeksi vankeuteen t\u00f6rke\u00e4st\u00e4 lapsen seksuaalisesta hyv\u00e4ksik\u00e4yt\u00f6st\u00e4. K\u00e4r\u00e4j\u00e4oikeuden mukaan hyv\u00e4ksik\u00e4ytt\u00f6 jatkui toukokuusta 2018 aina marraskuulun 2019.<\/p>\n<p class=\"paragraph\">Helsingin hovioikeuden mukaan syksyn 2019 teot j\u00e4iv\u00e4t n\u00e4ytt\u00e4v\u00e4t, eli hyv\u00e4ksik\u00e4ytt\u00f6 loppui huhtikuussa 2019. N\u00e4in ollen oikeus alensi miehen tuomion kolmen vuoden ja kuuden kuukauden mittaiseksi.<\/p>\n<p class=\"paragraph\">Samalla hovioikeus alensi uhrille maksettavat korvaukset noin 33\u00a0000 eurosta noin 28\u00a0000 euroon.<\/p>\n<p class=\"paragraph\">Hovioikeus m\u00e4\u00e4r\u00e4si t\u00e4t\u00e4 nyky\u00e4 57-vuotiaan miehen pidett\u00e4v\u00e4ksi edelleen vangittuna.<\/p>\n<p class=\"paragraph\">Iltalehti ei julkaise tuomitun nime\u00e4 uhrin henkil\u00f6llisyyden suojelemiseksi.<\/p>\n","protected":false},"excerpt":{"rendered":"Helsinkil\u00e4iskoulun opettaja hyv\u00e4ksik\u00e4ytti yl\u00e4kouluik\u00e4ist\u00e4 nuorta. Helsingin hovioikeus alensi opettajamiehen tuomiota puolella vuodella. Eevi Karvinen Yl\u00e4koululaistytt\u00f6 tukeutui viisikymppiseen opettajaansa&hellip;\n","protected":false},"author":2,"featured_media":92695,"comment_status":"","ping_status":"","sticky":false,"template":"","format":"standard","meta":{"footnotes":""},"categories":[12],"tags":[35,22,23,26,27,33,31,30,17,101,99,100,24,25,28,29,15,18,21,98,38,32,19,20,16],"class_list":{"0":"post-92694","1":"post","2":"type-post","3":"status-publish","4":"format-standard","5":"has-post-thumbnail","7":"category-suomi","8":"tag-24h","9":"tag-breaking-news","10":"tag-breakingnews","11":"tag-featured-news","12":"tag-featurednews","13":"tag-fi","14":"tag-finland","15":"tag-finnish","16":"tag-headlines","17":"tag-ihmissuhteet","18":"tag-lapset","19":"tag-lapset-ja-nuoret","20":"tag-latest-news","21":"tag-latestnews","22":"tag-main-news","23":"tag-mainnews","24":"tag-news","25":"tag-otsikot","26":"tag-paauutiset","27":"tag-perhe","28":"tag-rikos","29":"tag-suomi","30":"tag-top-stories","31":"tag-topstories","32":"tag-uutiset"},"share_on_mastodon":{"url":"https:\/\/pubeurope.com\/@fi\/115566257480426041","error":""},"_links":{"self":[{"href":"https:\/\/www.europesays.com\/fi\/wp-json\/wp\/v2\/posts\/92694","targetHints":{"allow":["GET"]}}],"collection":[{"href":"https:\/\/www.europesays.com\/fi\/wp-json\/wp\/v2\/posts"}],"about":[{"href":"https:\/\/www.europesays.com\/fi\/wp-json\/wp\/v2\/types\/post"}],"author":[{"embeddable":true,"href":"https:\/\/www.europesays.com\/fi\/wp-json\/wp\/v2\/users\/2"}],"replies":[{"embeddable":true,"href":"https:\/\/www.europesays.com\/fi\/wp-json\/wp\/v2\/comments?post=92694"}],"version-history":[{"count":0,"href":"https:\/\/www.europesays.com\/fi\/wp-json\/wp\/v2\/posts\/92694\/revisions"}],"wp:featuredmedia":[{"embeddable":true,"href":"https:\/\/www.europesays.com\/fi\/wp-json\/wp\/v2\/media\/92695"}],"wp:attachment":[{"href":"https:\/\/www.europesays.com\/fi\/wp-json\/wp\/v2\/media?parent=92694"}],"wp:term":[{"taxonomy":"category","embeddable":true,"href":"https:\/\/www.europesays.com\/fi\/wp-json\/wp\/v2\/categories?post=92694"},{"taxonomy":"post_tag","embeddable":true,"href":"https:\/\/www.europesays.com\/fi\/wp-json\/wp\/v2\/tags?post=92694"}],"curies":[{"name":"wp","href":"https:\/\/api.w.org\/{rel}","templated":true}]}}