{"id":92700,"date":"2025-11-17T17:50:08","date_gmt":"2025-11-17T17:50:08","guid":{"rendered":"https:\/\/www.europesays.com\/fi\/92700\/"},"modified":"2025-11-17T17:50:08","modified_gmt":"2025-11-17T17:50:08","slug":"klara-kivilahti-suuri-suru-seiska","status":"publish","type":"post","link":"https:\/\/www.europesays.com\/fi\/92700\/","title":{"rendered":"Klara Kivilahti: suuri suru | Seiska"},"content":{"rendered":"<p>            ATTE KAJOVA\n        <\/p>\n<p class=\"subtitle \">Yll\u00e4tt\u00e4v\u00e4 kuolema laittoi Klara ja Karina Kivilahden firman hallituksen uuteen uskoon.<\/p>\n<p class=\"article-content article-content-width !bg-background\">,  ja \u00a0 perheess\u00e4 on ollut viime aikoina murheita.<\/p>\n<p class=\"font-weight-bold m-font-weight-bold article-content article-content-width !bg-background\">Videolla harvinainen yhteishaastattelu Klara ja Karina Kivilahdesta.\u00a0<\/p>\n<p class=\"article-content article-content-width !bg-background\">Vuonna 2019 perhedynastia koki kovan kolauksen, kun perheen p\u00e4\u00e4, liikemies  kuoli.<\/p>\n<p class=\"article-content article-content-width !bg-background\">Muutamaa vuotta my\u00f6hemmin Helsingin k\u00e4r\u00e4j\u00e4oikeudessa alkoi perint\u00f6riita, jossa olivat osallisina Kari Kivilahden lapset sek\u00e4 ensimm\u00e4isest\u00e4 ett\u00e4 j\u00e4lkimm\u00e4isest\u00e4 avioliitosta.<\/p>\n<p class=\"article-content article-content-width !bg-background\">Klara ja Karina ovat Kari Kivilahden viimeisimm\u00e4st\u00e4 liitosta Kaarinan kanssa. Koska he ovat tuttuja my\u00f6s seurapiiritapahtumista, lehdist\u00f6 seurasi perint\u00f6riitaa tarkasti.<\/p>\n<p class=\"article-content article-content-width !bg-background\">Lopulta riita sovittiin k\u00e4r\u00e4j\u00e4salin ulkopuolella.<\/p>\n<p>        <a itemprop=\"url\" href=\"https:\/\/www.seiska.fi\/kotimaa\/huh-mita-veskoja-kivilahden-naisilla-yli-100-000-euron-laukkukokoelmat\/1572007\" rel=\"nofollow noopener\" target=\"_blank\"><\/p>\n<p class=\"section-date\">\n        <strong class=\"article-section\" data-section=\"kotimaa\"><br \/>\n            kotimaa<br \/>\n        <\/strong><br \/>\n        8.1. 06:30\n    <\/p>\n<p>Huh, mit\u00e4 veskoja! Kivilahden naisilla yli 100 000 euron laukkukokoelmat\n    <\/p>\n<p itemprop=\"description\" class=\"subtitle \">\n    Karina ja Klara Kivilahti seuraavat Kaarina-\u00e4iti\u00e4 niin laukkumaussa kuin vaateliikkeell\u00e4.\n<\/p>\n<p>        <\/a><\/p>\n<p>Ty\u00f6 j\u00e4i kesken<\/p>\n<p class=\"article-content article-content-width !bg-background\">J\u00e4lkipolvi jatkoi is\u00e4ns\u00e4 perint\u00f6\u00e4, ja he alkoivat py\u00f6ritt\u00e4\u00e4 Helsingin Rauta Oy:t\u00e4 yhdess\u00e4.<\/p>\n<p class=\"article-content article-content-width !bg-background\">Kolme vuotta sitten   uutisoitiin jatkavan is\u00e4ns\u00e4, teollisuuspatruuna Kari Kivilahden perint\u00f6\u00e4 kotimaisten naulojen valmistamisessa.<\/p>\n<p class=\"article-content article-content-width !bg-background\">Ty\u00f6 j\u00e4i kuitenkin kesken, sill\u00e4 syyskuun 23. p\u00e4iv\u00e4n\u00e4 suru-uutinen tavoitti Kivilahdet, Antti oli kuollut.\u00a0H\u00e4n oli kuolleessaan 57-vuotias.<\/p>\n<p class=\"article-content article-content-width !bg-background\">Seiska tavoitti Helsingin Raudan nykyisen toimitusjohtajan Klara Kivilahden.<\/p>\n<p class=\"article-content article-content-width !bg-background\"> \u2013 En kommentoi tapausta mill\u00e4\u00e4n lailla, mutta luonnollisesti kyseess\u00e4 oli j\u00e4rkytt\u00e4v\u00e4 uutinen.<\/p>\n<p class=\"article-content article-content-width !bg-background\">Antti oli viimeiseen asti Helsingin Raudan toiminnassa mukana, h\u00e4n oli muun muassa yksi hallituksen j\u00e4senist\u00e4. Nyt hallituspaikan peri Klaran poika.<\/p>\n<p>        <a itemprop=\"url\" href=\"https:\/\/www.seiska.fi\/kotimaa\/vastapuoli-syyttelee-kaarina-kivilahtea-seurapiirisuvun-perintoriita-jattiomaisuudesta-jatkuu\/964243\" rel=\"nofollow noopener\" target=\"_blank\"><\/p>\n<p class=\"section-date\">\n        <strong class=\"article-section\" data-section=\"kotimaa\"><br \/>\n            kotimaa<br \/>\n        <\/strong><br \/>\n        6.5.2021 15:10\n    <\/p>\n<p>Vastapuoli syyttelee Kaarina Kivilahtea &#8211; seurapiirisuvun perint\u00f6riita j\u00e4ttiomaisuudesta jatkuu\n    <\/p>\n<p>        <\/a><\/p>\n","protected":false},"excerpt":{"rendered":"ATTE KAJOVA Yll\u00e4tt\u00e4v\u00e4 kuolema laittoi Klara ja Karina Kivilahden firman hallituksen uuteen uskoon. , ja \u00a0 perheess\u00e4 on&hellip;\n","protected":false},"author":2,"featured_media":92701,"comment_status":"","ping_status":"","sticky":false,"template":"","format":"standard","meta":{"footnotes":""},"categories":[136],"tags":[407,137,33,31,30,18357,408,18360,18359,18358,683,5669,98,17240,32,109],"class_list":{"0":"post-92700","1":"post","2":"type-post","3":"status-publish","4":"format-standard","5":"has-post-thumbnail","7":"category-julkkikset","8":"tag-celebrities","9":"tag-entertainment","10":"tag-fi","11":"tag-finland","12":"tag-finnish","13":"tag-helsingin-rauta-oy","14":"tag-julkkikset","15":"tag-kaarina-kivilahti","16":"tag-kivilahti","17":"tag-klara-kivilahti","18":"tag-kuolema","19":"tag-liikemies","20":"tag-perhe","21":"tag-perintoriita","22":"tag-suomi","23":"tag-viihde"},"share_on_mastodon":{"url":"https:\/\/pubeurope.com\/@fi\/115566308466924206","error":""},"_links":{"self":[{"href":"https:\/\/www.europesays.com\/fi\/wp-json\/wp\/v2\/posts\/92700","targetHints":{"allow":["GET"]}}],"collection":[{"href":"https:\/\/www.europesays.com\/fi\/wp-json\/wp\/v2\/posts"}],"about":[{"href":"https:\/\/www.europesays.com\/fi\/wp-json\/wp\/v2\/types\/post"}],"author":[{"embeddable":true,"href":"https:\/\/www.europesays.com\/fi\/wp-json\/wp\/v2\/users\/2"}],"replies":[{"embeddable":true,"href":"https:\/\/www.europesays.com\/fi\/wp-json\/wp\/v2\/comments?post=92700"}],"version-history":[{"count":0,"href":"https:\/\/www.europesays.com\/fi\/wp-json\/wp\/v2\/posts\/92700\/revisions"}],"wp:featuredmedia":[{"embeddable":true,"href":"https:\/\/www.europesays.com\/fi\/wp-json\/wp\/v2\/media\/92701"}],"wp:attachment":[{"href":"https:\/\/www.europesays.com\/fi\/wp-json\/wp\/v2\/media?parent=92700"}],"wp:term":[{"taxonomy":"category","embeddable":true,"href":"https:\/\/www.europesays.com\/fi\/wp-json\/wp\/v2\/categories?post=92700"},{"taxonomy":"post_tag","embeddable":true,"href":"https:\/\/www.europesays.com\/fi\/wp-json\/wp\/v2\/tags?post=92700"}],"curies":[{"name":"wp","href":"https:\/\/api.w.org\/{rel}","templated":true}]}}