{"id":92712,"date":"2025-11-17T18:01:12","date_gmt":"2025-11-17T18:01:12","guid":{"rendered":"https:\/\/www.europesays.com\/fi\/92712\/"},"modified":"2025-11-17T18:01:12","modified_gmt":"2025-11-17T18:01:12","slug":"tama-on-vanhemman-ihmisen-kunnioittamista-janne-ylinen-avaa-halpahallin-alkoholiratkaisun-taustoja","status":"publish","type":"post","link":"https:\/\/www.europesays.com\/fi\/92712\/","title":{"rendered":"&#8221;T\u00e4m\u00e4 on vanhemman ihmisen kunnioittamista&#8221; \u2013 Janne Ylinen avaa HalpaHallin alkoholiratkaisun taustoja"},"content":{"rendered":"<p>                                  Paikallisuutiset<\/p>\n<p>                <img loading=\"lazy\" decoding=\"async\" itemprop=\"contentUrl\" class=\"figure-img img-fluid\"  src=\"https:\/\/www.europesays.com\/fi\/wp-content\/uploads\/2025\/11\/1763402472_521_imengine.public.prod.hil.infomaker.io\" width=\"4252\" height=\"2835\"  alt=\"\"\/><\/p>\n<p>                                    Kokkolan Halpa-Halli Oy:n toimitusjohtaja Janne Ylinen kertoo avoimesti omista paineistaan perheyhti\u00f6n johdossa.<br \/>\n                                                    Kuva:<br \/>\n                    Jukka Lehoj\u00e4rvi<\/p>\n<p>      MAINOS &#8211; juttu jatkuu mainoksen j\u00e4lkeen<\/p>\n<p>      MAINOS &#8211; mainos p\u00e4\u00e4ttyy<\/p>\n<p class=\"ew-body\">Paineita on. Se tulee korvin kuullen selv\u00e4ksi, kun Kokkolan Halpa-Halli Oy:n toimitusjohtajan kanssa puhuu. Ei Janne Ylist\u00e4 nappaisi lainkaan viikon aluksi keskustella HalpaHallien myym\u00e4l\u00f6ist\u00e4 puuttuvista tuotteista. Siis alkoholijuomista, joita maan 35 HalpaHallista ei l\u00f6ydy. Niin kuin ei ole koska<\/p>\n<p>  <a class=\"btn btn-secondary btn-icon-left\" href=\"#coral_thread\"><br \/>\n    <img decoding=\"async\" src=\"https:\/\/www.keskipohjanmaa.fi\/wp-content\/themes\/hilla-theme\/assets\/img\/icon_comments.svg\" alt=\"\"\/><br \/>\n    Kommentoi<br \/>\n  <\/a><\/p>\n<p>  <a class=\"btn btn-secondary btn-icon-left mailto_web\" href=\"mailto:toimitus@keskipohjanmaa.fi?subject=Ilmoita%20asiavirheest%C3%A4&amp;body=Otsikko%3A%20%22T%C3%A4m%C3%A4%20on%20vanhemman%20ihmisen%20kunnioittamista%22%20%E2%80%93%20Janne%20Ylinen%20avaa%20HalpaHallin%20alkoholiratkaisun%20taustoja%0AUuid%3A%20cce2c7bd-fe26-4444-a1e2-3d631d09a7db%0AUrl%3A%20https%3A%2F%2Fwww.keskipohjanmaa.fi%2Fartikkeli%2Ftama-on-vanhemman-ihmisen-kunnioittamista-janne-ylinen-avaa-halpahallin-alkoholiratkaisun-tausto\"><br \/>\n    <img decoding=\"async\" src=\"https:\/\/www.keskipohjanmaa.fi\/wp-content\/themes\/hilla-theme\/assets\/img\/icon_feedback.svg\" alt=\"\"\/><br \/>\n    Ilmoita asiavirheest\u00e4<br \/>\n  <\/a><\/p>\n","protected":false},"excerpt":{"rendered":"Paikallisuutiset Kokkolan Halpa-Halli Oy:n toimitusjohtaja Janne Ylinen kertoo avoimesti omista paineistaan perheyhti\u00f6n johdossa. Kuva: Jukka Lehoj\u00e4rvi MAINOS &#8211;&hellip;\n","protected":false},"author":2,"featured_media":92713,"comment_status":"","ping_status":"","sticky":false,"template":"","format":"standard","meta":{"footnotes":""},"categories":[76],"tags":[79,77,33,31,30,32,78],"class_list":{"0":"post-92712","1":"post","2":"type-post","3":"status-publish","4":"format-standard","5":"has-post-thumbnail","7":"category-talous","8":"tag-business","9":"tag-economy","10":"tag-fi","11":"tag-finland","12":"tag-finnish","13":"tag-suomi","14":"tag-talous"},"share_on_mastodon":{"url":"https:\/\/pubeurope.com\/@fi\/115566351901365369","error":""},"_links":{"self":[{"href":"https:\/\/www.europesays.com\/fi\/wp-json\/wp\/v2\/posts\/92712","targetHints":{"allow":["GET"]}}],"collection":[{"href":"https:\/\/www.europesays.com\/fi\/wp-json\/wp\/v2\/posts"}],"about":[{"href":"https:\/\/www.europesays.com\/fi\/wp-json\/wp\/v2\/types\/post"}],"author":[{"embeddable":true,"href":"https:\/\/www.europesays.com\/fi\/wp-json\/wp\/v2\/users\/2"}],"replies":[{"embeddable":true,"href":"https:\/\/www.europesays.com\/fi\/wp-json\/wp\/v2\/comments?post=92712"}],"version-history":[{"count":0,"href":"https:\/\/www.europesays.com\/fi\/wp-json\/wp\/v2\/posts\/92712\/revisions"}],"wp:featuredmedia":[{"embeddable":true,"href":"https:\/\/www.europesays.com\/fi\/wp-json\/wp\/v2\/media\/92713"}],"wp:attachment":[{"href":"https:\/\/www.europesays.com\/fi\/wp-json\/wp\/v2\/media?parent=92712"}],"wp:term":[{"taxonomy":"category","embeddable":true,"href":"https:\/\/www.europesays.com\/fi\/wp-json\/wp\/v2\/categories?post=92712"},{"taxonomy":"post_tag","embeddable":true,"href":"https:\/\/www.europesays.com\/fi\/wp-json\/wp\/v2\/tags?post=92712"}],"curies":[{"name":"wp","href":"https:\/\/api.w.org\/{rel}","templated":true}]}}