{"id":92714,"date":"2025-11-17T18:02:09","date_gmt":"2025-11-17T18:02:09","guid":{"rendered":"https:\/\/www.europesays.com\/fi\/92714\/"},"modified":"2025-11-17T18:02:09","modified_gmt":"2025-11-17T18:02:09","slug":"puolueiden-verkkosivuille-on-hyokatty-tanskassa","status":"publish","type":"post","link":"https:\/\/www.europesays.com\/fi\/92714\/","title":{"rendered":"Puolueiden verkkosivuille on hy\u00f6k\u00e4tty Tanskassa"},"content":{"rendered":"<p><strong class=\"typography-bold\">Tanskassa useiden puolueiden verkkosivuille hy\u00f6k\u00e4ttiin maanantaina ennen tiistaina j\u00e4rjestett\u00e4vi\u00e4 yhdistettyj\u00e4 kunta- ja aluevaaleja.<\/strong><\/p>\n<p><a class=\"underline\" data-testid=\"external-link\" href=\"https:\/\/www.dr.dk\/drtv\/kanal\/drtv_192099\" rel=\"noopener noreferrer nofollow\" target=\"_blank\" data-sentry-component=\"ExternalLink\" data-sentry-source-file=\"ExternalLink.tsx\">Tanskan yleisradioyhti\u00f6n DR<\/a>:n mukaan tekij\u00e4ksi ilmoittautui Ven\u00e4j\u00e4-mielinen ryhm\u00e4. Tunnettu NoName057(16)-niminen hakkeriverkosto ilmoitti <a class=\"underline\" data-testid=\"external-link\" href=\"https:\/\/x.com\/Noname05716\/status\/1990421702417731990?s=20\" rel=\"noopener noreferrer nofollow\" target=\"_blank\" data-sentry-component=\"ExternalLink\" data-sentry-source-file=\"ExternalLink.tsx\">X-viestiss\u00e4\u00e4n h\u00e4iritsev\u00e4ns\u00e4 <\/a>Tanskan vaaleja.<\/p>\n<p>DR:n mukaan ainakin kahdeksan puolueen ja Copenhagen Post -verkkomedian sivut takkuilivat verkkohy\u00f6kk\u00e4yksen takia.\u00a0<\/p>\n<p>Hakkerit itse sanoivat my\u00f6s DR:n joutuneen kohteeksi, mutta sen sivut toimivat ainakin maanantaina iltap\u00e4iv\u00e4ll\u00e4 normaalisti.<\/p>\n<p>Tanskan varautumisministeri sanoi DR:n mukaan suhtautuvansa kyberuhkaan eritt\u00e4in vakavasti mutta lis\u00e4si, ettei vaalien onnistumisesta tiistaina tarvitse olla huolissaan.<\/p>\n<p>Uutistoimisto Ritzaun mukaan viime viikolla useat Tanskan kunnista joutuivat niin ik\u00e4\u00e4n verkkohy\u00f6kk\u00e4ysten kohteiksi.<\/p>\n<p><strong class=\"typography-bold\">Sama ryhm\u00e4 tuttu Suomessakin<\/strong><\/p>\n<p><a class=\"underline\" data-testid=\"external-link\" href=\"https:\/\/www.bloomberg.com\/news\/articles\/2025-07-16\/pro-russian-hacktivist-group-disrupted-by-european-authorities\" rel=\"noopener noreferrer nofollow\" target=\"_blank\" data-sentry-component=\"ExternalLink\" data-sentry-source-file=\"ExternalLink.tsx\">Bloombergin mukaan<\/a> kyseinen hakkeriryhm\u00e4 on ilmoittautunut jo yli 1\u00a0500 palvelunestohy\u00f6kk\u00e4yksen tekij\u00e4ksi sen j\u00e4lkeen, kun Ven\u00e4j\u00e4 k\u00e4ynnisti laajamittaisen sotansa Ukrainassa helmikuussa 2022.\u00a0<\/p>\n","protected":false},"excerpt":{"rendered":"Tanskassa useiden puolueiden verkkosivuille hy\u00f6k\u00e4ttiin maanantaina ennen tiistaina j\u00e4rjestett\u00e4vi\u00e4 yhdistettyj\u00e4 kunta- ja aluevaaleja. Tanskan yleisradioyhti\u00f6n DR:n mukaan tekij\u00e4ksi&hellip;\n","protected":false},"author":2,"featured_media":92715,"comment_status":"","ping_status":"","sticky":false,"template":"","format":"standard","meta":{"footnotes":""},"categories":[14],"tags":[22,23,26,27,33,31,30,17,24,25,28,29,15,18,21,32,19,20,56,16,59,60,61],"class_list":{"0":"post-92714","1":"post","2":"type-post","3":"status-publish","4":"format-standard","5":"has-post-thumbnail","7":"category-ulkomaat","8":"tag-breaking-news","9":"tag-breakingnews","10":"tag-featured-news","11":"tag-featurednews","12":"tag-fi","13":"tag-finland","14":"tag-finnish","15":"tag-headlines","16":"tag-latest-news","17":"tag-latestnews","18":"tag-main-news","19":"tag-mainnews","20":"tag-news","21":"tag-otsikot","22":"tag-paauutiset","23":"tag-suomi","24":"tag-top-stories","25":"tag-topstories","26":"tag-ulkomaat","27":"tag-uutiset","28":"tag-world","29":"tag-world-news","30":"tag-worldnews"},"share_on_mastodon":{"url":"https:\/\/pubeurope.com\/@fi\/115566355760490389","error":""},"_links":{"self":[{"href":"https:\/\/www.europesays.com\/fi\/wp-json\/wp\/v2\/posts\/92714","targetHints":{"allow":["GET"]}}],"collection":[{"href":"https:\/\/www.europesays.com\/fi\/wp-json\/wp\/v2\/posts"}],"about":[{"href":"https:\/\/www.europesays.com\/fi\/wp-json\/wp\/v2\/types\/post"}],"author":[{"embeddable":true,"href":"https:\/\/www.europesays.com\/fi\/wp-json\/wp\/v2\/users\/2"}],"replies":[{"embeddable":true,"href":"https:\/\/www.europesays.com\/fi\/wp-json\/wp\/v2\/comments?post=92714"}],"version-history":[{"count":0,"href":"https:\/\/www.europesays.com\/fi\/wp-json\/wp\/v2\/posts\/92714\/revisions"}],"wp:featuredmedia":[{"embeddable":true,"href":"https:\/\/www.europesays.com\/fi\/wp-json\/wp\/v2\/media\/92715"}],"wp:attachment":[{"href":"https:\/\/www.europesays.com\/fi\/wp-json\/wp\/v2\/media?parent=92714"}],"wp:term":[{"taxonomy":"category","embeddable":true,"href":"https:\/\/www.europesays.com\/fi\/wp-json\/wp\/v2\/categories?post=92714"},{"taxonomy":"post_tag","embeddable":true,"href":"https:\/\/www.europesays.com\/fi\/wp-json\/wp\/v2\/tags?post=92714"}],"curies":[{"name":"wp","href":"https:\/\/api.w.org\/{rel}","templated":true}]}}