{"id":92720,"date":"2025-11-17T18:16:08","date_gmt":"2025-11-17T18:16:08","guid":{"rendered":"https:\/\/www.europesays.com\/fi\/92720\/"},"modified":"2025-11-17T18:16:08","modified_gmt":"2025-11-17T18:16:08","slug":"torkykauhua-tekevan-eli-rothin-uutukainen-vaikuttaa-pimealta-katso-ice-cream-manin-ensimmainen-kuva","status":"publish","type":"post","link":"https:\/\/www.europesays.com\/fi\/92720\/","title":{"rendered":"T\u00f6rkykauhua tekev\u00e4n Eli Rothin uutukainen vaikuttaa pime\u00e4lt\u00e4 \u2013 katso Ice Cream Manin ensimm\u00e4inen kuva"},"content":{"rendered":"<p>Hostel-mies <strong>Eli Roth<\/strong> kutsuu tulevaa rainaansa h\u00e4nen kaikkien aikone pelottavimmaksi ja hulluimmaksi leffaksi.<\/p>\n<p>Ice Cream Manin p\u00e4\u00e4osaa, itse Ice Cream Mania, esitt\u00e4\u00e4 <strong>Ari Millen<\/strong> (Orphan Black). Muissa rooleissa ovat <strong>Benjamin Byron Davis<\/strong> (Guardians of the Galaxy 3), <strong>Karen Cliche<\/strong> (Thanksgiving), <strong>Dylan Hawco<\/strong><strong> <\/strong>(Heartland), <strong>Sarah Abbott<\/strong> (Black Mirror, The Body),<strong> Shiloh O\u2019Reilly<\/strong> (Thanksgiving), <strong>Kiori Mirza Waldman,<\/strong> <strong>Charlie Zeltzer<\/strong> (The Handmaid\u2019s Tale) ja <strong>Charlie Storey <\/strong>(Thanksgiving).<\/p>\n<p>Tieteekin my\u00f6s n\u00e4yttelij\u00e4n\u00e4 tunnettu Roth n\u00e4hd\u00e4\u00e4n jossain roolissa.<\/p>\n<p><strong>Snoop Dogg<\/strong> s\u00e4velt\u00e4\u00e4 musiikkia elokuvaan. Roth ja Snoop tekev\u00e4t my\u00f6s yhdess\u00e4 Don\u2019t Go in That house, Bitch! -nimist\u00e4 elokuvaa.<\/p>\n<p>Ice Cream Man kertoo idyllisest\u00e4 kes\u00e4kaupungista, joka ajautuu hulluuteen, kun j\u00e4\u00e4tel\u00f6myyj\u00e4 tarjoilee lapsille makeita herkkuja karmivin seurauksin. Elokuvan p\u00e4\u00e4kuvaukset saatiin p\u00e4\u00e4t\u00f6kseen syyskuussa, ja sen on m\u00e4\u00e4r\u00e4 saada laaja teatterilevitys vuonna 2026.<\/p>\n<p>L\u00e4hde: <a href=\"https:\/\/variety.com\/2025\/film\/global\/eli-roth-horror-ice-cream-man-first-look-cast-1236579767\/\" target=\"_blank\" rel=\"noreferrer noopener nofollow\">Variety<\/a><\/p>\n<p>Lue my\u00f6s: <a href=\"https:\/\/www.episodi.fi\/uutiskirje\/?uutiskirjemainos=tekstilinkkimainos\" title=\"Tilaa Episodin uutiskirje ja voit voittaa leffalippuja! Nappaa tv-vinkit suoraan s\u00e4hk\u00f6postiin t\u00e4st\u00e4.\" class=\"underline-custom !font-montserrat !font-bold !underline-offset-4 !decoration-4 !decoration-episodi-blue !text-md\" rel=\"nofollow noopener\" target=\"_blank\">Tilaa Episodin uutiskirje ja voit voittaa leffalippuja! Nappaa katseluvinkit suoraan s\u00e4hk\u00f6postiin t\u00e4st\u00e4.<\/a><\/p>\n","protected":false},"excerpt":{"rendered":"Hostel-mies Eli Roth kutsuu tulevaa rainaansa h\u00e4nen kaikkien aikone pelottavimmaksi ja hulluimmaksi leffaksi. Ice Cream Manin p\u00e4\u00e4osaa, itse&hellip;\n","protected":false},"author":2,"featured_media":92721,"comment_status":"","ping_status":"","sticky":false,"template":"","format":"standard","meta":{"footnotes":""},"categories":[136],"tags":[407,18361,137,33,31,30,18362,408,3057,6173,32,109],"class_list":{"0":"post-92720","1":"post","2":"type-post","3":"status-publish","4":"format-standard","5":"has-post-thumbnail","7":"category-julkkikset","8":"tag-celebrities","9":"tag-eli-roth","10":"tag-entertainment","11":"tag-fi","12":"tag-finland","13":"tag-finnish","14":"tag-ice-cream-man","15":"tag-julkkikset","16":"tag-kauhu","17":"tag-snoop-dogg","18":"tag-suomi","19":"tag-viihde"},"share_on_mastodon":{"url":"https:\/\/pubeurope.com\/@fi\/115566410667782772","error":""},"_links":{"self":[{"href":"https:\/\/www.europesays.com\/fi\/wp-json\/wp\/v2\/posts\/92720","targetHints":{"allow":["GET"]}}],"collection":[{"href":"https:\/\/www.europesays.com\/fi\/wp-json\/wp\/v2\/posts"}],"about":[{"href":"https:\/\/www.europesays.com\/fi\/wp-json\/wp\/v2\/types\/post"}],"author":[{"embeddable":true,"href":"https:\/\/www.europesays.com\/fi\/wp-json\/wp\/v2\/users\/2"}],"replies":[{"embeddable":true,"href":"https:\/\/www.europesays.com\/fi\/wp-json\/wp\/v2\/comments?post=92720"}],"version-history":[{"count":0,"href":"https:\/\/www.europesays.com\/fi\/wp-json\/wp\/v2\/posts\/92720\/revisions"}],"wp:featuredmedia":[{"embeddable":true,"href":"https:\/\/www.europesays.com\/fi\/wp-json\/wp\/v2\/media\/92721"}],"wp:attachment":[{"href":"https:\/\/www.europesays.com\/fi\/wp-json\/wp\/v2\/media?parent=92720"}],"wp:term":[{"taxonomy":"category","embeddable":true,"href":"https:\/\/www.europesays.com\/fi\/wp-json\/wp\/v2\/categories?post=92720"},{"taxonomy":"post_tag","embeddable":true,"href":"https:\/\/www.europesays.com\/fi\/wp-json\/wp\/v2\/tags?post=92720"}],"curies":[{"name":"wp","href":"https:\/\/api.w.org\/{rel}","templated":true}]}}