{"id":92731,"date":"2025-11-17T18:28:09","date_gmt":"2025-11-17T18:28:09","guid":{"rendered":"https:\/\/www.europesays.com\/fi\/92731\/"},"modified":"2025-11-17T18:28:09","modified_gmt":"2025-11-17T18:28:09","slug":"tanskassa-useiden-puolueiden-verkkosivuille-hyokatty-ennen-vaaleja","status":"publish","type":"post","link":"https:\/\/www.europesays.com\/fi\/92731\/","title":{"rendered":"Tanskassa useiden puolueiden verkkosivuille hy\u00f6k\u00e4tty ennen vaaleja"},"content":{"rendered":"<p>Tekij\u00e4ksi ilmoittautui tunnettu Ven\u00e4j\u00e4-mielinen hakkeriverkosto, joka on tehnyt iskuja my\u00f6s Suomessa.<\/p>\n<p class=\"article-body mb-nof-24 px-nof-16\">Tanskassa useiden puolueiden verkkosivuille hy\u00f6k\u00e4ttiin maanantaina ennen tiistaina j\u00e4rjestett\u00e4vi\u00e4 yhdistettyj\u00e4 kunta- ja aluevaaleja.<\/p>\n<p class=\"article-body mb-nof-24 px-nof-16\"><a class=\"article-genericlink\" href=\"https:\/\/www.dr.dk\/drtv\/kanal\/drtv_192099\" rel=\"nofollow noopener\" target=\"_blank\">Tanskan yleisradioyhti\u00f6n DR<\/a>:n mukaan tekij\u00e4ksi ilmoittautui Ven\u00e4j\u00e4-mielinen ryhm\u00e4. Tunnettu NoName057(16)-niminen hakkeriverkosto ilmoitti <a class=\"article-genericlink\" href=\"https:\/\/x.com\/Noname05716\/status\/1990421702417731990?s=20\" rel=\"nofollow\">X-viestiss\u00e4\u00e4n h\u00e4iritsev\u00e4ns\u00e4 <\/a>Tanskan vaaleja.<\/p>\n<p class=\"article-body mb-nof-24 px-nof-16\">DR:n mukaan ainakin kahdeksan puolueen ja Copenhagen Post -verkkomedian sivut takkuilivat verkkohy\u00f6kk\u00e4yksen takia. Hakkerit itse sanoivat my\u00f6s DR:n joutuneen kohteeksi, mutta sen sivut toimivat ainakin maanantaina iltap\u00e4iv\u00e4ll\u00e4 normaalisti.<\/p>\n<p class=\"article-body mb-nof-24 px-nof-16\">Tanskan varautumisministeri sanoi DR:n mukaan suhtautuvansa kyberuhkaan eritt\u00e4in vakavasti mutta lis\u00e4si, ettei vaalien onnistumisesta tiistaina tarvitse olla huolissaan.<\/p>\n<p class=\"article-body mb-nof-24 px-nof-16\">Uutistoimisto Ritzaun mukaan viime viikolla useat Tanskan kunnista joutuivat niin ik\u00e4\u00e4n verkkohy\u00f6kk\u00e4ysten kohteiksi.<\/p>\n<p class=\"article-body mb-nof-24 px-nof-16\"><a class=\"article-genericlink\" href=\"https:\/\/www.bloomberg.com\/news\/articles\/2025-07-16\/pro-russian-hacktivist-group-disrupted-by-european-authorities\" rel=\"nofollow noopener\" target=\"_blank\">Bloombergin mukaan<\/a> kyseinen hakkeriryhm\u00e4 on ilmoittautunut jo yli 1\u2009500 palvelunestohy\u00f6kk\u00e4yksen tekij\u00e4ksi sen j\u00e4lkeen, kun Ven\u00e4j\u00e4 k\u00e4ynnisti laajamittaisen sotansa Ukrainassa helmikuussa 2022. Ryhm\u00e4 on tehnyt hy\u00f6kk\u00e4yksi\u00e4 Ukrainan liittolaisten sek\u00e4 Nato-maiden valtiollisten ja muiden palvelujen sivustoille.<\/p>\n<p class=\"article-body mb-nof-24 px-nof-16\">Samainen ryhm\u00e4 oli t\u00e4n\u00e4 syksyn\u00e4 my\u00f6s Suomen puolustusministeri\u00f6\u00f6n tehdyn palvelunestohy\u00f6kk\u00e4yksen takana. Viime huhtikuussa ryhm\u00e4 teki palvelunestohy\u00f6kk\u00e4yksi\u00e4 muun muassa suomalaisten eduskuntapuolueiden verkkosivustoille sek\u00e4 vaaleihin liittyville vaalit.fi- sek\u00e4 \u00e4\u00e4nestyspaikat.fi-sivustoille. Hy\u00f6kk\u00e4ysten ryhm\u00e4 sanoi liittyv\u00e4n siihen, ett\u00e4 presidentti <a class=\"article-personlink\" href=\"https:\/\/www.is.fi\/haku\/?query=Alexander%20Stubb\" rel=\"nofollow noopener\" target=\"_blank\">Alexander Stubb <\/a>oli ehdottanut aselepoa Ukrainaan.<\/p>\n<p class=\"article-body mb-nof-24 px-nof-16\">Ryhm\u00e4 vannoo X:ss\u00e4 kunniaa Ven\u00e4j\u00e4lle ja perustelee hy\u00f6kk\u00e4yksi\u00e4\u00e4n eri maihin muun muassa sill\u00e4, ett\u00e4 n\u00e4m\u00e4 tukevat Ukrainaa.<\/p>\n<p class=\"article-body mb-nof-24 px-nof-16\">Yhdysvaltalaisen <a class=\"article-genericlink\" href=\"https:\/\/www.csis.org\/analysis\/how-cyber-alliance-took-down-russian-cybercrime\" rel=\"nofollow noopener\" target=\"_blank\">ajatushautomo CSIS:n mukaan<\/a> ryhm\u00e4n toiminta on esimerkki siit\u00e4, kuinka Ven\u00e4j\u00e4 k\u00e4ytt\u00e4\u00e4 hybridisodank\u00e4ynti\u00e4 pyrkiess\u00e4\u00e4n heikent\u00e4m\u00e4\u00e4n Ukrainalle annettavaa tukea sek\u00e4 horjuttamaan Yhdysvaltoja ja sen liittolaisia.<\/p>\n<p class=\"article-body mb-nof-24 px-nof-16\">EU:n viranomaiset kertoivat hein\u00e4kuussa l\u00e4nsimaiden onnistuneen iskem\u00e4\u00e4n takaisin ryhm\u00e4\u00e4 vastaan. My\u00f6s Suomen poliisi osallistui kyseiseen kansainv\u00e4liseen yhteisoperaatioon, keskusrikospoliisi (KRP) kertoi.<\/p>\n<p class=\"article-body mb-nof-24 px-nof-16\">Vastaavanlaisia hakkeriryhmi\u00e4 on Ven\u00e4j\u00e4n palveluksessa kuitenkin useita muitakin.<\/p>\n<p class=\"article-body mb-nof-24 px-nof-16\">Ven\u00e4j\u00e4n on lis\u00e4ksi ep\u00e4ilty harjoittaneen viime aikoina eri Euroopan maissa laajamittaista droonih\u00e4irint\u00e4\u00e4, my\u00f6s Tanskassa.<\/p>\n<p class=\"article-body mb-nof-24 px-nof-16\">Tanskan p\u00e4\u00e4ministeri <a class=\"article-personlink\" href=\"https:\/\/www.is.fi\/haku\/?query=Mette%20Frederiksen\" rel=\"nofollow noopener\" target=\"_blank\">Mette Frederiksen<\/a> sanoi syyskuussa, ett\u00e4 Tanska on joutunut hybridisodan kohteeksi ja ett\u00e4 Euroopan turvallisuuden p\u00e4\u00e4asiallinen uhka tulee Ven\u00e4j\u00e4lt\u00e4. Ven\u00e4j\u00e4 itse kiisti osallisuutensa Tanskan droonih\u00e4irint\u00e4\u00e4n.<\/p>\n<p class=\"article-body mb-nof-24 px-nof-16\">Useat muutkin maat ymp\u00e4ri Eurooppaa, kuten Belgia, Norja ja Saksa, joutuivat t\u00e4n\u00e4 syksyn\u00e4 sulkemaan v\u00e4liaikaisesti lentokentti\u00e4\u00e4n ep\u00e4ilytt\u00e4vien droonihavaintojen takia, ja drooneja on lenn\u00e4tetty my\u00f6s sotilaskohteiden yll\u00e4. Sotilasliitto Nato on vahvistanut valvontaa It\u00e4merell\u00e4 droonih\u00e4irinn\u00e4n vuoksi.<\/p>\n","protected":false},"excerpt":{"rendered":"Tekij\u00e4ksi ilmoittautui tunnettu Ven\u00e4j\u00e4-mielinen hakkeriverkosto, joka on tehnyt iskuja my\u00f6s Suomessa. Tanskassa useiden puolueiden verkkosivuille hy\u00f6k\u00e4ttiin maanantaina ennen&hellip;\n","protected":false},"author":2,"featured_media":1024,"comment_status":"","ping_status":"","sticky":false,"template":"","format":"standard","meta":{"footnotes":""},"categories":[14],"tags":[22,23,26,27,33,31,30,17,34,24,25,28,29,15,18,21,32,19,20,56,16,59,60,61],"class_list":{"0":"post-92731","1":"post","2":"type-post","3":"status-publish","4":"format-standard","5":"has-post-thumbnail","7":"category-ulkomaat","8":"tag-breaking-news","9":"tag-breakingnews","10":"tag-featured-news","11":"tag-featurednews","12":"tag-fi","13":"tag-finland","14":"tag-finnish","15":"tag-headlines","16":"tag-ilta-sanomat","17":"tag-latest-news","18":"tag-latestnews","19":"tag-main-news","20":"tag-mainnews","21":"tag-news","22":"tag-otsikot","23":"tag-paauutiset","24":"tag-suomi","25":"tag-top-stories","26":"tag-topstories","27":"tag-ulkomaat","28":"tag-uutiset","29":"tag-world","30":"tag-world-news","31":"tag-worldnews"},"share_on_mastodon":{"url":"https:\/\/pubeurope.com\/@fi\/115566457958039229","error":""},"_links":{"self":[{"href":"https:\/\/www.europesays.com\/fi\/wp-json\/wp\/v2\/posts\/92731","targetHints":{"allow":["GET"]}}],"collection":[{"href":"https:\/\/www.europesays.com\/fi\/wp-json\/wp\/v2\/posts"}],"about":[{"href":"https:\/\/www.europesays.com\/fi\/wp-json\/wp\/v2\/types\/post"}],"author":[{"embeddable":true,"href":"https:\/\/www.europesays.com\/fi\/wp-json\/wp\/v2\/users\/2"}],"replies":[{"embeddable":true,"href":"https:\/\/www.europesays.com\/fi\/wp-json\/wp\/v2\/comments?post=92731"}],"version-history":[{"count":0,"href":"https:\/\/www.europesays.com\/fi\/wp-json\/wp\/v2\/posts\/92731\/revisions"}],"wp:featuredmedia":[{"embeddable":true,"href":"https:\/\/www.europesays.com\/fi\/wp-json\/wp\/v2\/media\/1024"}],"wp:attachment":[{"href":"https:\/\/www.europesays.com\/fi\/wp-json\/wp\/v2\/media?parent=92731"}],"wp:term":[{"taxonomy":"category","embeddable":true,"href":"https:\/\/www.europesays.com\/fi\/wp-json\/wp\/v2\/categories?post=92731"},{"taxonomy":"post_tag","embeddable":true,"href":"https:\/\/www.europesays.com\/fi\/wp-json\/wp\/v2\/tags?post=92731"}],"curies":[{"name":"wp","href":"https:\/\/api.w.org\/{rel}","templated":true}]}}