{"id":92738,"date":"2025-11-17T18:40:42","date_gmt":"2025-11-17T18:40:42","guid":{"rendered":"https:\/\/www.europesays.com\/fi\/92738\/"},"modified":"2025-11-17T18:40:42","modified_gmt":"2025-11-17T18:40:42","slug":"tietoturvaltaan-vaaralliset-laitteet-voidaan-poistaa-myynnista-ensi-vuonna","status":"publish","type":"post","link":"https:\/\/www.europesays.com\/fi\/92738\/","title":{"rendered":"Tietoturvaltaan vaaralliset laitteet voidaan poistaa myynnist\u00e4 ensi vuonna"},"content":{"rendered":"<p>Tietoturvattomat laitteet voidaan jatkossa poistaa v\u00e4kisin myynnist\u00e4. Viranomainen hoputtaa kauppiaita valmistautumaan nyt.<\/p>\n<p class=\"article-body mb-nof-24 px-nof-16\">1. elokuuta vuonna 2024 on merkitt\u00e4v\u00e4 p\u00e4iv\u00e4 elektroniikkaa ostavien kuluttajien kannalta. T\u00e4st\u00e4 p\u00e4iv\u00e4st\u00e4 l\u00e4htien tietoturvavaatimusten vastaiset laitteet voidaan lain nojalla poistaa myynnist\u00e4.<\/p>\n<p class=\"article-body mb-nof-24 px-nof-16\">Liikenne- ja viestint\u00e4virasto Traficomin <a class=\"article-genericlink\" href=\"https:\/\/www.kyberturvallisuuskeskus.fi\/fi\/ajankohtaista\/alylaitteiden-heikko-tietoturva-saantelylla-kuriin\" rel=\"nofollow noopener\" target=\"_blank\">Kyberturvallisuuskeskus kertoo<\/a>, ett\u00e4 taustalla on Euroopan unionin radiolaitedirektiivi, jonka siirtym\u00e4kausi on menossa. Keskus mainitsee laitteiden tyypillisen\u00e4 ongelmana oletuksena heikot salasanat ja tietoja suojaavan salauksen puuttumisen.<\/p>\n<p class=\"article-body mb-nof-24 px-nof-16\">Tietoturvavaatimuksia sovelletaan esimerkiksi internetiin liitett\u00e4viin laitteisiin, leluihin, lastenhoitoon liittyviin laitteisiin ja p\u00e4\u00e4lle puettaviin laitteisiin. K\u00e4ytt\u00e4jien yksityisyyden suojaamisen ohella vaatimusten odotetaan est\u00e4v\u00e4n rahaa tavoittelevia petoksia, joissa hy\u00f6dynnet\u00e4\u00e4n verkkoon liitettyj\u00e4 laitteita.<\/p>\n<p class=\"article-body mb-nof-24 px-nof-16\">Tietoturvaongelmaa on pahentanut internet-yhteyden lis\u00e4\u00e4minen useisiin sellaisiin laitteisiin, joissa sellaista ei perinteisesti ole ollut. T\u00e4llaisia laitteita ovat vaikkapa kodin \u00e4lykk\u00e4\u00e4t valaisimet, kodinkoneet tai lukuisat erilaiset lasten lelut. Valmistajilla puolestaan ei aina ole ollut osaamista tai halukkuutta huolehtia tietoturvasta.<\/p>\n<p class=\"article-body mb-nof-24 px-nof-16\">Seurauksena laitteet on muun muassa ollut mahdollista kaapata osaksi niin sanottuja bottiverkkoja, joilla voidaan toteuttaa hy\u00f6kk\u00e4yksi\u00e4 muita kohteita vastaan.<\/p>\n<p class=\"article-body mb-nof-24 px-nof-16\">Ongelmasta saatiin hyv\u00e4 esimerkki \u00e4skett\u00e4in, kun Suomesta paljastui 1\u202f300 kappaletta myyty vaarallinen webbikamera. Se on valjastettavissa niin salakatselulaitteeksi kuin palvelunestohy\u00f6kk\u00e4yksi\u00e4 tekev\u00e4n bottiverkon osaksi.<\/p>\n<p class=\"article-body mb-nof-24 px-nof-16\">Lue lis\u00e4\u00e4: <a class=\"article-genericlink\" href=\"https:\/\/www.is.fi\/digitoday\/tietoturva\/art-2000009329861.html\" rel=\"nofollow noopener\" target=\"_blank\">Kommentti: Sika s\u00e4kiss\u00e4 satasella \u2013 meill\u00e4 on polttava ongelma netti\u00adlaitteiden kanssa<\/a><\/p>\n<p><img decoding=\"async\" src=\"https:\/\/www.europesays.com\/fi\/wp-content\/uploads\/2025\/11\/1763404842_396_468.jpg\" alt=\"T\u00e4m\u00e4 webbikamera on yksi tuoreimmista esimerkeist\u00e4, mit\u00e4 vaarallisiin tuotteisiin tulee.\" class=\"_Img_1rerz_1\" style=\"aspect-ratio:1.2467532467532467\" loading=\"eager\"\/><\/p>\n<p class=\"article-picture-caption\">T\u00e4m\u00e4 webbikamera on yksi tuoreimmista esimerkeist\u00e4, mit\u00e4 vaarallisiin tuotteisiin tulee. Kuva:\u00a0Jarkko Vesiluoma<\/p>\n<p class=\"article-body mb-nof-24 px-nof-16\">Tapaus ei kuitenkaan ole ainutlaatuinen. Ottaessaan verkkoon kytkeytyv\u00e4n laitteen k\u00e4ytt\u00f6\u00f6n meist\u00e4 jokainen on ollut toistaiseksi laitteen toimittajan armoilla. 1.8.2024 t\u00e4m\u00e4n toivotaan muuttuvan.<\/p>\n<p class=\"article-body mb-nof-24 px-nof-16\">Viranomaisen mukaan valmistajien, maahantuojien ja myyjien ei tule kuitenkaan aikailla, vaan niiden pit\u00e4\u00e4 varmistaa tuotteiden tietoturvataso heti. Siirtym\u00e4ajan p\u00e4\u00e4tytty\u00e4 Traficom valvoo uusien vaatimusten noudattamista, ja s\u00e4\u00e4d\u00f6ksen vastaiset laitteet voidaan tarvittaessa poistaa markkinoilta.<\/p>\n<p class=\"article-body mb-nof-24 px-nof-16\">Iso osa ongelmaa on ohjelmistop\u00e4ivitysten usein heikko tai olematon saatavuus. Laitteissa voi olla haavoittuvuuksia, jotka huomataan vasta myyntiin tulon j\u00e4lkeen. Aina laitteet eiv\u00e4t kuitenkaan sis\u00e4ll\u00e4 edes p\u00e4ivitysmekanismia, joka mahdollistaisi korjausten toimittamisen. P\u00e4ivitykset my\u00f6s usein loppuvat ennen laitteen k\u00e4ytt\u00f6i\u00e4n p\u00e4\u00e4ttymist\u00e4.<\/p>\n<p class=\"article-body mb-nof-24 px-nof-16\">Lue lis\u00e4\u00e4: <a class=\"article-genericlink\" href=\"https:\/\/www.is.fi\/digitoday\/tietoturva\/art-2000009226112.html\" rel=\"nofollow noopener\" target=\"_blank\">Tietoturva\u00adyhti\u00f6: N\u00e4it\u00e4 sovelluksia hakkeroidaan ensi vuonna<\/a><\/p>\n<p class=\"article-body mb-nof-24 px-nof-16\">P\u00e4ivitysten pulmaan radiolaitedirektiivist\u00e4 ei ole apua. EU:ssa muhii kuitenkin toinen lakialoite, joka puuttuisi nimenomaan ohjelmistop\u00e4ivitysten saatavuuteen. Tavoitteena on esimerkiksi pakottaa puhelinvalmistajat tarjoamaan tietoturvap\u00e4ivityksi\u00e4 5 vuoden ajan lukien siit\u00e4 hetkest\u00e4, jolloin tuote poistuu markkinoilta. Eli jos puhelin on myynniss\u00e4 2 vuotta, tuen kaari olisi v\u00e4hint\u00e4\u00e4n 7 vuotta.<\/p>\n<p class=\"article-body mb-nof-24 px-nof-16\">Lue lis\u00e4\u00e4: <a class=\"article-genericlink\" href=\"https:\/\/www.is.fi\/digitoday\/mobiili\/art-2000009051401.html\" rel=\"nofollow noopener\" target=\"_blank\">EU suunnittelee isoja muutoksia puhelimiin<\/a><\/p>\n<p class=\"article-body mb-nof-24 px-nof-16\">Jo nyky\u00e4\u00e4n tuotteille on voinut hakea Traficomin vapaaehtoista Tietoturvamerkki\u00e4. Se voidaan my\u00f6nt\u00e4\u00e4 tuotteelle, joka t\u00e4ytt\u00e4\u00e4 Kyberturvallisuuskeskuksen n\u00e4kemyksen kuluttajatuotteen tietoturvan hyv\u00e4st\u00e4 perustasosta.<\/p>\n<p class=\"article-body mb-nof-24 px-nof-16\">Ongelma on siin\u00e4, ett\u00e4 tietoturvamerkattuja tuotteita ei ole montaa. Merkkej\u00e4 on my\u00f6nnetty 25 kappaletta, joista kaksi on jo k\u00e4yt\u00f6st\u00e4 poistuneilla Koronavilkulla ja Koronatodistuksen lukijalla.<\/p>\n<p class=\"article-body mb-nof-24 px-nof-16\">Toistaiseksi kuluttajien kannattaa viel\u00e4 muistaa pari nyrkkis\u00e4\u00e4nt\u00f6\u00e4 ennen elektroniikan ostamista:<\/p>\n<ul class=\"mb-nof-16 px-nof-16 article-unordered-list unordered-list\">\n<li class=\"unordered-list-item\">\n<p class=\"article-body\">Kysy myyj\u00e4lt\u00e4, kauanko laite saa p\u00e4ivityksi\u00e4 tai milloin viimeisin sellainen on tullut.<\/p>\n<\/li>\n<li class=\"unordered-list-item\">\n<p class=\"article-body\">Googlaa kiinnostava laite etuk\u00e4teen. L\u00f6ytyyk\u00f6 netist\u00e4 oikeita testiartikkeleita, ei pelk\u00e4st\u00e4\u00e4n mahdollisesti tekaistuja viiden t\u00e4hden ostoarvosteluita?<\/p>\n<\/li>\n<li class=\"unordered-list-item\">\n<p class=\"article-body\">Oletko kuullut valmistajasta aikaisemmin? Tunnetko jonkun tyytyv\u00e4isen k\u00e4ytt\u00e4j\u00e4n?<\/p>\n<\/li>\n<\/ul>\n","protected":false},"excerpt":{"rendered":"Tietoturvattomat laitteet voidaan jatkossa poistaa v\u00e4kisin myynnist\u00e4. Viranomainen hoputtaa kauppiaita valmistautumaan nyt. 1. elokuuta vuonna 2024 on merkitt\u00e4v\u00e4&hellip;\n","protected":false},"author":2,"featured_media":92739,"comment_status":"","ping_status":"","sticky":false,"template":"","format":"standard","meta":{"footnotes":""},"categories":[86],"tags":[420,33,31,30,34,421,32,91,92],"class_list":{"0":"post-92738","1":"post","2":"type-post","3":"status-publish","4":"format-standard","5":"has-post-thumbnail","7":"category-laitteet","8":"tag-equipment","9":"tag-fi","10":"tag-finland","11":"tag-finnish","12":"tag-ilta-sanomat","13":"tag-laitteet","14":"tag-suomi","15":"tag-technology","16":"tag-teknologia"},"share_on_mastodon":{"url":"https:\/\/pubeurope.com\/@fi\/115566505176397403","error":""},"_links":{"self":[{"href":"https:\/\/www.europesays.com\/fi\/wp-json\/wp\/v2\/posts\/92738","targetHints":{"allow":["GET"]}}],"collection":[{"href":"https:\/\/www.europesays.com\/fi\/wp-json\/wp\/v2\/posts"}],"about":[{"href":"https:\/\/www.europesays.com\/fi\/wp-json\/wp\/v2\/types\/post"}],"author":[{"embeddable":true,"href":"https:\/\/www.europesays.com\/fi\/wp-json\/wp\/v2\/users\/2"}],"replies":[{"embeddable":true,"href":"https:\/\/www.europesays.com\/fi\/wp-json\/wp\/v2\/comments?post=92738"}],"version-history":[{"count":0,"href":"https:\/\/www.europesays.com\/fi\/wp-json\/wp\/v2\/posts\/92738\/revisions"}],"wp:featuredmedia":[{"embeddable":true,"href":"https:\/\/www.europesays.com\/fi\/wp-json\/wp\/v2\/media\/92739"}],"wp:attachment":[{"href":"https:\/\/www.europesays.com\/fi\/wp-json\/wp\/v2\/media?parent=92738"}],"wp:term":[{"taxonomy":"category","embeddable":true,"href":"https:\/\/www.europesays.com\/fi\/wp-json\/wp\/v2\/categories?post=92738"},{"taxonomy":"post_tag","embeddable":true,"href":"https:\/\/www.europesays.com\/fi\/wp-json\/wp\/v2\/tags?post=92738"}],"curies":[{"name":"wp","href":"https:\/\/api.w.org\/{rel}","templated":true}]}}