{"id":92751,"date":"2025-11-17T18:54:09","date_gmt":"2025-11-17T18:54:09","guid":{"rendered":"https:\/\/www.europesays.com\/fi\/92751\/"},"modified":"2025-11-17T18:54:09","modified_gmt":"2025-11-17T18:54:09","slug":"yhdysvallat-varoittaa-ikuisen-konfliktin-jatkuvan-jos-turvallisuusneuvosto-ei-tue-gaza-suunnitelmaa","status":"publish","type":"post","link":"https:\/\/www.europesays.com\/fi\/92751\/","title":{"rendered":"Yhdysvallat varoittaa \u201dikuisen konfliktin\u201d jatkuvan, jos turvallisuusneuvosto ei tue Gaza-suunnitelmaa"},"content":{"rendered":"<p>Gaza|Turvallisuusneuvostolta haetaan selk\u00e4nojaa Trumpin hallinnon Gazan rauhan\u00adsuunnitelmalle maanantaina pidett\u00e4v\u00e4ss\u00e4 \u00e4\u00e4nestyksess\u00e4.<\/p>\n<p>Lue tiivistelm\u00e4<\/p>\n<p>Tiivistelm\u00e4 on teko\u00e4lyn tekem\u00e4 ja ihmisen tarkistama.<\/p>\n<p class=\"article-body mb-nof-24 px-nof-16 sndp-summary-bullet-point-font\">YK:n turvallisuusneuvosto \u00e4\u00e4nest\u00e4\u00e4 maanantaina p\u00e4\u00e4t\u00f6slauselmasta, joka perustuu presidentti Donald Trumpin Gazan rauhansuunnitelmaan.<\/p>\n<p class=\"article-body mb-nof-24 px-nof-16 sndp-summary-bullet-point-font\">Yhdysvallat on varoittanut, ett\u00e4 ilman turvallisuusneuvoston tukea \u201dikuinen konflikti\u201d jatkuu.<\/p>\n<p class=\"article-body mb-nof-24 px-nof-16 sndp-summary-bullet-point-font\">L\u00e4hi-id\u00e4n tutkimuksen professori Hannu Juusola arvioi, ett\u00e4 p\u00e4\u00e4t\u00f6slauselma on v\u00e4ltt\u00e4m\u00e4t\u00f6n askel rauhansuunnitelman kansainv\u00e4lisen oikeudellisen pohjan vahvistamiseksi.<\/p>\n<p class=\"article-body mb-nof-24 px-nof-16\">YK:n turvallisuusneuvoston on m\u00e4\u00e4r\u00e4 kokoontua maanantaina \u00e4\u00e4nest\u00e4m\u00e4\u00e4n Gazan tulevaisuuteen liittyv\u00e4st\u00e4 p\u00e4\u00e4t\u00f6slauselmasta.<\/p>\n<p class=\"article-body mb-nof-24 px-nof-16\">P\u00e4\u00e4t\u00f6slauselman pohjana on presidentti <a class=\"article-personlink\" href=\"https:\/\/www.hs.fi\/haku\/?query=Donald%20Trumpin\" rel=\"nofollow noopener\" target=\"_blank\">Donald Trumpin<\/a> rauhansuunnitelma, joka <a class=\"article-genericlink\" href=\"https:\/\/www.hs.fi\/maailma\/art-2000011527188.html\" rel=\"nofollow noopener\" target=\"_blank\">julkaistiin<\/a> aiemmin syksyll\u00e4.<\/p>\n<p class=\"article-body mb-nof-24 px-nof-16\">Turvallisuusneuvostolta odotetaan tukea muun muassa \u201drauhanneuvoston\u201d perustamiseen sek\u00e4 kansainv\u00e4listen vakautusjoukkojen (ISF) muodostamiseen.<\/p>\n<p class=\"article-body mb-nof-24 px-nof-16\">Rauhanneuvoston teht\u00e4v\u00e4n\u00e4 olisi valvoa Gazaan perustettavaa v\u00e4liaikaista hallintoa.<\/p>\n<p class=\"article-body mb-nof-24 px-nof-16\">V\u00e4h\u00e4n yli kuukauden kest\u00e4nyt tulitauko Gazassa on hauras. Israel ja \u00e4\u00e4rij\u00e4rjest\u00f6 Hamas ovat vuorotelleen syytt\u00e4neet toisiaan tulitauon rikkomisesta. Turvallisuusneuvostolta haetaan vahvempaa selk\u00e4nojaa rauhansuunnitelmalle. Samaan aikaan viime p\u00e4ivin\u00e4 on uutisoitu Gazan mahdollisesta v\u00e4liaikaisesta jakautumisesta kahtia.<\/p>\n<p class=\"article-body mb-nof-24 px-nof-16\">Miksi turvallisuusneuvoston \u00e4\u00e4nestys on merkitt\u00e4v\u00e4?<\/p>\n<p class=\"article-body mb-nof-24 px-nof-16\">P\u00e4\u00e4t\u00f6slauselman sanamuodoista on mit\u00e4 luultavammin k\u00e4ynniss\u00e4 kova v\u00e4\u00e4nt\u00f6.<\/p>\n<p class=\"article-body mb-nof-24 px-nof-16\">Jos p\u00e4\u00e4t\u00f6slauselmasta p\u00e4\u00e4st\u00e4\u00e4n sopuun, lopputulos tuskin miellytt\u00e4\u00e4 kumpaakaan osapuolta eli Israelia tai Hamasta, arvioi L\u00e4hi-id\u00e4n tutkimuksen professori <a class=\"article-personlink\" href=\"https:\/\/www.hs.fi\/haku\/?query=Hannu%20Juusola.\" rel=\"nofollow noopener\" target=\"_blank\">Hannu Juusola.<\/a><\/p>\n<p class=\"article-body mb-nof-24 px-nof-16\">H\u00e4nen mukaansa turvallisuusneuvoston p\u00e4\u00e4t\u00f6slauselma on v\u00e4ltt\u00e4m\u00e4t\u00f6n askel, jos rauhansuunnitelmalle halutaan saada edes v\u00e4h\u00e4n kansainv\u00e4lisoikeudellista n\u00e4k\u00f6kulmaa.<\/p>\n<p class=\"article-body mb-nof-24 px-nof-16\">P\u00e4\u00e4t\u00f6slauselma veisi edes jonkin verran pois Trumpin rauhansuunnitelman \u201dkolonialistista henke\u00e4\u201d, Juusola sanoo.<\/p>\n<p class=\"article-body mb-nof-24 px-nof-16\">Se ei kuitenkaan tule ratkaisemaan valtavia m\u00e4\u00e4ri\u00e4 yksityiskohtia, joihin rauhansuunnitelma ei ota yksiselitteist\u00e4 kantaa ja jotka edellinen vaativat ratkaisua.<\/p>\n<p class=\"article-body mb-nof-24 px-nof-16\">Kyseess\u00e4 on ainakin jossain m\u00e4\u00e4rin k\u00e4denojennus Trumpin hallinnolta arabivaltioille ja turvallisuusneuvoston j\u00e4senmaille, jotka ovat vaatineet YK:n osallisuutta.<\/p>\n<p class=\"article-body mb-nof-24 px-nof-16\">Yhdysvallat on vaatinut p\u00e4\u00e4t\u00f6slauselmaan hyv\u00e4ksynt\u00e4\u00e4. Muuten \u201dikuinen konflikti\u201d sen mukaan jatkuu.<\/p>\n<p class=\"article-body mb-nof-24 px-nof-16\">Mink\u00e4laisen roolin kansainv\u00e4liset joukot Gazassa saavat?<\/p>\n<p class=\"article-body mb-nof-24 px-nof-16\">P\u00e4\u00e4t\u00f6slauselman odotetaan m\u00e4\u00e4ritt\u00e4v\u00e4n voimank\u00e4yt\u00f6n raamit, Juusola sanoo. K\u00e4yt\u00e4nn\u00f6ss\u00e4 t\u00e4m\u00e4 tarkoittaa esimerkiksi sit\u00e4, m\u00e4\u00e4ritell\u00e4\u00e4nk\u00f6 kansainv\u00e4liset joukot rauhaanpakottajiksi vai rauhanturvaajiksi.<\/p>\n<p class=\"article-body mb-nof-24 px-nof-16\">Uutistoimisto AFP kertoi sunnuntaina, ett\u00e4 viimeisimm\u00e4n luonnoksen mukaan kansainv\u00e4listen joukkojen olisi m\u00e4\u00e4r\u00e4 ty\u00f6skennell\u00e4 Israelin, Egyptin ja vastik\u00e4\u00e4n koulutetun palestiinalaispoliisin kanssa auttaakseen rajojen turvaamisessa ja Gazan demilitarisoinnissa.<\/p>\n<p class=\"article-body mb-nof-24 px-nof-16\">Useat maat, jotka ovat olleet mahdollisesti valmiita l\u00e4hett\u00e4m\u00e4\u00e4n joukkojaan Gazaan, ovat suhtautuneet kielteisesti rooliin rauhaanpakottajina. Teht\u00e4v\u00e4 olisi riskialtis ja vaarallinen.<\/p>\n<p class=\"article-body mb-nof-24 px-nof-16\">Hamas on suhtautunut my\u00f6nteisesti jonkinlaiseen asteittaiseen aseistariisuntaan, mutta j\u00e4rjest\u00f6 ei ole edelleenk\u00e4\u00e4n luvannut luopua kaikista aseistaan.<\/p>\n<p class=\"article-body mb-nof-24 px-nof-16\">J\u00e4rjest\u00f6 ei my\u00f6sk\u00e4\u00e4n hyv\u00e4ksy kansainv\u00e4listen joukkojen l\u00e4sn\u00e4oloa, jos ne eiv\u00e4t toimi yhteisty\u00f6ss\u00e4 palestiinalaisten instituutioiden kanssa, israelilaislehti The Times of Israel <a class=\"article-genericlink\" href=\"https:\/\/www.timesofisrael.com\/liveblog_entry\/hamas-rejects-dangerous-us-proposal-at-un-for-gaza-stabilization-force\/\" rel=\"nofollow noopener\" target=\"_blank\">kertoo<\/a>. Hamasin mukaan kansainv\u00e4listen joukkojen tulisi toimia suoraan YK:n alaisuudessa, ja miehitt\u00e4j\u00e4ll\u00e4 eli Israelilla ei tulisi olla siin\u00e4 mit\u00e4\u00e4n roolia.<\/p>\n<p class=\"article-body mb-nof-24 px-nof-16\">Juusolan mukaan Israel ei my\u00f6sk\u00e4\u00e4n tule helpolla nielem\u00e4\u00e4n kansainv\u00e4listen joukkojen l\u00e4sn\u00e4oloa Gazassa.<\/p>\n<p class=\"article-body mb-nof-24 px-nof-16\">T\u00e4ll\u00f6in Israelin pit\u00e4\u00e4 luopua palestiinalaisten t\u00e4ydest\u00e4 kontrollista ja my\u00f6s rajoittaa omaa voimak\u00e4ytt\u00f6\u00e4\u00e4n. Vastaavaan Israel ei ole aiemmin ollut suostuvainen, Juusola sanoo.<\/p>\n<p class=\"article-body mb-nof-24 px-nof-16\">Mit\u00e4 p\u00e4\u00e4t\u00f6slauselma sanoo Palestiinan valtiosta?<\/p>\n<p class=\"article-body mb-nof-24 px-nof-16\">Tuoreimmassa p\u00e4\u00e4t\u00f6slauselman luonnoksessa mainitaan itsen\u00e4isen Palestiinan valtion mahdollisuus tulevaisuudessa, AFP kertoi sunnuntaina. Israel on vastustanut t\u00e4t\u00e4 koko ajan.<\/p>\n<p class=\"article-body mb-nof-24 px-nof-16\">Turvallisuusneuvoston pysyv\u00e4 j\u00e4senmaa Ven\u00e4j\u00e4 on muun muassa vaatinut pontevampaa sitoutumista Palestiinan valtion perustamiseen.<\/p>\n<p class=\"article-body mb-nof-24 px-nof-16\">Juusola arvioi, ett\u00e4 Trumpin hallinto on yritt\u00e4nyt nyt l\u00f6yt\u00e4\u00e4 pienimm\u00e4n yhteisen nimitt\u00e4j\u00e4n Palestiinan tulevaisuudesta: sellaisen, mik\u00e4 tyydytt\u00e4isi Israelia, arabivaltioita sek\u00e4 Ven\u00e4j\u00e4\u00e4 ja Kiinaa.<\/p>\n<p class=\"article-body mb-nof-24 px-nof-16\">Vaikka p\u00e4\u00e4t\u00f6slauselma hyv\u00e4ksytt\u00e4isiin, se ei kuitenkaan poista Trumpin rauhan\u00adsuunnitelman suurinta ongelmaa eli sit\u00e4, ettei sill\u00e4 ole palestiinalaisten siunausta eik\u00e4 se anna palestiinalaisille kunnon roolia, Juusola sanoo.<\/p>\n<p class=\"article-body mb-nof-24 px-nof-16\">Onko Gaza jakautumassa kahtia?<\/p>\n<p class=\"article-body mb-nof-24 px-nof-16\">Brittilehti The Guardian uutisoi l\u00e4hteidens\u00e4 ja k\u00e4siins\u00e4 saamiensa asiakirjojen pohjalta <a class=\"article-genericlink\" href=\"https:\/\/www.theguardian.com\/world\/2025\/nov\/14\/us-military-plan-divided-gaza-green-zone\" rel=\"nofollow noopener\" target=\"_blank\">viime viikolla, <\/a>ett\u00e4 Yhdysvallat suunnittelee Gazan kaistan pitk\u00e4aikaista jakamista kahtia vihre\u00e4\u00e4n ja punaiseen vy\u00f6hykkeeseen.<\/p>\n<p class=\"article-body mb-nof-24 px-nof-16\">Kahtiajako noudattaisi niin kutsuttua keltaista linjaa, joka t\u00e4ll\u00e4 hetkell\u00e4 jakaa kaistan Israelin hallitsemaan ja Hamasin hallitsemaan alueeseen.<\/p>\n<p class=\"article-body mb-nof-24 px-nof-16\">Suunnitelman mukaan kansainv\u00e4liset joukot sek\u00e4 Israelin armeija olisivat l\u00e4sn\u00e4 vihre\u00e4ll\u00e4 vy\u00f6hykkeell\u00e4 ja siell\u00e4 my\u00f6s alkaisi j\u00e4lleenrakennus. Punainen vy\u00f6hyke sen sijaan j\u00e4tett\u00e4isiin raunioiksi.<\/p>\n<p class=\"article-body mb-nof-24 px-nof-16\">Palestiinalaisia n\u00e4in ollen houkuteltaisiin muuttamaan vihre\u00e4lle vy\u00f6hykkeelle.<\/p>\n<p class=\"article-body mb-nof-24 px-nof-16\">Virkamiesl\u00e4hteet kuitenkin sanoivat suunnitelmien muuttuvan koko ajan. He my\u00f6s painottivat, ett\u00e4 Gaza tullaan yhdist\u00e4m\u00e4\u00e4n uudelleen jossain vaiheessa. L\u00e4hteet eiv\u00e4t kuitenkaan maininneet, milloin n\u00e4in mahdollisesti tapahtuisi.<\/p>\n","protected":false},"excerpt":{"rendered":"Gaza|Turvallisuusneuvostolta haetaan selk\u00e4nojaa Trumpin hallinnon Gazan rauhan\u00adsuunnitelmalle maanantaina pidett\u00e4v\u00e4ss\u00e4 \u00e4\u00e4nestyksess\u00e4. Lue tiivistelm\u00e4 Tiivistelm\u00e4 on teko\u00e4lyn tekem\u00e4 ja ihmisen&hellip;\n","protected":false},"author":2,"featured_media":92752,"comment_status":"","ping_status":"","sticky":false,"template":"","format":"standard","meta":{"footnotes":""},"categories":[14],"tags":[22,23,26,27,33,31,30,17,46,24,25,28,29,15,18,21,32,19,20,56,16,59,60,61],"class_list":{"0":"post-92751","1":"post","2":"type-post","3":"status-publish","4":"format-standard","5":"has-post-thumbnail","7":"category-ulkomaat","8":"tag-breaking-news","9":"tag-breakingnews","10":"tag-featured-news","11":"tag-featurednews","12":"tag-fi","13":"tag-finland","14":"tag-finnish","15":"tag-headlines","16":"tag-helsingin-sanomat","17":"tag-latest-news","18":"tag-latestnews","19":"tag-main-news","20":"tag-mainnews","21":"tag-news","22":"tag-otsikot","23":"tag-paauutiset","24":"tag-suomi","25":"tag-top-stories","26":"tag-topstories","27":"tag-ulkomaat","28":"tag-uutiset","29":"tag-world","30":"tag-world-news","31":"tag-worldnews"},"share_on_mastodon":{"url":"https:\/\/pubeurope.com\/@fi\/115566560168781280","error":""},"_links":{"self":[{"href":"https:\/\/www.europesays.com\/fi\/wp-json\/wp\/v2\/posts\/92751","targetHints":{"allow":["GET"]}}],"collection":[{"href":"https:\/\/www.europesays.com\/fi\/wp-json\/wp\/v2\/posts"}],"about":[{"href":"https:\/\/www.europesays.com\/fi\/wp-json\/wp\/v2\/types\/post"}],"author":[{"embeddable":true,"href":"https:\/\/www.europesays.com\/fi\/wp-json\/wp\/v2\/users\/2"}],"replies":[{"embeddable":true,"href":"https:\/\/www.europesays.com\/fi\/wp-json\/wp\/v2\/comments?post=92751"}],"version-history":[{"count":0,"href":"https:\/\/www.europesays.com\/fi\/wp-json\/wp\/v2\/posts\/92751\/revisions"}],"wp:featuredmedia":[{"embeddable":true,"href":"https:\/\/www.europesays.com\/fi\/wp-json\/wp\/v2\/media\/92752"}],"wp:attachment":[{"href":"https:\/\/www.europesays.com\/fi\/wp-json\/wp\/v2\/media?parent=92751"}],"wp:term":[{"taxonomy":"category","embeddable":true,"href":"https:\/\/www.europesays.com\/fi\/wp-json\/wp\/v2\/categories?post=92751"},{"taxonomy":"post_tag","embeddable":true,"href":"https:\/\/www.europesays.com\/fi\/wp-json\/wp\/v2\/tags?post=92751"}],"curies":[{"name":"wp","href":"https:\/\/api.w.org\/{rel}","templated":true}]}}