{"id":92753,"date":"2025-11-17T18:55:10","date_gmt":"2025-11-17T18:55:10","guid":{"rendered":"https:\/\/www.europesays.com\/fi\/92753\/"},"modified":"2025-11-17T18:55:10","modified_gmt":"2025-11-17T18:55:10","slug":"stubb-uskoo-belgian-suostuvan-venajan-jaadytettyjen-varojen-hyodyntamiseen","status":"publish","type":"post","link":"https:\/\/www.europesays.com\/fi\/92753\/","title":{"rendered":"Stubb uskoo Belgian suostuvan Ven\u00e4j\u00e4n j\u00e4\u00e4dytettyjen varojen hy\u00f6dynt\u00e4miseen"},"content":{"rendered":"<p>Ukrainan rahoitus|Ven\u00e4j\u00e4n j\u00e4\u00e4dytettyjen varojen k\u00e4ytt\u00e4mist\u00e4 vastustava Belgia on kasvavan paineen kohteena, sill\u00e4 p\u00e4\u00e4t\u00f6s Ukrainan tukipaketista tarvitaan pian.<\/p>\n<p class=\"article-body mb-nof-24 px-nof-16\">Bryssel<\/p>\n<p>Lue tiivistelm\u00e4<\/p>\n<p>Tiivistelm\u00e4 on teko\u00e4lyn tekem\u00e4 ja ihmisen tarkistama.<\/p>\n<p class=\"article-body mb-nof-24 px-nof-16 sndp-summary-bullet-point-font\">Tasavallan presidentti Alexander Stubb uskoo Belgiaan suostuvan Ven\u00e4j\u00e4n j\u00e4\u00e4dytettyjen varojen k\u00e4ytt\u00e4miseen Ukrainan tukemisessa.<\/p>\n<p class=\"article-body mb-nof-24 px-nof-16 sndp-summary-bullet-point-font\">EU:n suunnitelmassa j\u00e4\u00e4dytetyist\u00e4 varoista luotaisiin Ukrainalle satanelj\u00e4kymment\u00e4 miljardia euroa k\u00e4sitt\u00e4v\u00e4 laina.<\/p>\n<p class=\"article-body mb-nof-24 px-nof-16 sndp-summary-bullet-point-font\">Belgia vastustaa j\u00e4rjestely\u00e4, koska j\u00e4\u00e4dytetyt varat sijaitsevat Belgiaan rekister\u00f6idyn arvopaperikeskuksen tilill\u00e4 ja Belgia pelk\u00e4\u00e4 taloudellisia ja turvallisuusriskej\u00e4.<\/p>\n<p class=\"article-body mb-nof-24 px-nof-16 sndp-summary-bullet-point-font\">Stubb tapasi maanantaina Belgian p\u00e4\u00e4ministeri Bart De Weverin ja sanoo luottavansa, ett\u00e4 Belgia ei est\u00e4 p\u00e4\u00e4t\u00f6st\u00e4.<\/p>\n<p class=\"article-body mb-nof-24 px-nof-16\">Tasavallan presidentti <a class=\"article-personlink\" href=\"https:\/\/www.hs.fi\/haku\/?query=Alexander%20Stubb\" rel=\"nofollow noopener\" target=\"_blank\">Alexander Stubb<\/a> uskoo, ett\u00e4 EU-maat onnistuvat lopulta sopimaan Ven\u00e4j\u00e4n j\u00e4\u00e4dytettyjen varojen k\u00e4ytt\u00e4misest\u00e4 Ukrainan tukemiseksi Belgian jarruttelusta huolimatta. Stubb tapasi maanantaina Brysselin-vierailullaan Belgian p\u00e4\u00e4ministeri <a class=\"article-personlink\" href=\"https:\/\/www.hs.fi\/haku\/?query=Bart%20De%20Weverin\" rel=\"nofollow noopener\" target=\"_blank\">Bart De Weverin<\/a> ja sanoi keskustelun j\u00e4lkeen luottavansa siihen, ettei Belgia aio est\u00e4\u00e4 p\u00e4\u00e4t\u00f6st\u00e4.<\/p>\n<p class=\"article-body mb-nof-24 px-nof-16\">\u201dBelgia on yksi Euroopan unionin perustajamaista ja aina ollut yksi Euroopan unionin rakentavimmista maista. Itselleni j\u00e4i kuva, ett\u00e4 jossain vaiheessa t\u00e4h\u00e4n l\u00f6ytyy ratkaisu. Mutta sen ratkaisun on tietysti oltava sellainen, jossa my\u00f6s Belgia on mukana\u201d, Stubb sanoo.<\/p>\n<p class=\"article-body mb-nof-24 px-nof-16\">\u201dEuroopan unioni harvemmin kykenee tekem\u00e4\u00e4n optimaalisen, siis t\u00e4ydellisen p\u00e4\u00e4t\u00f6ksen, mutta kyll\u00e4 sielt\u00e4 joku p\u00e4\u00e4t\u00f6s jossain vaiheessa viel\u00e4 tulee.\u201d<\/p>\n<p class=\"article-body mb-nof-24 px-nof-16\">EU-maat ovat syksyn mittaan neuvotelleet j\u00e4rjestelyst\u00e4, jossa Ven\u00e4j\u00e4n keskuspankin j\u00e4\u00e4dytetyist\u00e4 varoista luotaisiin Ukrainalle 140 miljardin euron sotakorvauslaina, jonka Ukraina maksaisi takaisin vain siin\u00e4 tapauksessa, ett\u00e4 Ven\u00e4j\u00e4 lopettaa hy\u00f6kk\u00e4ys\u00adsotansa ja korvaa aiheuttamansa tuhot. EU-maiden johtajat eiv\u00e4t kuitenkaan onnistuneet sopimaan j\u00e4rjestelyst\u00e4 lokakuun huippukokouksessa Belgian vastustuksen vuoksi.<\/p>\n<p class=\"article-body mb-nof-24 px-nof-16\">J\u00e4\u00e4dytetyt varat sijaitsevat Belgiaan rekister\u00f6idyn arvopaperikeskus Euroclearin tilill\u00e4, ja Belgia pelk\u00e4\u00e4 j\u00e4rjestelyst\u00e4 aiheutuvia taloudellisia ja turvallisuusriskej\u00e4. De Wever on asettanut tiukat ehdot maansa suostumiselle j\u00e4rjestelyyn. Ennen kaikkea h\u00e4n on vaatinut muita EU-maita jakamaan j\u00e4rjestelyyn liittyvi\u00e4 riskej\u00e4.<\/p>\n<p class=\"article-body mb-nof-24 px-nof-16\">T\u00e4m\u00e4n viestin h\u00e4n toisti my\u00f6s Stubbille.<\/p>\n<p class=\"article-body mb-nof-24 px-nof-16\">\u201dJuridisista ja poliittisista syist\u00e4 Belgia ei halua joutua yksin vastuuseen siit\u00e4, ett\u00e4 Euroclearissa sijaitsevat j\u00e4\u00e4dytetyt varat k\u00e4ytett\u00e4isiin. Se on varmaan se suurin argumentti t\u00e4t\u00e4 vastaan\u201d, Stubb kertoo.<\/p>\n<p class=\"article-body mb-nof-24 px-nof-16\">Belgia on viime viikkoina k\u00e4ynyt intensiivisi\u00e4 neuvotteluita Euroopan komission ja muiden j\u00e4senmaiden kanssa. Monet EU-maat, my\u00f6s Suomi, katsovat, ett\u00e4 sotakorvauslaina on paras tapa vastata Ukrainan l\u00e4hivuosien rahoitustarpeisiin. Maan arvioidaan tarvitsevan kahden seuraavan vuoden aikana yli 130 miljardia euroa ulkopuolista rahoitusta.<\/p>\n<p class=\"article-body mb-nof-24 px-nof-16\">Stubbin mukaan tapaamisessa De Weverin kanssa ei kuitenkaan ollut kyse taivuttelusta.<\/p>\n<p class=\"article-body mb-nof-24 px-nof-16\">\u201dViestienviej\u00e4n\u00e4 en v\u00e4ltt\u00e4m\u00e4tt\u00e4 t\u00e4n\u00e4\u00e4n ollut, vaan enemm\u00e4n kuuntelijana, ja pystyn t\u00e4st\u00e4 sitten viestim\u00e4\u00e4n tuonne valtioneuvoston suuntaan, mik\u00e4 on Belgian tulokulma.\u201d<\/p>\n<p class=\"article-body mb-nof-24 px-nof-16\">P\u00e4\u00e4t\u00f6s Ukrainan rahoituksesta pit\u00e4isi tehd\u00e4 pian.<\/p>\n<p class=\"article-body mb-nof-24 px-nof-16\">Euroopan komission mukaan Ukraina tarvitsee ensimm\u00e4isen rahoituser\u00e4n uudesta tukipaketista jo maaliskuussa. Lis\u00e4ksi EU:n pit\u00e4\u00e4 p\u00e4\u00e4t\u00f6ksell\u00e4\u00e4n vakuutta Kansainv\u00e4linen valuuttarahasto IMF siit\u00e4, ett\u00e4 tuki Ukrainalle jatkuu. Se on edellytys sille, ett\u00e4 IMF voi my\u00f6nt\u00e4\u00e4 Ukrainalle uuden rahoituspaketin. IMF:n johtokunnan on tarkoitus tehd\u00e4 p\u00e4\u00e4t\u00f6s viimeist\u00e4\u00e4n tammikuussa.<\/p>\n<p class=\"article-body mb-nof-24 px-nof-16\">EU-johtajien on tarkoitus p\u00e4\u00e4tt\u00e4\u00e4 Ukrainan rahoittamisesta joulukuun 18. p\u00e4iv\u00e4 alkavassa huippukokouksessa.<\/p>\n<p class=\"article-body mb-nof-24 px-nof-16\">Belgia on vaatinut, ett\u00e4 Euroopan komissio tarkastelee my\u00f6s muita vaihtoehtoja Ukrainan rahoituksen j\u00e4rjest\u00e4miseksi.<\/p>\n<p class=\"article-body mb-nof-24 px-nof-16\">Maanantaina komission puheenjohtaja <a class=\"article-personlink\" href=\"https:\/\/www.hs.fi\/haku\/?query=Ursula%20von%20der%20Leyen\" rel=\"nofollow noopener\" target=\"_blank\">Ursula von der Leyen<\/a> l\u00e4hetti j\u00e4senmaille 10-sivuisen dokumentin, <a class=\"article-genericlink\" href=\"https:\/\/www.hs.fi\/politiikka\/art-2000011632269.html\" rel=\"nofollow noopener\" target=\"_blank\">jossa vaihtoehdot kuvataan<\/a>. Vaihtoehtoja on kolme: tuet j\u00e4senmaiden budjeteista, yhteisvelka tai sotakorvauslaina.<\/p>\n<p class=\"article-body mb-nof-24 px-nof-16\">Von der Leyenin mukaan kaikkiin vaihtoehtoihin liittyy ongelmia, mutta t\u00e4m\u00e4 ei saa est\u00e4\u00e4 p\u00e4\u00e4t\u00f6ksi\u00e4.<\/p>\n<p class=\"article-body mb-nof-24 px-nof-16\">\u201dEurooppa ei voi halvaantua ep\u00e4r\u00f6im\u00e4ll\u00e4 tai etsim\u00e4ll\u00e4 t\u00e4ydellisi\u00e4 tai yksinkertaisia vaihtoehtoja, joita ei ole olemassa.\u201d<\/p>\n","protected":false},"excerpt":{"rendered":"Ukrainan rahoitus|Ven\u00e4j\u00e4n j\u00e4\u00e4dytettyjen varojen k\u00e4ytt\u00e4mist\u00e4 vastustava Belgia on kasvavan paineen kohteena, sill\u00e4 p\u00e4\u00e4t\u00f6s Ukrainan tukipaketista tarvitaan pian. Bryssel&hellip;\n","protected":false},"author":2,"featured_media":92754,"comment_status":"","ping_status":"","sticky":false,"template":"","format":"standard","meta":{"footnotes":""},"categories":[12],"tags":[22,23,26,27,33,31,30,17,46,24,25,28,29,15,18,21,32,19,20,16],"class_list":{"0":"post-92753","1":"post","2":"type-post","3":"status-publish","4":"format-standard","5":"has-post-thumbnail","7":"category-suomi","8":"tag-breaking-news","9":"tag-breakingnews","10":"tag-featured-news","11":"tag-featurednews","12":"tag-fi","13":"tag-finland","14":"tag-finnish","15":"tag-headlines","16":"tag-helsingin-sanomat","17":"tag-latest-news","18":"tag-latestnews","19":"tag-main-news","20":"tag-mainnews","21":"tag-news","22":"tag-otsikot","23":"tag-paauutiset","24":"tag-suomi","25":"tag-top-stories","26":"tag-topstories","27":"tag-uutiset"},"share_on_mastodon":{"url":"https:\/\/pubeurope.com\/@fi\/115566564276157790","error":""},"_links":{"self":[{"href":"https:\/\/www.europesays.com\/fi\/wp-json\/wp\/v2\/posts\/92753","targetHints":{"allow":["GET"]}}],"collection":[{"href":"https:\/\/www.europesays.com\/fi\/wp-json\/wp\/v2\/posts"}],"about":[{"href":"https:\/\/www.europesays.com\/fi\/wp-json\/wp\/v2\/types\/post"}],"author":[{"embeddable":true,"href":"https:\/\/www.europesays.com\/fi\/wp-json\/wp\/v2\/users\/2"}],"replies":[{"embeddable":true,"href":"https:\/\/www.europesays.com\/fi\/wp-json\/wp\/v2\/comments?post=92753"}],"version-history":[{"count":0,"href":"https:\/\/www.europesays.com\/fi\/wp-json\/wp\/v2\/posts\/92753\/revisions"}],"wp:featuredmedia":[{"embeddable":true,"href":"https:\/\/www.europesays.com\/fi\/wp-json\/wp\/v2\/media\/92754"}],"wp:attachment":[{"href":"https:\/\/www.europesays.com\/fi\/wp-json\/wp\/v2\/media?parent=92753"}],"wp:term":[{"taxonomy":"category","embeddable":true,"href":"https:\/\/www.europesays.com\/fi\/wp-json\/wp\/v2\/categories?post=92753"},{"taxonomy":"post_tag","embeddable":true,"href":"https:\/\/www.europesays.com\/fi\/wp-json\/wp\/v2\/tags?post=92753"}],"curies":[{"name":"wp","href":"https:\/\/api.w.org\/{rel}","templated":true}]}}