{"id":92761,"date":"2025-11-17T19:16:11","date_gmt":"2025-11-17T19:16:11","guid":{"rendered":"https:\/\/www.europesays.com\/fi\/92761\/"},"modified":"2025-11-17T19:16:11","modified_gmt":"2025-11-17T19:16:11","slug":"lauri-markkanen-takoo-huippupisteita-nbassa-nain-suomalaisasiantuntijat-jakautuvat-kuumassa-kauppakysymyksessa-urheilu","status":"publish","type":"post","link":"https:\/\/www.europesays.com\/fi\/92761\/","title":{"rendered":"Lauri Markkanen takoo huippupisteit\u00e4 NBA:ssa \u2013 n\u00e4in suomalaisasiantuntijat jakautuvat kuumassa kauppakysymyksess\u00e4 | Urheilu"},"content":{"rendered":"<p class=\"aw-1gybjub aw-1p7kakr kEtdKx cEmitX yle__article__paragraph\"><strong class=\"aw-ak79eh KyCXm yle__article__strong\">Lauri Markkanen<\/strong> on loistanut koripalloliiga NBA:ssa jo vajaan kuukauden verran. Maanantaiaamuna Suomen aikaa Markkanen teki kauden toiseksi suurimman pistesaldonsa entist\u00e4 seuraansa Chicago Bullsia vastaan.<\/p>\n<p class=\"aw-1gybjub aw-1p7kakr kEtdKx cEmitX yle__article__paragraph\">Markkanen pussitti jatkoajalle venyneess\u00e4 ottelussa kaikkiaan 47 pistett\u00e4, kun h\u00e4nen kauden piste-enn\u00e4tyksens\u00e4 on 51. Suomalaiselle ottelu oli joka tapauksessa kauden kolmas v\u00e4hint\u00e4\u00e4n 40 pisteen ottelu. Markkanen ja <strong class=\"aw-ak79eh KyCXm yle__article__strong\">Stephen Curry<\/strong> ovat ainoat, jotka ovat rikkoneet <a class=\"aw-iao6s4 iHOxEa yle__article__link\" href=\"https:\/\/x.com\/ESPNInsights\/status\/1990280659185586363\" role=\"link\" rel=\"nofollow\">45 pisteen rajan v\u00e4hint\u00e4\u00e4n kahdesti t\u00e4ll\u00e4 kaudella<\/a>.<\/p>\n<p class=\"aw-1gybjub aw-1p7kakr kEtdKx cEmitX yle__article__paragraph\">Markkanen oli jo avausviikon j\u00e4lkeen NBA:n viidenneksi paras pistemies. Vire ei ole kuitenkaan hyytynyt, sill\u00e4 Markkanen on edelleen pistekeskiarvossa mitattuna sarjan viidenneksi tehokkain 30,6 pisteell\u00e4. <strong class=\"aw-ak79eh KyCXm yle__article__strong\">Luka Doncic<\/strong> on k\u00e4rjess\u00e4 34,4 pisteell\u00e4.<\/p>\n<p class=\"aw-1gybjub aw-1p7kakr kEtdKx cEmitX yle__article__paragraph\">Markkanen on monessa tilastossa paremmalla tasolla kuin kaudella 2022\u20132023, jolloin h\u00e4net valittiin All Star -otteluun.<\/p>\n<p class=\"aw-1gybjub aw-1p7kakr kEtdKx cEmitX yle__article__paragraph\">Suomalaist\u00e4hden ymp\u00e4rill\u00e4 on vellonut siirtohuhuja pitkin t\u00e4t\u00e4 vuotta. Ylen selvityksen mukaan Markkasta on spekuloitu, huhuttu ja juoruttu erilaisissa amerikkalaismedioissa ja -podcasteissa jo 20 joukkueeseen, kun sarjassa on 30 joukkuetta.<\/p>\n<p class=\"aw-1gybjub aw-1p7kakr kEtdKx cEmitX yle__article__paragraph\">Yle kysyi suomalaisilta koripalloihmisilt\u00e4, kaupataanko Lauri Markkanen. Suomalaist\u00e4hden viime vuonna tekem\u00e4 238 miljoonan dollarin maksimisopimus n\u00e4hd\u00e4\u00e4n haasteena, mutta toisaalta suomalaisen markkina-arvo on kasvanut hurjan vireen takia.<\/p>\n<p>Pekka Salminen toivoo, ett\u00e4 Markkanen kaupataan<\/p>\n<p class=\"aw-1gybjub aw-1p7kakr kEtdKx cEmitX yle__article__paragraph\">Koripallovalmentaja <strong class=\"aw-ak79eh KyCXm yle__article__strong\">Pekka Salminen<\/strong> toivoo syd\u00e4mest\u00e4\u00e4n, ett\u00e4 suomalainen kaupataan l\u00e4hitulevaisuudessa.<\/p>\n<p class=\"aw-1gybjub aw-1p7kakr kEtdKx cEmitX yle__article__paragraph\">\u2013 Uskon, ett\u00e4 n\u00e4in tulee tapahtumaan. Kyll\u00e4 h\u00e4n johonkin l\u00e4htee, Salminen sanoo.<\/p>\n<p class=\"aw-1gybjub aw-1p7kakr kEtdKx cEmitX yle__article__paragraph\"><strong class=\"aw-ak79eh KyCXm yle__article__strong\">Mink\u00e4 takia?<\/strong><\/p>\n<p class=\"aw-1gybjub aw-1p7kakr kEtdKx cEmitX yle__article__paragraph\">\u2013 NBA on kummallinen, outo ja jotenkin v\u00e4\u00e4ristynyt bisnes ja siin\u00e4 on kaikenlaista. Mutta h\u00e4nen markkina-arvonsa on t\u00e4ll\u00e4 hetkell\u00e4 varmaan korkein mahdollinen. Kun katsoo tilannetta Utahin puolelta, niin nyt kauppa-arvo on aika korkealla. H\u00e4nest\u00e4 voi saada enemm\u00e4n pelaajia ja kaikkea muuta.<\/p>\n<p><img decoding=\"async\" alt=\"Pekka Salminen l\u00e4hikuvassa.\" src=\"https:\/\/www.europesays.com\/fi\/wp-content\/uploads\/2025\/11\/39-1555091691b178989a1a.jpeg\" loading=\"lazy\" class=\"aw-1l9m598 hKVVvP\"\/><\/p>\n<p>Avaa kuvien katselu<\/p>\n<p>Pekka Salminen toivoo, ett\u00e4 Lauri Markkanen kaupataan pian. Kuva: Tomi H\u00e4nninen<\/p>\n<p class=\"aw-1gybjub aw-1p7kakr kEtdKx cEmitX yle__article__paragraph\">Salminen uskoo, ett\u00e4 kauppa toteutuu jo l\u00e4hiaikoina. H\u00e4n perustelee asiaa sill\u00e4, ettei tiedet\u00e4, miten pitk\u00e4\u00e4n Markkanen pystyy pelaamaan hieman liioitellen sanottuna NBA:n absoluuttisella huipulla, TOP3-pelaajana.<\/p>\n<p class=\"aw-1gybjub aw-1p7kakr kEtdKx cEmitX yle__article__paragraph\"><strong class=\"aw-ak79eh KyCXm yle__article__strong\">Miss\u00e4 n\u00e4kisit Markkasen mieluiten?<\/strong><\/p>\n<p class=\"aw-1gybjub aw-1p7kakr kEtdKx cEmitX yle__article__paragraph\">\u2013 Mieluiten isolla markkina-alueella, Los Angelesissa, New Yorkissa tai Chicagossa, jossa h\u00e4n on toki pelannutkin, Salminen sanoo.<\/p>\n<p><strong class=\"aw-1bgq5a3 bSmpIc\">Pekka Salminen kertoo, milt\u00e4 on tuntunut katsoa Lauri Markkasen otteita<\/strong><\/p>\n<p>Pekka Salminen kertoo, mill\u00e4 mielell\u00e4 h\u00e4n on seurannut Lauri Markksen otteita NBA:ssa.Uusi k\u00e4\u00e4nne muutti tilanteen<\/p>\n<p class=\"aw-1gybjub aw-1p7kakr kEtdKx cEmitX yle__article__paragraph\">Koripalloasiantuntija <strong class=\"aw-ak79eh KyCXm yle__article__strong\">Kristian Palotie<\/strong> sanoo, ett\u00e4 olisi mukavaa antaa varmoja vastauksia. H\u00e4n uskoo kuitenkin, ettei Utahin johtokaan tied\u00e4 kantaansa. Palotien mukaan <strong class=\"aw-ak79eh KyCXm yle__article__strong\">Walker Kesslerin<\/strong> loukkaantuminen kuitenkin muuttaa tilannetta, sill\u00e4 Kesslerin poissaolo heikent\u00e4\u00e4 Utahin mahdollisuuksia p\u00e4rj\u00e4t\u00e4 t\u00e4ll\u00e4 kaudella.<\/p>\n<p class=\"aw-1gybjub aw-1p7kakr kEtdKx cEmitX yle__article__paragraph\">\u2013 Oletusarvo on, ett\u00e4 silloin kannattaa vet\u00e4\u00e4 piuha sein\u00e4st\u00e4 ja kokeilla hankkia hyvi\u00e4 varausvuoroja. Ensi kes\u00e4n\u00e4 on kuulema tarjolla aikamoinen ik\u00e4luokka, joka voi olla kovempi kuin t\u00e4m\u00e4n vuoden vastaava, Palotie sanoo.<\/p>\n<p><img decoding=\"async\" alt=\"Kristian Palotie antaa ohjeita pelaajille aikalis\u00e4ll\u00e4.\" src=\"https:\/\/www.europesays.com\/fi\/wp-content\/uploads\/2025\/11\/39-125011365ddfdc056bc2.jpeg\" loading=\"lazy\" class=\"aw-1l9m598 hKVVvP\"\/><\/p>\n<p>Avaa kuvien katselu<\/p>\n<p>Kristian Palotien mukaan Walker Kesslerin loukkaantuminen muuttaa tilannetta. Kuva: Ari Hautam\u00e4ki<\/p>\n<p class=\"aw-1gybjub aw-1p7kakr kEtdKx cEmitX yle__article__paragraph\">Palotien mukaan haasteena on, ett\u00e4 NBA:ssa on t\u00e4ll\u00e4 hetkell\u00e4 pari muutakin kriisiseuraa ja kovia pelaajia voikin olla tarjolla enemm\u00e4n. H\u00e4n nostaa esiin Dallasin <strong class=\"aw-ak79eh KyCXm yle__article__strong\">Anthony Davisin<\/strong>, Memphisin <strong class=\"aw-ak79eh KyCXm yle__article__strong\">Ja Morantin<\/strong> sek\u00e4 <strong class=\"aw-ak79eh KyCXm yle__article__strong\">Jaren Jackson Juniorin<\/strong> ja Sacramenton entisen t\u00e4htikaartin pelaajat.<\/p>\n<p class=\"aw-1gybjub aw-1p7kakr kEtdKx cEmitX yle__article__paragraph\">\u2013 Utahin toimitusjohtaja <strong class=\"aw-ak79eh KyCXm yle__article__strong\">Danny Ainge<\/strong> tunnetaan neuvottelijana, joka haluaa kaiken mahdollisen vastineeksi, mutta mit\u00e4 jos kaikkea mahdollista ei olekaan tarjolla. Samantasoisia, himpun verran huonompia tai parempia voi tarttua jopa halvemmalla.<\/p>\n<p class=\"aw-1gybjub aw-1p7kakr kEtdKx cEmitX yle__article__paragraph\">Palotien mukaan kauppaa puoltaa se, ett\u00e4 suomalaisesta olisi apua todella monelle joukkueelle pudotuspeleiss\u00e4, erityisesti Detroit Pistonsille ja San Antonio Spursille. Palotie n\u00e4kisi Markkasen mieluiten juuri Spursissa, mutta my\u00f6s Detroit olisi mielet\u00f6n paikka suomalaiselle.<\/p>\n<p class=\"aw-1gybjub aw-1p7kakr kEtdKx cEmitX yle__article__paragraph\">Kauppa voi Palotien mukaan kuitenkin esty\u00e4 sen takia, ett\u00e4 pyynti on liian korkea. Utahiin voi my\u00f6s vaikuttaa monen vuoden taaperruksen j\u00e4lkeiset paineet, mink\u00e4 takia se voi p\u00e4\u00e4ty\u00e4 kokeilemaan menestymist\u00e4 nykyisill\u00e4 pelaajillaan.<\/p>\n<p class=\"aw-1gybjub aw-1p7kakr kEtdKx cEmitX yle__article__paragraph\">\u2013 Mahdollisuudet sille (kaupalle) ovat korkeat. Ehk\u00e4 turvallinen arvio on 50\u201350.<\/p>\n<p><img decoding=\"async\" alt=\"Lauri Markkanen heitt\u00e4m\u00e4ss\u00e4.\" src=\"https:\/\/www.europesays.com\/fi\/wp-content\/uploads\/2025\/11\/39-1555087691b178793f6d.jpeg\" loading=\"lazy\" class=\"aw-1l9m598 hKVVvP\"\/><\/p>\n<p>Avaa kuvien katselu<\/p>\n<p>Lauri Markkanen sopisi helposti moneen joukkueeseen. Kuva: Getty Images<\/p>\n<p class=\"aw-1gybjub aw-1p7kakr kEtdKx cEmitX yle__article__paragraph\">Palotien mukaan Markkasen kallis sopimus ei kuitenkaan n\u00e4yt\u00e4 t\u00e4ll\u00e4 hetkell\u00e4 niin vaaralliselta kovinkaan monelle joukkueelle. Suomalaista onkin huhuttu useampaan seuraan, sill\u00e4 h\u00e4n sopisi helposti moneen paikkaan.<\/p>\n<p class=\"aw-1gybjub aw-1p7kakr kEtdKx cEmitX yle__article__paragraph\">\u2013 Mielest\u00e4ni se (nykyinen sopimus) ei ole este eik\u00e4 rasite mahdollista kauppaa ajatellen.<\/p>\n<p>Pihi toimitusjohtaja haluaa paljon<\/p>\n<p class=\"aw-1gybjub aw-1p7kakr kEtdKx cEmitX yle__article__paragraph\">Susijengin entinen kapteeni <strong class=\"aw-ak79eh KyCXm yle__article__strong\">Shawn Huff<\/strong> ei ole niin ik\u00e4\u00e4n varma, kaupataanko Markkasta ollenkaan. Palotien tapaan 50-50 -ajatuksella asiaan suhtautuva asiantuntija uskoo Utahin kuitenkin kauppaavan suomalaisen, jos se vain saa riitt\u00e4v\u00e4n paljon takaisin.<\/p>\n<p class=\"aw-1gybjub aw-1p7kakr kEtdKx cEmitX yle__article__paragraph\">\u2013 Danny Ainge on ollut aika pihi. H\u00e4n tarvitsee todella ison saaliin, ett\u00e4 uskaltaa tehd\u00e4 mit\u00e4\u00e4n. Jos Markkanen halutaan siirt\u00e4\u00e4, pit\u00e4\u00e4 l\u00f6yt\u00e4\u00e4 joukkue, joka on yhden palasen p\u00e4\u00e4ss\u00e4 mestaruudesta ja saa sovitettua Markkasen palkan kuvioihinsa, mutta ei heikenn\u00e4 omaa joukkuettaan liikaa.<\/p>\n<p><img decoding=\"async\" alt=\"Shawn Huff hymyilee.\" src=\"https:\/\/www.europesays.com\/fi\/wp-content\/uploads\/2025\/11\/39-1555090691b17891d735.jpeg\" loading=\"lazy\" class=\"aw-1l9m598 hKVVvP\"\/><\/p>\n<p>Avaa kuvien katselu<\/p>\n<p>Huffin mukaan Markkasen kova vire voi mahdollistaa kaupan, mutta suomalaisen palkka on kuitenkin p\u00e4\u00e4roolissa. Mestaruudesta pelaavilla joukkueilla ei ole v\u00e4ltt\u00e4m\u00e4tt\u00e4 hirve\u00e4sti tilaa palkkakatossaan. Kuva: Tomi H\u00e4nninen<\/p>\n<p class=\"aw-1gybjub aw-1p7kakr kEtdKx cEmitX yle__article__paragraph\">Huffin mukaan tilanne on siksi todella vaikea. H\u00e4n uskoo Utahin tekev\u00e4n kuitenkin kaikkensa maksimoidakseen Markkasen arvon. H\u00e4n muistuttaa, ett\u00e4 Utahin nuoren joukkueen paras aikaikkuna on vasta tulevaisuudessa.<\/p>\n<p class=\"aw-1gybjub aw-1p7kakr kEtdKx cEmitX yle__article__paragraph\">\u2013 Olen fifty-fifty t\u00e4m\u00e4n kanssa, koska se kauppaaminen on niin vaikeaa. Jos Markkanen kaupataan, niin se vaatii ep\u00e4toivoisen joukkueen.<\/p>\n<p class=\"aw-1gybjub aw-1p7kakr kEtdKx cEmitX yle__article__paragraph\">Huff n\u00e4kisi Palotien tapaan suomalaisen mieluiten San Antonio Spursissa.<\/p>\n<p class=\"aw-1gybjub aw-1p7kakr kEtdKx cEmitX yle__article__paragraph\">\u2013 Pelaaminen <strong class=\"aw-ak79eh KyCXm yle__article__strong\">Victor Wembanayaman<\/strong> vierell\u00e4 olisi unelma. H\u00e4nen heittokyky ja kyky levitt\u00e4\u00e4 peli\u00e4 sek\u00e4 Wembanyaman oma kyky puolustaa. Se olisi ideaali paikka Lauri Markkaselle.<\/p>\n<p>Taru Tuukkanen: Utah pit\u00e4\u00e4 kiinni viimeiseen asti<\/p>\n<p class=\"aw-1gybjub aw-1p7kakr kEtdKx cEmitX yle__article__paragraph\">Suomalainen koripallolegenda <strong class=\"aw-ak79eh KyCXm yle__article__strong\">Taru Tuukkanen<\/strong> pit\u00e4\u00e4 todenn\u00e4k\u00f6isen\u00e4, ett\u00e4 Markkasta ei kaupata. H\u00e4n uskoo, ett\u00e4 Utah Jazz pit\u00e4\u00e4 t\u00e4htipelaajastaan kiinni viimeiseen asti.<\/p>\n<p class=\"aw-1gybjub aw-1p7kakr kEtdKx cEmitX yle__article__paragraph\">\u2013 Lauri on ensinn\u00e4kin tehnyt selv\u00e4ksi, ett\u00e4 viihtyy Utahissa hyvin. T\u00e4llaiset asiat eiv\u00e4t tietysti NBA:ssa paljon merkitse, mutta koen, ett\u00e4 Lauri on Utahille todella t\u00e4rke\u00e4 pelaaja. H\u00e4n ei ole sellainen t\u00e4hti, jonka kanssa on koko ajan hankaluuksia, Tuukkanen sanoo ja viittaa suomalaisvalmentaja <strong class=\"aw-ak79eh KyCXm yle__article__strong\">Tuomas Iisalon<\/strong> ja t\u00e4htipelaaja <strong class=\"aw-ak79eh KyCXm yle__article__strong\">Ja Morantin<\/strong> v\u00e4lien kiristymiseen.<\/p>\n<p><img decoding=\"async\" alt=\"Taru Tuukkanen l\u00e4hikvuassa.\" src=\"https:\/\/www.europesays.com\/fi\/wp-content\/uploads\/2025\/11\/39-1555089691b17888d79b.jpeg\" loading=\"lazy\" class=\"aw-1l9m598 hKVVvP\"\/><\/p>\n<p>Avaa kuvien katselu<\/p>\n<p>Taru Tuukkanen muistuttaa, ett\u00e4 Markkanen viihtyy Utahissa. Kuva: Tomi H\u00e4nninen<\/p>\n<p class=\"aw-1gybjub aw-1p7kakr kEtdKx cEmitX yle__article__paragraph\">Tuukkanen muistuttaakin, ettei Markkasen kanssa ole ikin\u00e4 ongelmia.<\/p>\n<p class=\"aw-1gybjub aw-1p7kakr kEtdKx cEmitX yle__article__paragraph\">\u2013 Olen t\u00e4ss\u00e4 my\u00f6s seurannut, ett\u00e4 Utahin faneilta tulee paljon painetta siihen suuntaan, ett\u00e4 pidet\u00e4\u00e4n h\u00e4net \u00e4lk\u00e4\u00e4k\u00e4 miss\u00e4\u00e4n tapauksessa kaupatko Lauria. En tied\u00e4, onko fanienkaan sanalla hirve\u00e4sti merkityst\u00e4, kun t\u00e4m\u00e4 on raakaa bisnest\u00e4. Veikkaisin, ett\u00e4 Utah pit\u00e4\u00e4 kiinni Laurista viimeiseen asti.<\/p>\n<p class=\"aw-1gybjub aw-1p7kakr kEtdKx cEmitX yle__article__paragraph\"><strong class=\"aw-ak79eh KyCXm yle__article__strong\">Jos Markkanen kaupataan, miss\u00e4 n\u00e4kisit h\u00e4net mieluiten?<\/strong><\/p>\n<p class=\"aw-1gybjub aw-1p7kakr kEtdKx cEmitX yle__article__paragraph\">\u2013 Jos saisi toivoa vapaasti ilman palkkakattoja ja muita rajoituksia, niin olisi kiva n\u00e4hd\u00e4 h\u00e4net Lakersissa Don\u010di\u0107in kanssa.<\/p>\n","protected":false},"excerpt":{"rendered":"Lauri Markkanen on loistanut koripalloliiga NBA:ssa jo vajaan kuukauden verran. Maanantaiaamuna Suomen aikaa Markkanen teki kauden toiseksi suurimman&hellip;\n","protected":false},"author":2,"featured_media":92762,"comment_status":"","ping_status":"","sticky":false,"template":"","format":"standard","meta":{"footnotes":""},"categories":[158],"tags":[33,31,30,1702,1905,3825,159,32,160,3826],"class_list":{"0":"post-92761","1":"post","2":"type-post","3":"status-publish","4":"format-standard","5":"has-post-thumbnail","7":"category-urheilu","8":"tag-fi","9":"tag-finland","10":"tag-finnish","11":"tag-koripallo","12":"tag-lauri-markkanen","13":"tag-nba","14":"tag-sports","15":"tag-suomi","16":"tag-urheilu","17":"tag-utah-jazz"},"share_on_mastodon":{"url":"https:\/\/pubeurope.com\/@fi\/115566646966207633","error":""},"_links":{"self":[{"href":"https:\/\/www.europesays.com\/fi\/wp-json\/wp\/v2\/posts\/92761","targetHints":{"allow":["GET"]}}],"collection":[{"href":"https:\/\/www.europesays.com\/fi\/wp-json\/wp\/v2\/posts"}],"about":[{"href":"https:\/\/www.europesays.com\/fi\/wp-json\/wp\/v2\/types\/post"}],"author":[{"embeddable":true,"href":"https:\/\/www.europesays.com\/fi\/wp-json\/wp\/v2\/users\/2"}],"replies":[{"embeddable":true,"href":"https:\/\/www.europesays.com\/fi\/wp-json\/wp\/v2\/comments?post=92761"}],"version-history":[{"count":0,"href":"https:\/\/www.europesays.com\/fi\/wp-json\/wp\/v2\/posts\/92761\/revisions"}],"wp:featuredmedia":[{"embeddable":true,"href":"https:\/\/www.europesays.com\/fi\/wp-json\/wp\/v2\/media\/92762"}],"wp:attachment":[{"href":"https:\/\/www.europesays.com\/fi\/wp-json\/wp\/v2\/media?parent=92761"}],"wp:term":[{"taxonomy":"category","embeddable":true,"href":"https:\/\/www.europesays.com\/fi\/wp-json\/wp\/v2\/categories?post=92761"},{"taxonomy":"post_tag","embeddable":true,"href":"https:\/\/www.europesays.com\/fi\/wp-json\/wp\/v2\/tags?post=92761"}],"curies":[{"name":"wp","href":"https:\/\/api.w.org\/{rel}","templated":true}]}}