{"id":92779,"date":"2025-11-17T19:45:09","date_gmt":"2025-11-17T19:45:09","guid":{"rendered":"https:\/\/www.europesays.com\/fi\/92779\/"},"modified":"2025-11-17T19:45:09","modified_gmt":"2025-11-17T19:45:09","slug":"meteoriparven-saattaa-ensi-yona-nahda-keski-suomenkin-taivaalla-keski-suomi","status":"publish","type":"post","link":"https:\/\/www.europesays.com\/fi\/92779\/","title":{"rendered":"Meteoriparven saattaa ensi y\u00f6n\u00e4 n\u00e4hd\u00e4 Keski-Suomenkin taivaalla | Keski-Suomi"},"content":{"rendered":"<p>Leonidien meteoriparvi on aktiivisimmillaan tiistain vastaisena y\u00f6n\u00e4. T\u00e4hdenlentoja voi n\u00e4hd\u00e4 my\u00f6s Keski-Suomessa, jos pilvipeite antaa my\u00f6ten, sanoo Jyv\u00e4skyl\u00e4n Sirius ry:n puheenjohtaja <strong>Arto Oksanen<\/strong>.<\/p>\n<p>\u2013 Pilvet varmaan est\u00e4v\u00e4t n\u00e4kymisen, mutta kyll\u00e4 se Keski-Suomessa n\u00e4kyy siin\u00e4 miss\u00e4 muuallakin Suomessa taikka k\u00e4yt\u00e4nn\u00f6ss\u00e4 koko maapallolla.<\/p>\n","protected":false},"excerpt":{"rendered":"Leonidien meteoriparvi on aktiivisimmillaan tiistain vastaisena y\u00f6n\u00e4. T\u00e4hdenlentoja voi n\u00e4hd\u00e4 my\u00f6s Keski-Suomessa, jos pilvipeite antaa my\u00f6ten, sanoo Jyv\u00e4skyl\u00e4n&hellip;\n","protected":false},"author":2,"featured_media":92780,"comment_status":"","ping_status":"","sticky":false,"template":"","format":"standard","meta":{"footnotes":""},"categories":[112],"tags":[33,31,30,425,605,72,710,118,32,119,719,538,534],"class_list":{"0":"post-92779","1":"post","2":"type-post","3":"status-publish","4":"format-standard","5":"has-post-thumbnail","7":"category-tiede","8":"tag-fi","9":"tag-finland","10":"tag-finnish","11":"tag-jyvaskyla","12":"tag-luonnontieteet","13":"tag-luonto","14":"tag-saa","15":"tag-science","16":"tag-suomi","17":"tag-tiede","18":"tag-tiede-yleista","19":"tag-tiede-ja-tekniikka","20":"tag-ymparisto-ja-luonto"},"share_on_mastodon":{"url":"https:\/\/pubeurope.com\/@fi\/115566760638447713","error":""},"_links":{"self":[{"href":"https:\/\/www.europesays.com\/fi\/wp-json\/wp\/v2\/posts\/92779","targetHints":{"allow":["GET"]}}],"collection":[{"href":"https:\/\/www.europesays.com\/fi\/wp-json\/wp\/v2\/posts"}],"about":[{"href":"https:\/\/www.europesays.com\/fi\/wp-json\/wp\/v2\/types\/post"}],"author":[{"embeddable":true,"href":"https:\/\/www.europesays.com\/fi\/wp-json\/wp\/v2\/users\/2"}],"replies":[{"embeddable":true,"href":"https:\/\/www.europesays.com\/fi\/wp-json\/wp\/v2\/comments?post=92779"}],"version-history":[{"count":0,"href":"https:\/\/www.europesays.com\/fi\/wp-json\/wp\/v2\/posts\/92779\/revisions"}],"wp:featuredmedia":[{"embeddable":true,"href":"https:\/\/www.europesays.com\/fi\/wp-json\/wp\/v2\/media\/92780"}],"wp:attachment":[{"href":"https:\/\/www.europesays.com\/fi\/wp-json\/wp\/v2\/media?parent=92779"}],"wp:term":[{"taxonomy":"category","embeddable":true,"href":"https:\/\/www.europesays.com\/fi\/wp-json\/wp\/v2\/categories?post=92779"},{"taxonomy":"post_tag","embeddable":true,"href":"https:\/\/www.europesays.com\/fi\/wp-json\/wp\/v2\/tags?post=92779"}],"curies":[{"name":"wp","href":"https:\/\/api.w.org\/{rel}","templated":true}]}}