{"id":92781,"date":"2025-11-17T19:47:20","date_gmt":"2025-11-17T19:47:20","guid":{"rendered":"https:\/\/www.europesays.com\/fi\/92781\/"},"modified":"2025-11-17T19:47:20","modified_gmt":"2025-11-17T19:47:20","slug":"eu-komissio-suomen-talouskasvu-kiihtyy-ensi-vuonna","status":"publish","type":"post","link":"https:\/\/www.europesays.com\/fi\/92781\/","title":{"rendered":"EU-komissio: Suomen talouskasvu kiihtyy ensi vuonna"},"content":{"rendered":"<p>EU-komissio arvioi Suomen talouskasvun kiihtyv\u00e4n ensi vuonna 0,9 prosenttiin t\u00e4m\u00e4nvuotisesta 0,1 prosentista. Vuonna 2027 Suomen talouskasvun ennustetaan kiihtyv\u00e4n edelleen 1,2 prosenttiin.<\/p>\n<p>Euroalueen talouskasvun komissio ennustaa hidastuvan ensi vuonna 1,2 prosenttiin t\u00e4m\u00e4nvuotisesta 1,3 prosentista. Vuonna 2027 komissio ennustaa euroalueen talouden kasvavan 1,4 prosenttia.<\/p>\n<p>Koko EU:n talouskasvuksi komissio arvioi t\u00e4n\u00e4 ja ensi vuonna 1,4 prosenttia. Vuonna 2027 koko EU:n talouskasvun ennustetaan kiihtyv\u00e4n 1,5 prosenttiin.<\/p>\n<p>EU-komission mukaan maailmantilanne jatkuu haastavana, mutta ty\u00f6markkinoiden sopeutumiskyvyn, ostovoiman paranemisen ja suotuisien rahoitusolojen ennustetaan tukevan maltillista talouskasvua.<\/p>\n<p><strong>EUROALUEEN<\/strong> inflaatioksi komissio arvioi t\u00e4n\u00e4 vuonna 2,1 prosenttia. Inflaation arvioidaan liikkuvan kahden prosentin \u2013 eli Euroopan keskuspankin asettaman tavoitteen \u2013 tiet\u00e4miss\u00e4 my\u00f6s l\u00e4hivuosina.<\/p>\n<p>Suomessa inflaation ennustetaan olevan t\u00e4n\u00e4 vuonna 1,9 prosenttia, ja sen odotetaan hidastuvan ensi vuonna 1,6 prosenttiin. Vuonna 2027 komissio ennustaa inflaation kiihtyv\u00e4n Suomessa 2,0 prosenttiin.<\/p>\n<p>EU:n ty\u00f6tt\u00f6myysasteen odotetaan pysyttelev\u00e4n ensi vuonna t\u00e4m\u00e4nvuotisella tasollaan 5,9 prosentissa ja laskevan 5,8 prosenttiin vuonna 2027.<\/p>\n<p>Suomessa ty\u00f6tt\u00f6myysasteen odotetaan kasvavan t\u00e4n\u00e4 vuonna 9,5 prosenttiin ja laskevan siit\u00e4 ensi vuonna 9,3 prosenttiin. Vuonna 2027 Suomen ty\u00f6tt\u00f6myysasteen ennustetaan laskevan edelleen 9,0 prosenttiin.<\/p>\n<p><strong>SUOMEN<\/strong> julkisen talouden alij\u00e4\u00e4m\u00e4ksi komissio ennustaa t\u00e4n\u00e4 vuonna 4,5 prosenttia suhteessa bruttokansantuotteeseen. Vuonna 2026 alij\u00e4\u00e4m\u00e4n odotetaan laskevan 4,0 prosenttiin ja vuonna 2027 edelleen 3,9 prosenttiin suhteessa bruttokansantuotteeseen.<\/p>\n<p>Suomen julkisen talouden velkasuhde jatkaa komission mukaan t\u00e4n\u00e4 vuonna kasvuaan 88,1 prosenttiin bruttokansantuotteesta. Ensi vuonna velkasuhde jatkaa komission mukaan kasvuaan 90,9 prosenttiin ja siit\u00e4 edelleen 92,3 prosenttiin vuonna 2027.<\/p>\n","protected":false},"excerpt":{"rendered":"EU-komissio arvioi Suomen talouskasvun kiihtyv\u00e4n ensi vuonna 0,9 prosenttiin t\u00e4m\u00e4nvuotisesta 0,1 prosentista. Vuonna 2027 Suomen talouskasvun ennustetaan kiihtyv\u00e4n&hellip;\n","protected":false},"author":2,"featured_media":92782,"comment_status":"","ping_status":"","sticky":false,"template":"","format":"standard","meta":{"footnotes":""},"categories":[76],"tags":[79,77,33,31,30,32,78],"class_list":{"0":"post-92781","1":"post","2":"type-post","3":"status-publish","4":"format-standard","5":"has-post-thumbnail","7":"category-talous","8":"tag-business","9":"tag-economy","10":"tag-fi","11":"tag-finland","12":"tag-finnish","13":"tag-suomi","14":"tag-talous"},"share_on_mastodon":{"url":"https:\/\/pubeurope.com\/@fi\/115566768672394393","error":""},"_links":{"self":[{"href":"https:\/\/www.europesays.com\/fi\/wp-json\/wp\/v2\/posts\/92781","targetHints":{"allow":["GET"]}}],"collection":[{"href":"https:\/\/www.europesays.com\/fi\/wp-json\/wp\/v2\/posts"}],"about":[{"href":"https:\/\/www.europesays.com\/fi\/wp-json\/wp\/v2\/types\/post"}],"author":[{"embeddable":true,"href":"https:\/\/www.europesays.com\/fi\/wp-json\/wp\/v2\/users\/2"}],"replies":[{"embeddable":true,"href":"https:\/\/www.europesays.com\/fi\/wp-json\/wp\/v2\/comments?post=92781"}],"version-history":[{"count":0,"href":"https:\/\/www.europesays.com\/fi\/wp-json\/wp\/v2\/posts\/92781\/revisions"}],"wp:featuredmedia":[{"embeddable":true,"href":"https:\/\/www.europesays.com\/fi\/wp-json\/wp\/v2\/media\/92782"}],"wp:attachment":[{"href":"https:\/\/www.europesays.com\/fi\/wp-json\/wp\/v2\/media?parent=92781"}],"wp:term":[{"taxonomy":"category","embeddable":true,"href":"https:\/\/www.europesays.com\/fi\/wp-json\/wp\/v2\/categories?post=92781"},{"taxonomy":"post_tag","embeddable":true,"href":"https:\/\/www.europesays.com\/fi\/wp-json\/wp\/v2\/tags?post=92781"}],"curies":[{"name":"wp","href":"https:\/\/api.w.org\/{rel}","templated":true}]}}