{"id":92783,"date":"2025-11-17T19:48:10","date_gmt":"2025-11-17T19:48:10","guid":{"rendered":"https:\/\/www.europesays.com\/fi\/92783\/"},"modified":"2025-11-17T19:48:10","modified_gmt":"2025-11-17T19:48:10","slug":"trump-antoi-vihjeen-putiniin-liittyen","status":"publish","type":"post","link":"https:\/\/www.europesays.com\/fi\/92783\/","title":{"rendered":"Trump antoi vihjeen Putiniin liittyen"},"content":{"rendered":"<p>Tasavallan presidentti\u00a0Alexander Stubb kertoi maanantaina Brysseliss\u00e4, ett\u00e4 rauhanneuvottelut ovat suvantovaiheessa ja ett\u00e4 Ukrainan rahoittamisesta voi tulla yhdistelm\u00e4vaihtoehto. <\/p>\n<p><img decoding=\"async\" class=\"image image-show image-preview\" src=\"https:\/\/www.europesays.com\/fi\/wp-content\/uploads\/2025\/11\/879ec9de02fcbe64379a16e44eee9992b8cd8fadf009210790ca7153f7a75199.jpg\" alt=\"\"\/><img decoding=\"async\" class=\"image image-show\" src=\"https:\/\/www.europesays.com\/fi\/wp-content\/uploads\/2025\/11\/1763408890_626_879ec9de02fcbe64379a16e44eee9992b8cd8fadf009210790ca7153f7a75199.jpg\" alt=\"\"\/><\/p>\n<p>Trump ei luovuta. Presidentti Alexander Stubbin mukaan Donald Trumpilla riitt\u00e4\u00e4 k\u00e4rsiv\u00e4llisyytt\u00e4 ja motivaatiota Ukrainan rauhan neuvottelemiseksi. Arkistokuva.  Inka Soveri<\/p>\n<p class=\"paragraph\">Tasavallan presidentti <strong>Alexander Stubb<\/strong> sanoi maanantaina Brysseliss\u00e4, ett\u00e4 Ukrainan rauhantunnustelut ovat nyt suvantovaiheessa, ja siksi nyt on luotava painetta Ven\u00e4j\u00e4n suuntaan ja keskitytt\u00e4v\u00e4 Ukrainan tukemiseen.<\/p>\n<p class=\"paragraph\">Stubb k\u00e4vi maanantaina keskustelut Naton p\u00e4\u00e4sihteerin <a href=\"https:\/\/www.iltalehti.fi\/henkilot\/Mark Rutte\" class=\"article-link-person-page\" rel=\"nofollow noopener\" target=\"_blank\">Mark Rutten<\/a>, komission puheenjohtajan <a href=\"https:\/\/www.iltalehti.fi\/henkilot\/Ursula von der Leyen\" class=\"article-link-person-page\" rel=\"nofollow noopener\" target=\"_blank\">Ursula von der Leyenin<\/a>, Belgian p\u00e4\u00e4ministerin <a href=\"https:\/\/www.iltalehti.fi\/henkilot\/Bart De Wever\" class=\"article-link-person-page\" rel=\"nofollow noopener\" target=\"_blank\">Bart De Weverin<\/a> ja Euroopan parlamentin puheenjohtajan <a href=\"https:\/\/www.iltalehti.fi\/henkilot\/Roberta Metsola Tedesco Triccas\" class=\"article-link-person-page\" rel=\"nofollow noopener\" target=\"_blank\">Roberta Metsolan<\/a> kanssa.<\/p>\n<p class=\"paragraph\">P\u00e4iv\u00e4n p\u00e4\u00e4tteeksi suomalaismedialle pit\u00e4m\u00e4ss\u00e4\u00e4n tiedotustilaisuudessa Stubb sanoi, ett\u00e4 \u201dUkrainan tilanne on vaikea\u201d, ja siksi Euroopalta tarvitaan nyt nopeita p\u00e4\u00e4t\u00f6ksi\u00e4 sotilaallisesta ja taloudellisesta tuesta.<\/p>\n<p class=\"paragraph\">Ukrainalta uhkaavat rahat loppua jo ensi kev\u00e4\u00e4n\u00e4, ellei EU saa pian tehty\u00e4 p\u00e4\u00e4t\u00f6st\u00e4 sen rahoittamisesta.<\/p>\n<p class=\"paragraph\">Komissio on esitt\u00e4nyt Ukrainan tukemiseksi kolme vaihtoehtoa, jotka my\u00f6s Stubb kertoi maanantaina. Vaihtoehdot ovat j\u00e4senmaiden itse maksama tuki Ukrainalle, uusi yhteisvelka, tai Ven\u00e4j\u00e4n j\u00e4\u00e4dytettyjen varojen k\u00e4ytt\u00f6.<\/p>\n<p class=\"paragraph\">Stubb tapasi maanantaina asian tiimoilta Belgian p\u00e4\u00e4ministerin Bart De Weverin. Belgia on vastustanut j\u00e4\u00e4dytettyjen varojen k\u00e4ytt\u00f6\u00e4, koska se pelk\u00e4\u00e4 joutuvansa Ven\u00e4j\u00e4n painostustoimien kohteeksi ja oikeudelliseen vastuuseen.<\/p>\n<p class=\"paragraph\">Stubb kertoi De Wever -tapaamisesta, ett\u00e4 Belgia ei halua juridisista ja poliittisista syist\u00e4 joutua yksin vastuuseen siit\u00e4, ett\u00e4 Belgiassa j\u00e4\u00e4dytettyj\u00e4 Ven\u00e4j\u00e4n keskuspankin varoja k\u00e4ytett\u00e4isiin Ukrainan hyv\u00e4ksi.<\/p>\n<p class=\"paragraph\">\u2013 Ehk\u00e4 se p\u00e4\u00e4argumentti Belgian p\u00e4\u00e4ministerilt\u00e4 oli vastuunkanto, Stubb sanoi.<\/p>\n<p class=\"paragraph\">Stubb ennakoi, ett\u00e4 ratkaisuksi Ukrainan rahoittamiseksi saattaa olla my\u00f6s nelj\u00e4s vaihtoehto eli eri rahoitusvaihtoehtojen yhdistelm\u00e4.<\/p>\n<p class=\"paragraph\">\u2013 Se voi my\u00f6s olla jonkinn\u00e4k\u00f6inen yhdistelm\u00e4 n\u00e4it\u00e4, Stubb sanoi ja jatkoi, ett\u00e4 ratkaisun tekev\u00e4t EU-p\u00e4\u00e4miehet joulukuun huippukokouksessaan.<\/p>\n<p class=\"paragraph\">\u2013 Euroopan unioni harvemmin kykenee tekem\u00e4\u00e4n optimaalisen, siis t\u00e4ydellisen p\u00e4\u00e4t\u00f6ksen, mutta kyll\u00e4 sielt\u00e4 joku p\u00e4\u00e4t\u00f6s jossain vaiheessa viel\u00e4 tulee, Stubb sanoi.<\/p>\n<p>Trump lis\u00e4\u00e4 painetta<\/p>\n<p class=\"paragraph\">Presidentti Stubb arvioi, ett\u00e4 EU:n lis\u00e4ksi my\u00f6s Yhdysvallat on nyt valmis lis\u00e4\u00e4m\u00e4\u00e4n pakotepainetta Ven\u00e4j\u00e4\u00e4 kohtaan.<\/p>\n<p class=\"paragraph\">Stubb sanoi keskustelleensa ennen tiedotustilaisuutta yhdysvaltalaissenaattori <strong>Lindsey Grahamin<\/strong> kanssa uudesta Ven\u00e4j\u00e4n vastaisesta pakotepaketista.<\/p>\n<p class=\"paragraph\">Graham oli viett\u00e4nyt viikonloppua presidentti Trumpin kanssa.<\/p>\n<p class=\"paragraph\">Keskustelun perusteella Stubb oli toiveikas, ett\u00e4 sanktiopaketti etenee viel\u00e4 t\u00e4ll\u00e4 viikolla.<\/p>\n<p class=\"paragraph\">\u2013 V\u00e4h\u00e4n t\u00e4m\u00e4ntyyppist\u00e4 vihjett\u00e4 taisi presidentti Trumpkin tuossa eilen antaa.<\/p>\n<p class=\"paragraph\">Stubbin mukaan p\u00e4\u00e4viesti Ven\u00e4j\u00e4lle on nyt se, ett\u00e4 Yhdysvallat on valmis lis\u00e4\u00e4m\u00e4\u00e4n pakotepainetta.<\/p>\n<p class=\"paragraph\">Presidentti vakuutti Brysseliss\u00e4 my\u00f6s, ett\u00e4 Trumpilla riitt\u00e4\u00e4 edelleen kiinnostusta ja motivaatiota Ukrainan rauhan saamiseksi.<\/p>\n<p class=\"paragraph\">\u2013 Kyll\u00e4 riitt\u00e4\u00e4 ilman muuta.<\/p>\n<p class=\"paragraph\">\u2013 T\u00e4m\u00e4 on ehk\u00e4 sitten loppupeliss\u00e4 se suurin konflikti kautta sota, jota h\u00e4n yritt\u00e4\u00e4 tavalla tai toisella v\u00e4ltt\u00e4\u00e4.<\/p>\n<p class=\"paragraph\">Stubbilta kysyttiin tiedotustilaisuudessa my\u00f6s, ett\u00e4 onko Trumpin suora yhteydenpito <a href=\"https:\/\/www.iltalehti.fi\/henkilot\/Vladimir Putin\" class=\"article-link-person-page\" rel=\"nofollow noopener\" target=\"_blank\">Vladimir Putiniin<\/a> keskustelua Euroopan p\u00e4\u00e4n yli.<\/p>\n<p class=\"paragraph\">\u2013 Ukrainasta ei keskustella Euroopan p\u00e4\u00e4n yli, Stubb vastasi.<\/p>\n<p class=\"paragraph\">H\u00e4nen mukaansa Trump on kuitenkin ehk\u00e4 ainoa henkil\u00f6, joka pystyy sodan lopettamaan, muun muassa siksi, ett\u00e4 h\u00e4nell\u00e4 on siihen tarpeeksi poliittista painetta.<\/p>\n<p class=\"paragraph\">Stubbin mukaan Ukrainan sota ei kuitenkaan lopu t\u00e4n\u00e4 vuonna, mutta jonkinlainen mahdollisuus voisi aueta esimerkiksi helmi-maaliskuussa.<\/p>\n<p class=\"paragraph\">Stubbin arvio perustuu useisiin tapaamisiin, puheluihin ja keskusteluihin, joiden perusteella voidaan p\u00e4\u00e4tell\u00e4, ett\u00e4 \u201djuuri nyt ilmassa ei ole tulitauolle soveltuvaa kehityst\u00e4\u201d.<\/p>\n<p class=\"paragraph\">My\u00f6s Ven\u00e4j\u00e4n jatkamat voimakkaat hy\u00f6kk\u00e4ykset osoittavat Stubbin mukaan sen, ettei se ole valmis p\u00e4\u00e4tt\u00e4m\u00e4\u00e4n sotaa.<\/p>\n","protected":false},"excerpt":{"rendered":"Tasavallan presidentti\u00a0Alexander Stubb kertoi maanantaina Brysseliss\u00e4, ett\u00e4 rauhanneuvottelut ovat suvantovaiheessa ja ett\u00e4 Ukrainan rahoittamisesta voi tulla yhdistelm\u00e4vaihtoehto. Trump&hellip;\n","protected":false},"author":2,"featured_media":92784,"comment_status":"","ping_status":"","sticky":false,"template":"","format":"standard","meta":{"footnotes":""},"categories":[14],"tags":[22,23,26,27,33,31,30,17,24,25,28,29,15,18,21,142,637,144,886,32,19,20,56,16,638,59,60,61],"class_list":{"0":"post-92783","1":"post","2":"type-post","3":"status-publish","4":"format-standard","5":"has-post-thumbnail","7":"category-ulkomaat","8":"tag-breaking-news","9":"tag-breakingnews","10":"tag-featured-news","11":"tag-featurednews","12":"tag-fi","13":"tag-finland","14":"tag-finnish","15":"tag-headlines","16":"tag-latest-news","17":"tag-latestnews","18":"tag-main-news","19":"tag-mainnews","20":"tag-news","21":"tag-otsikot","22":"tag-paauutiset","23":"tag-poliitikot","24":"tag-politiikka","25":"tag-presidentti","26":"tag-puolueet","27":"tag-suomi","28":"tag-top-stories","29":"tag-topstories","30":"tag-ulkomaat","31":"tag-uutiset","32":"tag-valtiovalta","33":"tag-world","34":"tag-world-news","35":"tag-worldnews"},"share_on_mastodon":{"url":"https:\/\/pubeurope.com\/@fi\/115566772666507957","error":""},"_links":{"self":[{"href":"https:\/\/www.europesays.com\/fi\/wp-json\/wp\/v2\/posts\/92783","targetHints":{"allow":["GET"]}}],"collection":[{"href":"https:\/\/www.europesays.com\/fi\/wp-json\/wp\/v2\/posts"}],"about":[{"href":"https:\/\/www.europesays.com\/fi\/wp-json\/wp\/v2\/types\/post"}],"author":[{"embeddable":true,"href":"https:\/\/www.europesays.com\/fi\/wp-json\/wp\/v2\/users\/2"}],"replies":[{"embeddable":true,"href":"https:\/\/www.europesays.com\/fi\/wp-json\/wp\/v2\/comments?post=92783"}],"version-history":[{"count":0,"href":"https:\/\/www.europesays.com\/fi\/wp-json\/wp\/v2\/posts\/92783\/revisions"}],"wp:featuredmedia":[{"embeddable":true,"href":"https:\/\/www.europesays.com\/fi\/wp-json\/wp\/v2\/media\/92784"}],"wp:attachment":[{"href":"https:\/\/www.europesays.com\/fi\/wp-json\/wp\/v2\/media?parent=92783"}],"wp:term":[{"taxonomy":"category","embeddable":true,"href":"https:\/\/www.europesays.com\/fi\/wp-json\/wp\/v2\/categories?post=92783"},{"taxonomy":"post_tag","embeddable":true,"href":"https:\/\/www.europesays.com\/fi\/wp-json\/wp\/v2\/tags?post=92783"}],"curies":[{"name":"wp","href":"https:\/\/api.w.org\/{rel}","templated":true}]}}