{"id":92800,"date":"2025-11-17T20:11:11","date_gmt":"2025-11-17T20:11:11","guid":{"rendered":"https:\/\/www.europesays.com\/fi\/92800\/"},"modified":"2025-11-17T20:11:11","modified_gmt":"2025-11-17T20:11:11","slug":"valkohantapeura-tippui-jaiden-lapi-lampeen-kannonkoskella-keski-suomi","status":"publish","type":"post","link":"https:\/\/www.europesays.com\/fi\/92800\/","title":{"rendered":"Valkoh\u00e4nt\u00e4peura tippui j\u00e4iden l\u00e4pi lampeen Kannonkoskella | Keski-Suomi"},"content":{"rendered":"<p>Valkoh\u00e4nt\u00e4peura tippui j\u00e4iden l\u00e4pi Kannonkoskella sijaitsevaan Ruuhilampeen maanantaiaamuna. Peura oli juossut lammelle ilmeisesti koiran pel\u00e4stytt\u00e4m\u00e4n\u00e4, Keski-Suomen pelastuslaitokselta kerrotaan.<\/p>\n<p>Valkoh\u00e4nt\u00e4peura oli hetken aikaa jumissa lammessa, mutta selvisi lopulta omin avuin pois vedest\u00e4 ennen pelastuslaitoksen saapumista paikalle.<\/p>\n<p>Ilmoitus teht\u00e4v\u00e4st\u00e4 kirjattiin kello 9.15.<\/p>\n","protected":false},"excerpt":{"rendered":"Valkoh\u00e4nt\u00e4peura tippui j\u00e4iden l\u00e4pi Kannonkoskella sijaitsevaan Ruuhilampeen maanantaiaamuna. Peura oli juossut lammelle ilmeisesti koiran pel\u00e4stytt\u00e4m\u00e4n\u00e4, Keski-Suomen pelastuslaitokselta kerrotaan.&hellip;\n","protected":false},"author":2,"featured_media":92801,"comment_status":"","ping_status":"","sticky":false,"template":"","format":"standard","meta":{"footnotes":""},"categories":[112],"tags":[404,33,31,30,588,72,118,591,32,119,534],"class_list":{"0":"post-92800","1":"post","2":"type-post","3":"status-publish","4":"format-standard","5":"has-post-thumbnail","7":"category-tiede","8":"tag-elaimet","9":"tag-fi","10":"tag-finland","11":"tag-finnish","12":"tag-kannonkoski","13":"tag-luonto","14":"tag-science","15":"tag-selkarankaiset","16":"tag-suomi","17":"tag-tiede","18":"tag-ymparisto-ja-luonto"},"share_on_mastodon":{"url":"https:\/\/pubeurope.com\/@fi\/115566862846524525","error":""},"_links":{"self":[{"href":"https:\/\/www.europesays.com\/fi\/wp-json\/wp\/v2\/posts\/92800","targetHints":{"allow":["GET"]}}],"collection":[{"href":"https:\/\/www.europesays.com\/fi\/wp-json\/wp\/v2\/posts"}],"about":[{"href":"https:\/\/www.europesays.com\/fi\/wp-json\/wp\/v2\/types\/post"}],"author":[{"embeddable":true,"href":"https:\/\/www.europesays.com\/fi\/wp-json\/wp\/v2\/users\/2"}],"replies":[{"embeddable":true,"href":"https:\/\/www.europesays.com\/fi\/wp-json\/wp\/v2\/comments?post=92800"}],"version-history":[{"count":0,"href":"https:\/\/www.europesays.com\/fi\/wp-json\/wp\/v2\/posts\/92800\/revisions"}],"wp:featuredmedia":[{"embeddable":true,"href":"https:\/\/www.europesays.com\/fi\/wp-json\/wp\/v2\/media\/92801"}],"wp:attachment":[{"href":"https:\/\/www.europesays.com\/fi\/wp-json\/wp\/v2\/media?parent=92800"}],"wp:term":[{"taxonomy":"category","embeddable":true,"href":"https:\/\/www.europesays.com\/fi\/wp-json\/wp\/v2\/categories?post=92800"},{"taxonomy":"post_tag","embeddable":true,"href":"https:\/\/www.europesays.com\/fi\/wp-json\/wp\/v2\/tags?post=92800"}],"curies":[{"name":"wp","href":"https:\/\/api.w.org\/{rel}","templated":true}]}}