{"id":92821,"date":"2025-11-17T20:42:10","date_gmt":"2025-11-17T20:42:10","guid":{"rendered":"https:\/\/www.europesays.com\/fi\/92821\/"},"modified":"2025-11-17T20:42:10","modified_gmt":"2025-11-17T20:42:10","slug":"hurja-pakkasennatys-rikki-nain-pitkaan-kylmyys-jatkuu","status":"publish","type":"post","link":"https:\/\/www.europesays.com\/fi\/92821\/","title":{"rendered":"Hurja pakkasenn\u00e4tys rikki \u2013 N\u00e4in pitk\u00e4\u00e4n kylmyys jatkuu"},"content":{"rendered":"<p>Euroopan keskipitkien s\u00e4\u00e4ennusteiden keskuksen julkaiseman kuukausiennusteen perusteella s\u00e4\u00e4 pysyy varsin talvisena.<\/p>\n<p><img decoding=\"async\" class=\"image image-show image-preview\" src=\"https:\/\/www.europesays.com\/fi\/wp-content\/uploads\/2025\/11\/3455873787086bce1b5c3a2d4280ab9c65530e50396d34fdb44c60b326cb5743.jpg\" alt=\"\"\/><img decoding=\"async\" class=\"image image-show\" src=\"https:\/\/www.europesays.com\/fi\/wp-content\/uploads\/2025\/11\/1763412129_751_3455873787086bce1b5c3a2d4280ab9c65530e50396d34fdb44c60b326cb5743.jpg\" alt=\"\"\/><\/p>\n<p>Viikko alkoikin kuluvan talven pakkasenn\u00e4tyksell\u00e4, kun Sodankyl\u00e4n Vuotson havaintoasemalla mitattiin maanantaina 17. marraskuuta \u201329,5 astetta. Kuvituskuva. Mikko Huisko<\/p>\n<p class=\"paragraph\">S\u00e4\u00e4 pysyy Suomessa tavanomaista viile\u00e4mp\u00e4n\u00e4 marraskuun loppuun asti, selvi\u00e4\u00e4 Euroopan keskipitkien s\u00e4\u00e4ennusteiden keskuksen (ECMWF) julkaisemasta <a href=\"https:\/\/www.foreca.fi\/meteorologilta\/dio91g9l\" rel=\"noopener nofollow\" target=\"_blank\">kuukausiennusteesta<\/a>.<\/p>\n<p class=\"paragraph\">T\u00e4ll\u00e4 viikolla on tavanomaista kylmemp\u00e4\u00e4, ja l\u00e4hes koko maassa on pakkasta. Ainoastaan l\u00e4nsirannikolla l\u00e4mp\u00f6tilat voivat vaihdella nollan molemmin puolin. Suuressa osassa maata viikon keskil\u00e4mp\u00f6tila on 2\u20135 ja Lapissa jopa 5\u201310 astetta tavallista kylmempi.<\/p>\n<p class=\"paragraph\">Suuressa osassa maata viikko on melko poutainen, mutta keskiviikon ja torstain aikana maan etel\u00e4- ja keskiosassa voi olla lumisateita.<\/p>\n<p>Kuluvan talven pakkasenn\u00e4tys<\/p>\n<p class=\"paragraph\">S\u00e4\u00e4 on muuttunut koko Suomessa talvisemmaksi marraskuun puoliv\u00e4lin tienoilla, ja pakkaset ovat yleistyneet koko maassa. Tavanomaista viile\u00e4mm\u00e4n s\u00e4\u00e4n taustalla vaikuttaa stratosf\u00e4\u00e4riss\u00e4 napa-alueita kiert\u00e4v\u00e4n polaaripy\u00f6rteen heikkeneminen ja sen siirtyminen Fennoskandian ylle.<\/p>\n<p class=\"paragraph\">Viikko alkoikin kuluvan talven pakkasenn\u00e4tyksell\u00e4. Sodankyl\u00e4n Vuotson havaintoasemalla mitattiin maanantaina 17. marraskuuta \u201329,5 astetta.<\/p>\n<p class=\"paragraph\">S\u00e4\u00e4 n\u00e4ytt\u00e4\u00e4 jatkuvan 24. marraskuuta alkavalla viikollakin todenn\u00e4k\u00f6isesti tavanomaista viile\u00e4mp\u00e4n\u00e4, mutta viimeisimmiss\u00e4 ennusteissa matalapaineiden reitti on hieman vaihdellut. Mahdollisten, osaan maata ulottuvien matalapaineiden my\u00f6t\u00e4 Suomeen voisi p\u00e4\u00e4st\u00e4 nousemaan my\u00f6s lauhempaa ilmaa.<\/p>\n<p>Kuvituskuvaa talvisesta mets\u00e4st\u00e4. Outi J\u00e4rvinen \/ KL<\/p>\n<p><a href=\"https:\/\/www.iltalehti.fi\/parassaa?storeCampaign=ArticleBottomBanner\" rel=\"nofollow noopener\" target=\"_blank\"><img decoding=\"async\" src=\"https:\/\/www.europesays.com\/fi\/wp-content\/uploads\/2025\/08\/d0fd7860228df4fdd5fd0367e49d769aa09b08189080ddc5ccdd8c31ad63aca9.png\" alt=\"IL Paras S\u00e4\u00e4 - S\u00e4\u00e4tiedot ja s\u00e4\u00e4ennusteet\"\/><\/a><\/p>\n","protected":false},"excerpt":{"rendered":"Euroopan keskipitkien s\u00e4\u00e4ennusteiden keskuksen julkaiseman kuukausiennusteen perusteella s\u00e4\u00e4 pysyy varsin talvisena. Viikko alkoikin kuluvan talven pakkasenn\u00e4tyksell\u00e4, kun Sodankyl\u00e4n&hellip;\n","protected":false},"author":2,"featured_media":92822,"comment_status":"","ping_status":"","sticky":false,"template":"","format":"standard","meta":{"footnotes":""},"categories":[12],"tags":[35,22,23,26,27,33,31,30,17,713,24,25,28,29,715,15,18,21,710,714,1942,32,19,20,16],"class_list":{"0":"post-92821","1":"post","2":"type-post","3":"status-publish","4":"format-standard","5":"has-post-thumbnail","7":"category-suomi","8":"tag-24h","9":"tag-breaking-news","10":"tag-breakingnews","11":"tag-featured-news","12":"tag-featurednews","13":"tag-fi","14":"tag-finland","15":"tag-finnish","16":"tag-headlines","17":"tag-lampotila-saa","18":"tag-latest-news","19":"tag-latestnews","20":"tag-main-news","21":"tag-mainnews","22":"tag-meteorologia","23":"tag-news","24":"tag-otsikot","25":"tag-paauutiset","26":"tag-saa","27":"tag-saaennustus","28":"tag-sateinen-saa","29":"tag-suomi","30":"tag-top-stories","31":"tag-topstories","32":"tag-uutiset"},"share_on_mastodon":{"url":"https:\/\/pubeurope.com\/@fi\/115566985047602911","error":""},"_links":{"self":[{"href":"https:\/\/www.europesays.com\/fi\/wp-json\/wp\/v2\/posts\/92821","targetHints":{"allow":["GET"]}}],"collection":[{"href":"https:\/\/www.europesays.com\/fi\/wp-json\/wp\/v2\/posts"}],"about":[{"href":"https:\/\/www.europesays.com\/fi\/wp-json\/wp\/v2\/types\/post"}],"author":[{"embeddable":true,"href":"https:\/\/www.europesays.com\/fi\/wp-json\/wp\/v2\/users\/2"}],"replies":[{"embeddable":true,"href":"https:\/\/www.europesays.com\/fi\/wp-json\/wp\/v2\/comments?post=92821"}],"version-history":[{"count":0,"href":"https:\/\/www.europesays.com\/fi\/wp-json\/wp\/v2\/posts\/92821\/revisions"}],"wp:featuredmedia":[{"embeddable":true,"href":"https:\/\/www.europesays.com\/fi\/wp-json\/wp\/v2\/media\/92822"}],"wp:attachment":[{"href":"https:\/\/www.europesays.com\/fi\/wp-json\/wp\/v2\/media?parent=92821"}],"wp:term":[{"taxonomy":"category","embeddable":true,"href":"https:\/\/www.europesays.com\/fi\/wp-json\/wp\/v2\/categories?post=92821"},{"taxonomy":"post_tag","embeddable":true,"href":"https:\/\/www.europesays.com\/fi\/wp-json\/wp\/v2\/tags?post=92821"}],"curies":[{"name":"wp","href":"https:\/\/api.w.org\/{rel}","templated":true}]}}