{"id":92892,"date":"2025-11-17T22:29:09","date_gmt":"2025-11-17T22:29:09","guid":{"rendered":"https:\/\/www.europesays.com\/fi\/92892\/"},"modified":"2025-11-17T22:29:09","modified_gmt":"2025-11-17T22:29:09","slug":"kiiminkijoen-luonto-ihmiset-ja-ajan-virta-tallentuvat-uuteen-videoteokseen","status":"publish","type":"post","link":"https:\/\/www.europesays.com\/fi\/92892\/","title":{"rendered":"Kiiminkijoen luonto, ihmiset ja ajan virta tallentuvat uuteen videoteokseen"},"content":{"rendered":"<p><img loading=\"lazy\" decoding=\"async\" width=\"777\" height=\"437\" src=\"https:\/\/www.europesays.com\/fi\/wp-content\/uploads\/2025\/11\/PiilometasaPaivakoti3_JPG-ran-777x437.jpg\" class=\"attachment-content-single size-content-single wp-post-image\" alt=\"Video- ja kuvataiteilija Marja Haapakangas tallentaa jokivarren ihmisten arvokkaita luontokokemuksia ja tarinoita videoteokseen, joka valmistuu kulttuurip\u00e4\u00e4kaupunkivuoteen 2026. Mukana kuvauksissa olivat my\u00f6s Ylikiimingiss\u00e4 toimivan p\u00e4iv\u00e4koti Piilomets\u00e4n lapset. Kuva: Marja Haapakangas\"   data-copyright=\"\" data-headline=\"Video- ja kuvataiteilija Marja Haapakangas tallentaa jokivarren ihmisten arvokkaita luontokokemuksia ja tarinoita videoteokseen, joka valmistuu kulttuurip\u00e4\u00e4kaupunkivuoteen 2026. Mukana kuvauksissa olivat my\u00f6s Ylikiimingiss\u00e4 toimivan p\u00e4iv\u00e4koti Piilomets\u00e4n lapset. Kuva: Marja Haapakangas&#10;\" data-description=\"\"\/>Video- ja kuvataiteilija Marja Haapakangas tallentaa jokivarren ihmisten arvokkaita luontokokemuksia ja tarinoita videoteokseen, joka valmistuu kulttuurip\u00e4\u00e4kaupunkivuoteen 2026. Mukana kuvauksissa olivat my\u00f6s Ylikiimingiss\u00e4 toimivan p\u00e4iv\u00e4koti Piilomets\u00e4n lapset. Kuva: Marja Haapakangas<\/p>\n<p class=\"entry-meta\">\n18.11.2025   00:01\n<\/p>\n<p class=\"entry-meta entry-meta-rp \">\n\t\t<a href=\"https:\/\/www.rantapohja.fi\/kirjoittaja\/auli-haapala-2\/\" title=\"Kirjoittanut: Auli Haapala\" rel=\"author nofollow noopener\" target=\"_blank\">Auli Haapala<\/a><\/p>\n<p>\t\t\t\t\t\t<a href=\"https:\/\/www.rantapohja.fi\/kategoria\/haukipudas\/\" rel=\"nofollow noopener\" target=\"_blank\">Haukipudas<\/a><br \/>\n\t\t\t\t\t\t\t<a href=\"https:\/\/www.rantapohja.fi\/kategoria\/kiiminki\/\" rel=\"nofollow noopener\" target=\"_blank\">Kiiminki<\/a><br \/>\n\t\t\t\t\t\t\t<a href=\"https:\/\/www.rantapohja.fi\/kategoria\/oulu\/\" rel=\"nofollow noopener\" target=\"_blank\">Oulu<\/a><br \/>\n\t\t\t\t\t\t\t<a href=\"https:\/\/www.rantapohja.fi\/kategoria\/ylikiiminki\/\" rel=\"nofollow noopener\" target=\"_blank\">Ylikiiminki<\/a><\/p>\n<p><b>Arvok\u00adkaan <\/b>ja luon\u00adtoar\u00advoil\u00adtaan ainut\u00adlaa\u00adtui\u00adsen Kii\u00admin\u00adki\u00adjoen sek\u00e4 sen var\u00adrel\u00adla asu\u00advien ihmis\u00adten joki\u00adko\u00adke\u00admuk\u00adsia kuva\u00adtaan ja tal\u00adlen\u00adne\u00adtaan Kii\u00admin\u00adki\u00adjo\u00adki-video\u00adteok\u00adseen, joka val\u00admis\u00adtuu Oulun kult\u00adtuu\u00adri\u00adp\u00e4\u00e4\u00adkau\u00adpun\u00adki\u00advuo\u00adteen 2026. Tai\u00adteel\u00adli\u00adsen ja doku\u00admen\u00adtaa\u00adri\u00adsen video\u00adteok\u00adsen toteut\u00adtaa video- ja kuva\u00adtai\u00adte\u00adli\u00adja <b>Mar\u00adja Haa\u00adpa\u00adkan\u00adgas<\/b>, joka on kotoi\u00adsin Hau\u00adki\u00adpu\u00adtaan Asemakyl\u00e4lt\u00e4.<\/p>\n<p>Vain Tilaa\u00adjil\u00adle<\/p>\n<p>Kir\u00adjau\u00addu sis\u00e4\u00e4n tai tee tilaus<\/p>\n","protected":false},"excerpt":{"rendered":"Video- ja kuvataiteilija Marja Haapakangas tallentaa jokivarren ihmisten arvokkaita luontokokemuksia ja tarinoita videoteokseen, joka valmistuu kulttuurip\u00e4\u00e4kaupunkivuoteen 2026. Mukana&hellip;\n","protected":false},"author":2,"featured_media":92893,"comment_status":"","ping_status":"","sticky":false,"template":"","format":"standard","meta":{"footnotes":""},"categories":[117],"tags":[33,31,30,72,476,118,32,119,477],"class_list":{"0":"post-92892","1":"post","2":"type-post","3":"status-publish","4":"format-standard","5":"has-post-thumbnail","7":"category-luonto","8":"tag-fi","9":"tag-finland","10":"tag-finnish","11":"tag-luonto","12":"tag-nature","13":"tag-science","14":"tag-suomi","15":"tag-tiede","16":"tag-wildlife"},"share_on_mastodon":{"url":"https:\/\/pubeurope.com\/@fi\/115567405597962763","error":""},"_links":{"self":[{"href":"https:\/\/www.europesays.com\/fi\/wp-json\/wp\/v2\/posts\/92892","targetHints":{"allow":["GET"]}}],"collection":[{"href":"https:\/\/www.europesays.com\/fi\/wp-json\/wp\/v2\/posts"}],"about":[{"href":"https:\/\/www.europesays.com\/fi\/wp-json\/wp\/v2\/types\/post"}],"author":[{"embeddable":true,"href":"https:\/\/www.europesays.com\/fi\/wp-json\/wp\/v2\/users\/2"}],"replies":[{"embeddable":true,"href":"https:\/\/www.europesays.com\/fi\/wp-json\/wp\/v2\/comments?post=92892"}],"version-history":[{"count":0,"href":"https:\/\/www.europesays.com\/fi\/wp-json\/wp\/v2\/posts\/92892\/revisions"}],"wp:featuredmedia":[{"embeddable":true,"href":"https:\/\/www.europesays.com\/fi\/wp-json\/wp\/v2\/media\/92893"}],"wp:attachment":[{"href":"https:\/\/www.europesays.com\/fi\/wp-json\/wp\/v2\/media?parent=92892"}],"wp:term":[{"taxonomy":"category","embeddable":true,"href":"https:\/\/www.europesays.com\/fi\/wp-json\/wp\/v2\/categories?post=92892"},{"taxonomy":"post_tag","embeddable":true,"href":"https:\/\/www.europesays.com\/fi\/wp-json\/wp\/v2\/tags?post=92892"}],"curies":[{"name":"wp","href":"https:\/\/api.w.org\/{rel}","templated":true}]}}