{"id":92900,"date":"2025-11-17T22:48:13","date_gmt":"2025-11-17T22:48:13","guid":{"rendered":"https:\/\/www.europesays.com\/fi\/92900\/"},"modified":"2025-11-17T22:48:13","modified_gmt":"2025-11-17T22:48:13","slug":"tanssii-tahtien-kanssa-vappu-pimia-hammentyi-mainoskatkon-aikana-studiolla","status":"publish","type":"post","link":"https:\/\/www.europesays.com\/fi\/92900\/","title":{"rendered":"Tanssii t\u00e4htien kanssa: Vappu Pimi\u00e4 h\u00e4mmentyi mainoskatkon aikana studiolla"},"content":{"rendered":"<p>\n            Vappu Pimi\u00e4, Tanssii t\u00e4htien kanssa, 2025.<br \/>\n            MTV\n        <\/p>\n<p class=\"subtitle \">Suosikkijuontaja Vappu Pimi\u00e4n el\u00e4m\u00e4ss\u00e4 k\u00e4\u00e4ntyy uusi sivu.<\/p>\n<p class=\"article-content article-content-width !bg-background\">Tanssii t\u00e4htien kanssa -semifinaalil\u00e4hetyksess\u00e4 sunnuntaina 16. marraskuuta n\u00e4htiin poikkeuksellisen liikuttava hetki, kun sarjaa\u00a0vuodesta 2009 l\u00e4htien juontanut \u00a0piti suorassa l\u00e4hetyksess\u00e4 katsojille j\u00e4\u00e4hyv\u00e4ispuheensa.<\/p>\n<p class=\"article-content article-content-width !bg-background\">\u2013\u00a0Olin 29-vuotias, kun aloitin t\u00e4ss\u00e4 ohjelmassa, ja nyt olen 47. Mielest\u00e4ni t\u00e4m\u00e4 on tosi hyv\u00e4 hetki luovuttaa soihtu seuraavalle, Vappu sanoi.\u00a0<\/p>\n<p>Yleis\u00f6 villiintyi<\/p>\n<p class=\"article-content article-content-width !bg-background\">Vapun liikutuksen kyyneleet vaihtuivat h\u00e4mmennykseksi, kun kamerat sammuivat muutamiksi minuuteiksi.<\/p>\n<p>        <a itemprop=\"url\" href=\"https:\/\/www.seiska.fi\/katso\/anssi-heikkila-ttk-juontajaksi\/1950382\" rel=\"nofollow noopener\" target=\"_blank\"><\/p>\n<p>\nYll\u00e4tysveto\n<\/p>\n<p class=\"section-date\">\n        <strong class=\"article-section\" data-section=\"katso\"><br \/>\n            katso<br \/>\n        <\/strong><br \/>\n        3.10. 11:15\n    <\/p>\n<p>Anssi Heikkil\u00e4 TTK-juontajaksi?\n    <\/p>\n<p itemprop=\"description\" class=\"subtitle \">\n    Tanssinopettaja Anssi Heikkil\u00e4 on kiinnostunut laajentamaan ammattiosaamistaan.\n<\/p>\n<p>        <\/a><\/p>\n<p class=\"article-content article-content-width !bg-background\">Tv-katsojien seuratessa mainoksia, Vappu rupatteli studioyleis\u00f6lle parketilta.<\/p>\n<p class=\"article-content article-content-width !bg-background\">\u2013\tPyysin, ett\u00e4 saisin kaksi minuuttia sanoakseni kiitokseni, mutta t\u00e4st\u00e4 muusta en tiennyt mit\u00e4\u00e4n, h\u00e4n nauroi.<\/p>\n<p class=\"article-content article-content-width !bg-background\">Yleens\u00e4 mainoskatkolla tanssiparketti putsataan ja studio-ohjaaja viipottaa edestakaisin.<\/p>\n<p class=\"article-content article-content-width !bg-background\">T\u00e4ll\u00e4 kertaa parketti oli kokonaan Vapun, ja kaikkien katseet kohdistuivat suosikkijuontajaan.\u00a0<\/p>\n<p>                <img decoding=\"async\" src=\"https:\/\/www.europesays.com\/fi\/wp-content\/uploads\/2025\/11\/1994716.webp\" width=\"576\" height=\"600\" alt=\"Vapun mukaan monista TTK:ssa n\u00e4hdyist\u00e4 t\u00e4htioppilaista on tullut h\u00e4nen yst\u00e4vi\u00e4\u00e4n. Yksi n\u00e4ist\u00e4 on h\u00e4nen viimeisin juontajaparinsa Ernest.\" loading=\"lazy\" \/>            <\/p>\n<p>\n            Vapun mukaan monista TTK:ssa n\u00e4hdyist\u00e4 t\u00e4htioppilaista on tullut h\u00e4nen yst\u00e4vi\u00e4\u00e4n. Yksi n\u00e4ist\u00e4 on h\u00e4nen viimeisin juontajaparinsa Ernest.<br \/>\n            MTV\n        <\/p>\n<p>        <a itemprop=\"url\" href=\"https:\/\/www.seiska.fi\/katso\/aviomies-sai-vappu-pimian-kyyneliin-ttkssa-nain-han-kommentoi\/1994587\" rel=\"nofollow noopener\" target=\"_blank\"><\/p>\n<p>\nN\u00e4in h\u00e4n kommentoi\n<\/p>\n<p class=\"section-date\">\n        <strong class=\"article-section\" data-section=\"katso\"><br \/>\n            katso<br \/>\n        <\/strong><br \/>\n        08:43\n    <\/p>\n<p>Aviomies sai Vappu Pimi\u00e4n kyyneliin TTK:ssa \u2013 n\u00e4in h\u00e4n kommentoi\n    <\/p>\n<p itemprop=\"description\" class=\"subtitle \">\n    Vappu Pimi\u00e4 sai el\u00e4m\u00e4ns\u00e4 yll\u00e4tyksen, kun h\u00e4nen Teemu-rakkaansa ilmestyi tv-ruuduille Tanssii t\u00e4htien kanssa -l\u00e4hetyksess\u00e4 17. marraskuuta.\n<\/p>\n<p>        <\/a><\/p>\n<p class=\"article-content article-content-width !bg-background\"> seisoi kuuntelemassa yst\u00e4v\u00e4\u00e4ns\u00e4 lavan reunalla poissa parrasvaloista. Tanssijat valmistautuivat studion takatiloissa l\u00e4hetyksen viimeisiin minuutteihin.<\/p>\n<p class=\"article-content article-content-width !bg-background\">Vapun kiitt\u00e4ess\u00e4 viel\u00e4 kertaalleen Tanssii t\u00e4htien kanssa -tiimi\u00e4 ja kaikkia ihmisi\u00e4, joihin h\u00e4n on vuosien saatossa saanut tutustua, TTK-tuomaristo ,  ja   nousivat seisomaan.<\/p>\n<p class=\"article-content article-content-width !bg-background\">Heit\u00e4 seurasi nopeasti koko liveyleis\u00f6, ja studio t\u00e4yttyi raikuvilla aplodeilla, joita kesti useampi minuutti.\u00a0<\/p>\n<p class=\"article-content article-content-width !bg-background\">Vappu oli silmin n\u00e4hden yll\u00e4ttynyt saamastaan kunnianosoituksesta, mutta aikaa kyynelille ei ollut, sill\u00e4 mainoskatkos oli p\u00e4\u00e4ttym\u00e4ss\u00e4. Juontaja kipaisi katsomossa istuvien lastensa ja puolisonsa luokse, ja katosi kulissien taakse valmistautumaan seuraavaan juontoonsa.\u00a0<\/p>\n<p class=\"italic m-italic article-content article-content-width !bg-background\">Tanssii t\u00e4htien kanssa -finaalil\u00e4hetys n\u00e4hd\u00e4\u00e4n sunnuntaina 23. marraskuuta klo 19.30 MTV3:lla ja MTV Katsomossa.\u00a0<\/p>\n<p>        <a itemprop=\"url\" href=\"https:\/\/www.seiska.fi\/katso\/katsojilta-tiukkaa-palautetta-vappu-pimian-ulkonaosta-mummobarometri-kaytossa\/1893893\" rel=\"nofollow noopener\" target=\"_blank\"><\/p>\n<p>\nVappu Pimi\u00e4\n<\/p>\n<p class=\"section-date\">\n        <strong class=\"article-section\" data-section=\"katso\"><br \/>\n            katso<br \/>\n        <\/strong><br \/>\n        16.8. 13:15\n    <\/p>\n<p>Katsojilta tiukkaa palautetta Vappu Pimi\u00e4n ulkon\u00e4\u00f6st\u00e4 \u2013 \u201dmummobarometri\u201d k\u00e4yt\u00f6ss\u00e4\n    <\/p>\n<p itemprop=\"description\" class=\"subtitle \">\n    Vapun mukaan 98 prosenttia Tanssii t\u00e4htien kanssa -ohjelman palautteesta on ihanaa, mutta t\u00f6rkypalautettakin tulee.\n<\/p>\n<p>        <\/a><\/p>\n","protected":false},"excerpt":{"rendered":"Vappu Pimi\u00e4, Tanssii t\u00e4htien kanssa, 2025. MTV Suosikkijuontaja Vappu Pimi\u00e4n el\u00e4m\u00e4ss\u00e4 k\u00e4\u00e4ntyy uusi sivu. Tanssii t\u00e4htien kanssa -semifinaalil\u00e4hetyksess\u00e4&hellip;\n","protected":false},"author":2,"featured_media":92901,"comment_status":"","ping_status":"","sticky":false,"template":"","format":"standard","meta":{"footnotes":""},"categories":[130],"tags":[137,1893,33,31,30,4192,17962,4164,6929,2376,905,4868,32,903,3099,6344,1896,109],"class_list":{"0":"post-92900","1":"post","2":"type-post","3":"status-publish","4":"format-standard","5":"has-post-thumbnail","7":"category-viihde","8":"tag-entertainment","9":"tag-ernest-lawson","10":"tag-fi","11":"tag-finland","12":"tag-finnish","13":"tag-helena-ahti-hallberg","14":"tag-jaahyvaiset","15":"tag-jorma-uotinen","16":"tag-jukka-haapalainen","17":"tag-mtv","18":"tag-mtv3","19":"tag-studio","20":"tag-suomi","21":"tag-tanssii-tahtien-kanssa","22":"tag-ttk","23":"tag-ttk-2025","24":"tag-vappu-pimia","25":"tag-viihde"},"share_on_mastodon":{"url":"https:\/\/pubeurope.com\/@fi\/115567480246623103","error":""},"_links":{"self":[{"href":"https:\/\/www.europesays.com\/fi\/wp-json\/wp\/v2\/posts\/92900","targetHints":{"allow":["GET"]}}],"collection":[{"href":"https:\/\/www.europesays.com\/fi\/wp-json\/wp\/v2\/posts"}],"about":[{"href":"https:\/\/www.europesays.com\/fi\/wp-json\/wp\/v2\/types\/post"}],"author":[{"embeddable":true,"href":"https:\/\/www.europesays.com\/fi\/wp-json\/wp\/v2\/users\/2"}],"replies":[{"embeddable":true,"href":"https:\/\/www.europesays.com\/fi\/wp-json\/wp\/v2\/comments?post=92900"}],"version-history":[{"count":0,"href":"https:\/\/www.europesays.com\/fi\/wp-json\/wp\/v2\/posts\/92900\/revisions"}],"wp:featuredmedia":[{"embeddable":true,"href":"https:\/\/www.europesays.com\/fi\/wp-json\/wp\/v2\/media\/92901"}],"wp:attachment":[{"href":"https:\/\/www.europesays.com\/fi\/wp-json\/wp\/v2\/media?parent=92900"}],"wp:term":[{"taxonomy":"category","embeddable":true,"href":"https:\/\/www.europesays.com\/fi\/wp-json\/wp\/v2\/categories?post=92900"},{"taxonomy":"post_tag","embeddable":true,"href":"https:\/\/www.europesays.com\/fi\/wp-json\/wp\/v2\/tags?post=92900"}],"curies":[{"name":"wp","href":"https:\/\/api.w.org\/{rel}","templated":true}]}}