{"id":92904,"date":"2025-11-17T22:52:08","date_gmt":"2025-11-17T22:52:08","guid":{"rendered":"https:\/\/www.europesays.com\/fi\/92904\/"},"modified":"2025-11-17T22:52:08","modified_gmt":"2025-11-17T22:52:08","slug":"saksassa-julkistettiin-kaksi-bachin-nuoruudenajan-urkukappaletta-uutissuomalainen","status":"publish","type":"post","link":"https:\/\/www.europesays.com\/fi\/92904\/","title":{"rendered":"Saksassa julkistettiin kaksi Bachin nuoruudenajan urkukappaletta | Uutissuomalainen"},"content":{"rendered":"<p>Saksassa julkistettiin maanantaina kaksi s\u00e4velt\u00e4j\u00e4mestari Johann Sebastian Bachin urkukappaletta. Bach s\u00e4velsi teokset teini-ik\u00e4isen\u00e4.<\/p>\n<p>Kappaleet esitettiin ensimm\u00e4ist\u00e4 kertaa 320 vuoteen Leipzigin Tuomaankirkossa (Thomaskirche), jonne Bach on haudattu ja jossa h\u00e4n ty\u00f6skenteli kanttorina 27 vuotta.<\/p>\n<p>\u2013\u2009T\u00e4m\u00e4 on suuri ilon l\u00e4hde monen monelle musiikkia rakastavalle ihmiselle ymp\u00e4ri maailmaa, sanoi Saksan kulttuuriministeri Wolfram Weimer kappaleiden julkistusta edelt\u00e4neess\u00e4 lehdist\u00f6tilaisuudessa.<\/p>\n<p>Bach s\u00e4velsi urkukappaleet uransa alussa, kun h\u00e4n opetti urkujen soittoa Arnstadtin kaupungissa Th\u00fcringeniss\u00e4.<\/p>\n<p>Tutkijat l\u00f6ysiv\u00e4t kappaleet alun perin yli 30 vuotta sitten, mutta niit\u00e4 ei aiemmin ollut pystytty vahvistamaan Bachin s\u00e4velt\u00e4miksi. Asia pystyttiin todentamaan vasta, kun s\u00e4vellykset 1700-luvun alussa muistiin kirjanneen Bachin oppilaan henkil\u00f6llisyys oli saatu vahvistettua.<\/p>\n<p>N\u00e4in Chaconne d-mollissa BWV 1178 sek\u00e4 Chaconne g-mollissa BWV 1179 saatiin lis\u00e4tty\u00e4 maanantaina Bachin viralliseen teosluetteloon.<\/p>\n","protected":false},"excerpt":{"rendered":"Saksassa julkistettiin maanantaina kaksi s\u00e4velt\u00e4j\u00e4mestari Johann Sebastian Bachin urkukappaletta. Bach s\u00e4velsi teokset teini-ik\u00e4isen\u00e4. Kappaleet esitettiin ensimm\u00e4ist\u00e4 kertaa 320&hellip;\n","protected":false},"author":2,"featured_media":92905,"comment_status":"","ping_status":"","sticky":false,"template":"","format":"standard","meta":{"footnotes":""},"categories":[14],"tags":[22,23,26,27,33,31,30,17,108,99,100,24,25,28,29,47,15,18,21,98,32,19,20,56,16,59,60,61],"class_list":{"0":"post-92904","1":"post","2":"type-post","3":"status-publish","4":"format-standard","5":"has-post-thumbnail","7":"category-ulkomaat","8":"tag-breaking-news","9":"tag-breakingnews","10":"tag-featured-news","11":"tag-featurednews","12":"tag-fi","13":"tag-finland","14":"tag-finnish","15":"tag-headlines","16":"tag-kulttuuri","17":"tag-lapset","18":"tag-lapset-ja-nuoret","19":"tag-latest-news","20":"tag-latestnews","21":"tag-main-news","22":"tag-mainnews","23":"tag-musiikki","24":"tag-news","25":"tag-otsikot","26":"tag-paauutiset","27":"tag-perhe","28":"tag-suomi","29":"tag-top-stories","30":"tag-topstories","31":"tag-ulkomaat","32":"tag-uutiset","33":"tag-world","34":"tag-world-news","35":"tag-worldnews"},"share_on_mastodon":{"url":"https:\/\/pubeurope.com\/@fi\/115567496064031996","error":""},"_links":{"self":[{"href":"https:\/\/www.europesays.com\/fi\/wp-json\/wp\/v2\/posts\/92904","targetHints":{"allow":["GET"]}}],"collection":[{"href":"https:\/\/www.europesays.com\/fi\/wp-json\/wp\/v2\/posts"}],"about":[{"href":"https:\/\/www.europesays.com\/fi\/wp-json\/wp\/v2\/types\/post"}],"author":[{"embeddable":true,"href":"https:\/\/www.europesays.com\/fi\/wp-json\/wp\/v2\/users\/2"}],"replies":[{"embeddable":true,"href":"https:\/\/www.europesays.com\/fi\/wp-json\/wp\/v2\/comments?post=92904"}],"version-history":[{"count":0,"href":"https:\/\/www.europesays.com\/fi\/wp-json\/wp\/v2\/posts\/92904\/revisions"}],"wp:featuredmedia":[{"embeddable":true,"href":"https:\/\/www.europesays.com\/fi\/wp-json\/wp\/v2\/media\/92905"}],"wp:attachment":[{"href":"https:\/\/www.europesays.com\/fi\/wp-json\/wp\/v2\/media?parent=92904"}],"wp:term":[{"taxonomy":"category","embeddable":true,"href":"https:\/\/www.europesays.com\/fi\/wp-json\/wp\/v2\/categories?post=92904"},{"taxonomy":"post_tag","embeddable":true,"href":"https:\/\/www.europesays.com\/fi\/wp-json\/wp\/v2\/tags?post=92904"}],"curies":[{"name":"wp","href":"https:\/\/api.w.org\/{rel}","templated":true}]}}