{"id":92918,"date":"2025-11-17T23:17:17","date_gmt":"2025-11-17T23:17:17","guid":{"rendered":"https:\/\/www.europesays.com\/fi\/92918\/"},"modified":"2025-11-17T23:17:17","modified_gmt":"2025-11-17T23:17:17","slug":"suhdanneindeksi-ennustaa-kaannetta-talouteen-verkkouutiset","status":"publish","type":"post","link":"https:\/\/www.europesays.com\/fi\/92918\/","title":{"rendered":"Suhdanneindeksi ennustaa k\u00e4\u00e4nnett\u00e4 talouteen | Verkkouutiset"},"content":{"rendered":"<p class=\"ai-optimize-6 ai-optimize-introduction\">Ilmarisen suhdanneindeksiss\u00e4 on my\u00f6nteisi\u00e4 merkkej\u00e4.<\/p>\n<p class=\"ai-optimize-7\">Indeksin jo yli kaksi vuotta jatkunut negatiivinen kehitys on hidastunut selke\u00e4sti. Lokakuussa ty\u00f6ntekij\u00e4m\u00e4\u00e4r\u00e4 v\u00e4heni -0,2 prosenttia (syyskuu -1,5 prosenttia) verrattuna vuoden takaiseen ajankohtaan. Indeksiss\u00e4 seuratuista toimialoista kasvua oli kuljetuksessa (+1,9 prosenttia), teollisuudessa (+1,1 prosenttia), majoitus- ja ravitsemusalalla (+0,4 prosenttia) sek\u00e4 hallinto- ja tukipalveluissa (+0,2 prosenttia).<\/p>\n<p class=\"ai-optimize-8\">Ilmarisen suhdanneindeksi kertoo ajantasaista tietoa Suomen talouden kehityksest\u00e4. Se kuvaa muutosta yhteens\u00e4 yli 50 000 yrityksen ja noin 600 000 ty\u00f6ntekij\u00e4n joukossa. Suhdanneindeksiin laskettavat 10 toimialaa kattavat valtaosan yksityisest\u00e4 sektorista.<\/p>\n<p class=\"ai-optimize-9\">\u2013 Nyt odotuksena on, ett\u00e4 ensi vuoden alkupuolella indeksiss\u00e4 seuraamamme ty\u00f6llisyyskehitys k\u00e4\u00e4ntyisi positiiviseksi. Erityisesti teollisuus ja laivanrakennus voivat olla kehityksen vetureina. Nvidian ja Nokian tiivistyv\u00e4 yhteisty\u00f6 ja isot laiva- ja j\u00e4\u00e4murtajatilaukset kerrannaisvaikutuksineen luovat teollisuuteen lis\u00e4\u00e4 uskoa, sanoo Ilmarisen tutkija <strong>Jouni Vatanen\u00a0<\/strong>tiedotteessa.<\/p>\n<p class=\"ai-optimize-10\">Lokakuussa seuratuista toimialoista suurimmassa laskussa olivat terveys- ja sosiaalipalvelut (-3,0 prosenttia), rakentaminen (-1,5 prosenttia) sek\u00e4 viestint\u00e4- ja tietotekniikka (-1,0 prosenttia).<\/p>\n<p class=\"ai-optimize-11\">\u2013 Rakentamisen pahin alho n\u00e4ytt\u00e4isi nyt olevan ohitettu. Ensi vuonna rakennusala voi taas l\u00e4hte\u00e4 kasvu-uralle. Kasvua tukevat korkojen lasku, inflaation hidastuminen ja samalla kuluttajien luottamuksen ja ostovoiman elpyminen.\u00a0Uskon alan toipumisen olevan kuitenkin ensi vuonna viel\u00e4 hidasta, Jouni Vatanen kommentoi.<\/p>\n<p class=\"ai-optimize-12\">Alueellisesti tarkasteltuna ty\u00f6ntekij\u00e4m\u00e4\u00e4r\u00e4 nousi vain L\u00e4nsi-Suomessa (+0,3 prosenttia). It\u00e4-Suomessa (+0,0 prosenttia) pysyttiin vuoden takaisella tasolla. Laskussa olivat Pohjois-Suomi (-0,4 prosenttia) ja Etel\u00e4-Suomi (-0,3 prosenttia).<\/p>\n","protected":false},"excerpt":{"rendered":"Ilmarisen suhdanneindeksiss\u00e4 on my\u00f6nteisi\u00e4 merkkej\u00e4. Indeksin jo yli kaksi vuotta jatkunut negatiivinen kehitys on hidastunut selke\u00e4sti. Lokakuussa ty\u00f6ntekij\u00e4m\u00e4\u00e4r\u00e4&hellip;\n","protected":false},"author":2,"featured_media":92919,"comment_status":"","ping_status":"","sticky":false,"template":"","format":"standard","meta":{"footnotes":""},"categories":[76],"tags":[79,77,33,31,30,32,78,862],"class_list":{"0":"post-92918","1":"post","2":"type-post","3":"status-publish","4":"format-standard","5":"has-post-thumbnail","7":"category-talous","8":"tag-business","9":"tag-economy","10":"tag-fi","11":"tag-finland","12":"tag-finnish","13":"tag-suomi","14":"tag-talous","15":"tag-tyollisyys"},"share_on_mastodon":{"url":"https:\/\/pubeurope.com\/@fi\/115567594386706427","error":""},"_links":{"self":[{"href":"https:\/\/www.europesays.com\/fi\/wp-json\/wp\/v2\/posts\/92918","targetHints":{"allow":["GET"]}}],"collection":[{"href":"https:\/\/www.europesays.com\/fi\/wp-json\/wp\/v2\/posts"}],"about":[{"href":"https:\/\/www.europesays.com\/fi\/wp-json\/wp\/v2\/types\/post"}],"author":[{"embeddable":true,"href":"https:\/\/www.europesays.com\/fi\/wp-json\/wp\/v2\/users\/2"}],"replies":[{"embeddable":true,"href":"https:\/\/www.europesays.com\/fi\/wp-json\/wp\/v2\/comments?post=92918"}],"version-history":[{"count":0,"href":"https:\/\/www.europesays.com\/fi\/wp-json\/wp\/v2\/posts\/92918\/revisions"}],"wp:featuredmedia":[{"embeddable":true,"href":"https:\/\/www.europesays.com\/fi\/wp-json\/wp\/v2\/media\/92919"}],"wp:attachment":[{"href":"https:\/\/www.europesays.com\/fi\/wp-json\/wp\/v2\/media?parent=92918"}],"wp:term":[{"taxonomy":"category","embeddable":true,"href":"https:\/\/www.europesays.com\/fi\/wp-json\/wp\/v2\/categories?post=92918"},{"taxonomy":"post_tag","embeddable":true,"href":"https:\/\/www.europesays.com\/fi\/wp-json\/wp\/v2\/tags?post=92918"}],"curies":[{"name":"wp","href":"https:\/\/api.w.org\/{rel}","templated":true}]}}