{"id":92924,"date":"2025-11-17T23:20:08","date_gmt":"2025-11-17T23:20:08","guid":{"rendered":"https:\/\/www.europesays.com\/fi\/92924\/"},"modified":"2025-11-17T23:20:08","modified_gmt":"2025-11-17T23:20:08","slug":"maailmankuulut-artistit-protestoivat-mykkaalbumilla-tekoalyn-uhkaa-kappale-tulossa-myos-paul-mccartneylta-uutissuomalainen","status":"publish","type":"post","link":"https:\/\/www.europesays.com\/fi\/92924\/","title":{"rendered":"Maailmankuulut artistit protestoivat &#8221;mykk\u00e4albumilla&#8221; teko\u00e4lyn uhkaa \u2013 kappale tulossa my\u00f6s Paul McCartneylta | Uutissuomalainen"},"content":{"rendered":"<p>Monet maailmankuulut artistit protestoivat &#8221;mykk\u00e4albumilla&#8221; teko\u00e4lyn uhkaa Britanniassa. Viimeisimp\u00e4n\u00e4 my\u00f6s poplegenda Paul McCartney julkaisee joulukuussa &#8221;myk\u00e4n&#8221; protestilaulun, jolla h\u00e4n vastustaa tekij\u00e4noikeuslain muutoksia Britanniassa.<\/p>\n<p>McCartneyn Bonus Track -niminen kappale on kahden minuutin ja 45 sekunnin \u00e4\u00e4nite tyhj\u00e4st\u00e4 studiosta.<\/p>\n<p>McCartneyn lis\u00e4ksi protestiin ovat liittyneet omilla kappaleillaan my\u00f6s esimerkiksi Hans Zimmer sek\u00e4 laulaja Kate Bush.<\/p>\n<p>Kohua aiheuttaneen lakimuutoksen my\u00f6t\u00e4 teknologiayrityksille sallittaisiin poikkeuksia, jotka muusikoiden ja taiteilijoiden mukaan uhkaisivat heid\u00e4n toimeentuloaan.<\/p>\n<p>Artistit sanovat yhteisess\u00e4 lausunnossaan vastustavansa teko\u00e4lyn luomaa uhkaa luoville aloille.<\/p>\n<p>Mykk\u00e4albumi julkaistiin ensimm\u00e4isen kerran helmikuussa, ja siin\u00e4 on mukana yli 1\u2009000 artistia. Joukossa ovat muiden muassa Annie Lennox, Blur-yhtyeest\u00e4 tunnettu Damon Albarn ja Jamiroquai-yhtye.<\/p>\n<p>\t\t\t\t&#8221;Hy\u00f6dytt\u00e4\u00e4 t\u00e4ysin teknologiaj\u00e4ttej\u00e4&#8221;<\/p>\n<p>Artistien mukaan muutokset helpottaisivat teko\u00e4lymallien kouluttamista luvattomasti teoksilla, jotka on suojattu tekij\u00e4noikeuksilla.<\/p>\n<p>\u2013\u2009Ehdotuksen mukaan Britannian tekij\u00e4noikeuslaki muutettaisiin t\u00e4ysin globaalien teknologiaj\u00e4ttien hy\u00f6dyksi. Teko\u00e4ly-yritykset voisivat vapaasti k\u00e4ytt\u00e4\u00e4 taiteilijoiden t\u00f6it\u00e4 teko\u00e4lymalliensa kouluttamiseen ilman lupaa tai korvauksen maksamista, he sanovat.<\/p>\n<p>Toukokuussa noin 400 kirjailijaa ja muusikkoa, mukaan lukien muusikot Elton John, Ed Sheeran, Dua Lipa ja Sting sek\u00e4 kirjailijat Kazuo Ishiguro, Michael Morpurgo ja Helen Fielding, <a href=\"https:\/\/www.bbc.com\/news\/articles\/c071elp1rv1o\" rel=\"nofollow noopener\" target=\"_blank\">allekirjoitti kirjeen<\/a>, jossa he tuomitsivat lakiehdotukset kutsuen niit\u00e4 &#8221;lahjaksi Piilaaksolle&#8221;.<\/p>\n<p>Britannian p\u00e4\u00e4ministeri Keir Starmer on aiemmin sanonut, ett\u00e4 hallituksen tulee l\u00f6yt\u00e4\u00e4 &#8221;oikea tasapaino&#8221; tekij\u00e4noikeuksien ja teko\u00e4lyn v\u00e4lill\u00e4. H\u00e4n totesi kuitenkin, ett\u00e4 teknologia on my\u00f6s &#8221;valtava mahdollisuus&#8221;.<\/p>\n<p>UK Musicin viime viikolla julkaistun tutkimuksen mukaan per\u00e4ti kaksi kolmasosaa artisteista ja tuottajista pelk\u00e4\u00e4 teko\u00e4lyn uhkaavan heid\u00e4n uraansa.<\/p>\n","protected":false},"excerpt":{"rendered":"Monet maailmankuulut artistit protestoivat &#8221;mykk\u00e4albumilla&#8221; teko\u00e4lyn uhkaa Britanniassa. Viimeisimp\u00e4n\u00e4 my\u00f6s poplegenda Paul McCartney julkaisee joulukuussa &#8221;myk\u00e4n&#8221; protestilaulun, jolla&hellip;\n","protected":false},"author":2,"featured_media":92925,"comment_status":"","ping_status":"","sticky":false,"template":"","format":"standard","meta":{"footnotes":""},"categories":[5],"tags":[138,22,23,26,27,33,31,30,17,2001,108,24,25,28,29,47,3018,141,15,18,21,32,484,19,20,16],"class_list":{"0":"post-92924","1":"post","2":"type-post","3":"status-publish","4":"format-standard","5":"has-post-thumbnail","7":"category-otsikot","8":"tag-audio","9":"tag-breaking-news","10":"tag-breakingnews","11":"tag-featured-news","12":"tag-featurednews","13":"tag-fi","14":"tag-finland","15":"tag-finnish","16":"tag-headlines","17":"tag-kirjailijat","18":"tag-kulttuuri","19":"tag-latest-news","20":"tag-latestnews","21":"tag-main-news","22":"tag-mainnews","23":"tag-musiikki","24":"tag-muusikko","25":"tag-muusikot-bandit","26":"tag-news","27":"tag-otsikot","28":"tag-paauutiset","29":"tag-suomi","30":"tag-taiteellinen-ilmaisu-ja-mediat","31":"tag-top-stories","32":"tag-topstories","33":"tag-uutiset"},"share_on_mastodon":{"url":"https:\/\/pubeurope.com\/@fi\/115567606104766366","error":""},"_links":{"self":[{"href":"https:\/\/www.europesays.com\/fi\/wp-json\/wp\/v2\/posts\/92924","targetHints":{"allow":["GET"]}}],"collection":[{"href":"https:\/\/www.europesays.com\/fi\/wp-json\/wp\/v2\/posts"}],"about":[{"href":"https:\/\/www.europesays.com\/fi\/wp-json\/wp\/v2\/types\/post"}],"author":[{"embeddable":true,"href":"https:\/\/www.europesays.com\/fi\/wp-json\/wp\/v2\/users\/2"}],"replies":[{"embeddable":true,"href":"https:\/\/www.europesays.com\/fi\/wp-json\/wp\/v2\/comments?post=92924"}],"version-history":[{"count":0,"href":"https:\/\/www.europesays.com\/fi\/wp-json\/wp\/v2\/posts\/92924\/revisions"}],"wp:featuredmedia":[{"embeddable":true,"href":"https:\/\/www.europesays.com\/fi\/wp-json\/wp\/v2\/media\/92925"}],"wp:attachment":[{"href":"https:\/\/www.europesays.com\/fi\/wp-json\/wp\/v2\/media?parent=92924"}],"wp:term":[{"taxonomy":"category","embeddable":true,"href":"https:\/\/www.europesays.com\/fi\/wp-json\/wp\/v2\/categories?post=92924"},{"taxonomy":"post_tag","embeddable":true,"href":"https:\/\/www.europesays.com\/fi\/wp-json\/wp\/v2\/tags?post=92924"}],"curies":[{"name":"wp","href":"https:\/\/api.w.org\/{rel}","templated":true}]}}