{"id":92951,"date":"2025-11-18T00:05:08","date_gmt":"2025-11-18T00:05:08","guid":{"rendered":"https:\/\/www.europesays.com\/fi\/92951\/"},"modified":"2025-11-18T00:05:08","modified_gmt":"2025-11-18T00:05:08","slug":"tuomas-iisalon-nba-joukkueen-kiistaa-herattanyt-tahtipelaaja-poissa-peleista-urheilu-2","status":"publish","type":"post","link":"https:\/\/www.europesays.com\/fi\/92951\/","title":{"rendered":"Tuomas Iisalon NBA-joukkueen kiistaa her\u00e4tt\u00e4nyt t\u00e4htipelaaja poissa peleist\u00e4 | Urheilu"},"content":{"rendered":"<p>NBA-koripalloliigassa viime aikoina kohua nostanut Memphis Grizzliesin t\u00e4htitakamies Ja Morant on poissa kokoonpanosta ainakin kaksi viikkoa, NBA <a href=\"https:\/\/www.nba.com\/news\/ja-morant-calf-strain-out-2-weeks\" rel=\"nofollow noopener\" target=\"_blank\">kertoi<\/a> maanantaina. Morantia kiusaa pohjevamma.<\/p>\n<p>Morantin ja seuran suomalaisen p\u00e4\u00e4valmentajan Tuomas Iisalon johtaman Grizzlies-valmennuksen v\u00e4lisist\u00e4 j\u00e4nnitteist\u00e4 raportoitiin tiuhaan alkukuusta. Valmennusta arvostellut Morant sai seuralta yhden ottelun pelikiellon &#8221;joukkueelle haitallisesta k\u00e4yt\u00f6ksest\u00e4&#8221;. Palattuaan peleihin Morant totesi, ett\u00e4 ei tunne iloa koripallon pelaamisesta.<\/p>\n<p>Morant on tehnyt t\u00e4ll\u00e4 kaudella pisteit\u00e4 keskiarvolla 17,9, mutta h\u00e4nen tarkkuutensa on ollut surkeaa. Pelitilanneheittonsa Morant on upottanut vain 36-prosenttisesti, ja kolmen pisteen heitoissa tarkkuus on 16,7. H\u00e4n on pelannut vain 28,8 minuuttia per peli eli v\u00e4hemm\u00e4n kuin yhdell\u00e4k\u00e4\u00e4n aiemmalla kaudellaan NBA:ssa.<\/p>\n<p>Grizzlies on h\u00e4vinnyt nelj\u00e4 viimeisint\u00e4 peli\u00e4\u00e4n ja kahdeksan yhdeks\u00e4st\u00e4 viime ottelustaan. Seuraavaksi joukkue kohtaa San Antonio Spursin keskiviikon vastaisena y\u00f6n\u00e4 Suomen aikaa.<\/p>\n","protected":false},"excerpt":{"rendered":"NBA-koripalloliigassa viime aikoina kohua nostanut Memphis Grizzliesin t\u00e4htitakamies Ja Morant on poissa kokoonpanosta ainakin kaksi viikkoa, NBA kertoi&hellip;\n","protected":false},"author":2,"featured_media":92952,"comment_status":"","ping_status":"","sticky":false,"template":"","format":"standard","meta":{"footnotes":""},"categories":[158],"tags":[1274,33,31,30,41,159,32,160,161],"class_list":{"0":"post-92951","1":"post","2":"type-post","3":"status-publish","4":"format-standard","5":"has-post-thumbnail","7":"category-urheilu","8":"tag-ammattiurheilu","9":"tag-fi","10":"tag-finland","11":"tag-finnish","12":"tag-liikunta-ja-urheilu","13":"tag-sports","14":"tag-suomi","15":"tag-urheilu","16":"tag-urheilutapahtumat"},"share_on_mastodon":{"url":"https:\/\/pubeurope.com\/@fi\/115567783149015594","error":""},"_links":{"self":[{"href":"https:\/\/www.europesays.com\/fi\/wp-json\/wp\/v2\/posts\/92951","targetHints":{"allow":["GET"]}}],"collection":[{"href":"https:\/\/www.europesays.com\/fi\/wp-json\/wp\/v2\/posts"}],"about":[{"href":"https:\/\/www.europesays.com\/fi\/wp-json\/wp\/v2\/types\/post"}],"author":[{"embeddable":true,"href":"https:\/\/www.europesays.com\/fi\/wp-json\/wp\/v2\/users\/2"}],"replies":[{"embeddable":true,"href":"https:\/\/www.europesays.com\/fi\/wp-json\/wp\/v2\/comments?post=92951"}],"version-history":[{"count":0,"href":"https:\/\/www.europesays.com\/fi\/wp-json\/wp\/v2\/posts\/92951\/revisions"}],"wp:featuredmedia":[{"embeddable":true,"href":"https:\/\/www.europesays.com\/fi\/wp-json\/wp\/v2\/media\/92952"}],"wp:attachment":[{"href":"https:\/\/www.europesays.com\/fi\/wp-json\/wp\/v2\/media?parent=92951"}],"wp:term":[{"taxonomy":"category","embeddable":true,"href":"https:\/\/www.europesays.com\/fi\/wp-json\/wp\/v2\/categories?post=92951"},{"taxonomy":"post_tag","embeddable":true,"href":"https:\/\/www.europesays.com\/fi\/wp-json\/wp\/v2\/tags?post=92951"}],"curies":[{"name":"wp","href":"https:\/\/api.w.org\/{rel}","templated":true}]}}