{"id":92970,"date":"2025-11-18T00:35:10","date_gmt":"2025-11-18T00:35:10","guid":{"rendered":"https:\/\/www.europesays.com\/fi\/92970\/"},"modified":"2025-11-18T00:35:10","modified_gmt":"2025-11-18T00:35:10","slug":"finnair-laajentaa-ensi-kesana-12-uutta-kohdetta-stara-fi","status":"publish","type":"post","link":"https:\/\/www.europesays.com\/fi\/92970\/","title":{"rendered":"Finnair laajentaa \u2013 ensi kes\u00e4n\u00e4 12 uutta kohdetta \u2013 Stara.fi"},"content":{"rendered":"<p><strong>Lentoyhti\u00f6 Finnair kertoo laajentavansa verkostoaan ensi vuonna. Yhti\u00f6 lis\u00e4\u00e4 kes\u00e4lle 2026 yhteens\u00e4 12 eri puolilla Eurooppaa sijaitsevaa uutta kohdetta.<\/strong><\/p>\n<p>Finnairin uusia kohteita ovat Viron Kuressaari, Luxemburg, Norjan Stavanger, Kreikan Thessaloniki, Albanian Tirana, Italian Torino ja Ruotsin Uumaja. Uusiin kohteisiin kuuluvat my\u00f6s aiemmin julkistetut Norjan Alta, Italian Catania sek\u00e4 Firenze, Kreikan Kos ja Espanjan Valencia.<\/p>\n<p>Finnair aloittaa lis\u00e4ksi talvella suorat lennot Brysselist\u00e4, Pariisista ja Z\u00fcrichist\u00e4 Suomen Lappiin. Lentoja on kahdesti viikossa. Tiedotteen mukaan suorat lennot t\u00e4ydent\u00e4v\u00e4t Finnairin nykyisi\u00e4 p\u00e4ivitt\u00e4isi\u00e4 yhteyksi\u00e4 Helsingist\u00e4 Lappiin.<\/p>\n<p>Verkostossa 93 Euroopan kohdetta<\/p>\n<p>Uusien kohteiden lennot ovat nyt myynniss\u00e4. Finnairin verkostoon kuuluu vuonna 2026 yhteens\u00e4 93 Euroopan kohdetta, 11 Aasian kohdetta, seitsem\u00e4n Pohjois-Amerikan kohdetta ja kaksi L\u00e4hi-id\u00e4n kohdetta.<\/p>\n<p>Finnairin mukaan kapasiteetin lis\u00e4yksen mahdollistaa yhti\u00f6n nykyisen wetlease-kumppanuuden laajentaminen tanskalaisen Jettimen kanssa.<\/p>\n<p>Finnair lent\u00e4\u00e4 uusiin kohteisiin seuraavasti:<\/p>\n<ul>\n<li>Stavanger: 8 viikkovuoroa<\/li>\n<li>Uumaja: 9 viikkovuoroa, via Vaasa<\/li>\n<li>Luxemburg: 2-3 viikkovuoroa<\/li>\n<li>Thessaloniki: 3 viikkovuoroa<\/li>\n<li>Tirana: 2 viikkovuoroa<\/li>\n<li>Torino: 2-3 viikkovuoroa<\/li>\n<li>Kuressaare: 3 viikkovuoroa<\/li>\n<li>Brusseli-Kittil\u00e4: 2 viikkovuoroa<\/li>\n<li>Zurich-Kittil\u00e4: 2 viikkovuoroa<\/li>\n<li>Pariisi-Rovaniemi: 2 viikkovuoroa<\/li>\n<\/ul>\n<p>\n\t\t\t\tVoit lukea Starassa my\u00f6s lis\u00e4\u00e4 t\u00e4h\u00e4n kyseiseen artikkeliin liittyvist\u00e4 aiheista, kuten <a href=\"https:\/\/www.stara.fi\/asiasanat\/finnair\/\" rel=\"tag nofollow noopener\" target=\"_blank\">Finnair<\/a> tai laajemmin aihealueesta <a href=\"https:\/\/www.stara.fi\/category\/viihdeuutiset\/\" rel=\"category tag nofollow noopener\" target=\"_blank\">Viihdeuutiset<\/a>.\n\t\t\t<\/p>\n","protected":false},"excerpt":{"rendered":"Lentoyhti\u00f6 Finnair kertoo laajentavansa verkostoaan ensi vuonna. Yhti\u00f6 lis\u00e4\u00e4 kes\u00e4lle 2026 yhteens\u00e4 12 eri puolilla Eurooppaa sijaitsevaa uutta&hellip;\n","protected":false},"author":2,"featured_media":35052,"comment_status":"","ping_status":"","sticky":false,"template":"","format":"standard","meta":{"footnotes":""},"categories":[76],"tags":[79,77,33,31,30,32,78],"class_list":{"0":"post-92970","1":"post","2":"type-post","3":"status-publish","4":"format-standard","5":"has-post-thumbnail","7":"category-talous","8":"tag-business","9":"tag-economy","10":"tag-fi","11":"tag-finland","12":"tag-finnish","13":"tag-suomi","14":"tag-talous"},"share_on_mastodon":{"url":"https:\/\/pubeurope.com\/@fi\/115567901067505390","error":""},"_links":{"self":[{"href":"https:\/\/www.europesays.com\/fi\/wp-json\/wp\/v2\/posts\/92970","targetHints":{"allow":["GET"]}}],"collection":[{"href":"https:\/\/www.europesays.com\/fi\/wp-json\/wp\/v2\/posts"}],"about":[{"href":"https:\/\/www.europesays.com\/fi\/wp-json\/wp\/v2\/types\/post"}],"author":[{"embeddable":true,"href":"https:\/\/www.europesays.com\/fi\/wp-json\/wp\/v2\/users\/2"}],"replies":[{"embeddable":true,"href":"https:\/\/www.europesays.com\/fi\/wp-json\/wp\/v2\/comments?post=92970"}],"version-history":[{"count":0,"href":"https:\/\/www.europesays.com\/fi\/wp-json\/wp\/v2\/posts\/92970\/revisions"}],"wp:featuredmedia":[{"embeddable":true,"href":"https:\/\/www.europesays.com\/fi\/wp-json\/wp\/v2\/media\/35052"}],"wp:attachment":[{"href":"https:\/\/www.europesays.com\/fi\/wp-json\/wp\/v2\/media?parent=92970"}],"wp:term":[{"taxonomy":"category","embeddable":true,"href":"https:\/\/www.europesays.com\/fi\/wp-json\/wp\/v2\/categories?post=92970"},{"taxonomy":"post_tag","embeddable":true,"href":"https:\/\/www.europesays.com\/fi\/wp-json\/wp\/v2\/tags?post=92970"}],"curies":[{"name":"wp","href":"https:\/\/api.w.org\/{rel}","templated":true}]}}