{"id":92993,"date":"2025-11-18T01:25:09","date_gmt":"2025-11-18T01:25:09","guid":{"rendered":"https:\/\/www.europesays.com\/fi\/92993\/"},"modified":"2025-11-18T01:25:09","modified_gmt":"2025-11-18T01:25:09","slug":"saksa-jo-21-kertaa-jalkapallon-miesten-mm-kisoihin-myos-hollanti-murskavoitolla-lopputurnaukseen-urheilua-lyhyesti","status":"publish","type":"post","link":"https:\/\/www.europesays.com\/fi\/92993\/","title":{"rendered":"Saksa jo 21. kertaa jalkapallon miesten MM-kisoihin \u2013 my\u00f6s Hollanti murskavoitolla lopputurnaukseen | Urheilua lyhyesti"},"content":{"rendered":"<p class=\"aw-1gybjub aw-5vja16 kEtdKx kmuxyA yle__article__paragraph\">Saksa ja Hollanti sinet\u00f6iv\u00e4t paikkansa ensi kes\u00e4n jalkapallon miesten MM-kisoihin. <\/p>\n<p><img decoding=\"async\" alt=\"Leroy Sane (oik.) juhlii maalintekoa yhdess\u00e4 Saksan k\u00e4rkimies Nick Woltemaden kanssa 17.11.2025.   \" src=\"https:\/\/www.europesays.com\/fi\/wp-content\/uploads\/2025\/11\/39-1555432691b9b3bc8dd8.jpeg\" class=\"aw-1l9m598 hKVVvP\"\/><\/p>\n<p>Avaa kuvien katselu<\/p>\n<p>Leroy Sane (oik.) juhlii maalintekoa yhdess\u00e4 Saksan k\u00e4rkimies Nick Woltemaden kanssa 17.11.2025. Kuva: Lehtikuva<\/p>\n<p class=\"aw-1gybjub aw-1p7kakr kEtdKx cEmitX yle__article__paragraph\">Saksa varmisti paikkansa jalkapallon vuoden 2026 MM-kisoihin murskaamalla A-lohkon k\u00e4rkiottelussa Slovakian 6\u20130 (4\u20130) Leipzigiss\u00e4 maanantaina. <strong class=\"aw-ak79eh KyCXm yle__article__strong\">Leroy San\u00e9<\/strong> osui kahdesti ja <strong class=\"aw-ak79eh KyCXm yle__article__strong\">Nick Woltemade<\/strong> teki maalin kolmannessa ottelussa per\u00e4kk\u00e4in.<\/p>\n<p class=\"aw-1gybjub aw-1p7kakr kEtdKx cEmitX yle__article__paragraph\">Nelinkertainen maailmanmestari osallistuu MM-kisoihin jo 21. kertaa. MM-turnausta on j\u00e4rjestetty 23 kertaa. Saksa ei osallistunut ensimm\u00e4isiin vuoden 1930 MM-kisoihin, eik\u00e4 se saanut osallistua vuoden 1950 turnaukseen.<\/p>\n<p class=\"aw-1gybjub aw-1p7kakr kEtdKx cEmitX yle__article__paragraph\">Mik\u00e4\u00e4n muu maa ei ole ylt\u00e4nyt MM-finaaliin yht\u00e4 monta kertaa kuin Saksa. Se voitti vuosina 1954, 1974, 1990 ja 2014 (kolme ensimm\u00e4ist\u00e4 L\u00e4nsi-Saksana) sek\u00e4 sijoittui toiseksi vuosina 1966, 1982, 1986 ja 2014.<\/p>\n<p class=\"aw-1gybjub aw-1p7kakr kEtdKx cEmitX yle__article__paragraph\">Viimeisten kahden MM-turnauksen alkulohkovaiheessa Saksa kuitenkin putosi, mik\u00e4 on haavoittanut sen asemaa maailman huippujoukkueena.<\/p>\n<p class=\"aw-1gybjub aw-1p7kakr kEtdKx cEmitX yle__article__paragraph\">My\u00f6s Saksan kilpakumppani Hollanti voitti karsintalohkonsa ja lunasti paikkansa ensi vuonna Yhdysvalloissa, Kanadassa ja Meksikossa j\u00e4rjestett\u00e4v\u00e4\u00e4n turnaukseen.<\/p>\n<p class=\"aw-1gybjub aw-1p7kakr kEtdKx cEmitX yle__article__paragraph\">Puhdas 4\u20130 voitto Liettuasta varmisti hollantilaisten karsintalohkon voiton tappiottomalla saldolla, ja joukkue sijoittui Puolan edelle. Hollanti on ollut finaalissa kolme kertaa: vuosina 1974, 1978 ja 2010. Joukkue osallistuu MM-lopputurnaukseen 12. kertaa.<\/p>\n<p class=\"aw-1gybjub aw-1p7kakr kEtdKx cEmitX yle__article__paragraph\">Slovakia ja Puola pelaavat ensi maaliskuussa MM-jatkokarsinnoissa, joiden arvonta suoritetaan torstaina.<\/p>\n<p class=\"aw-1gybjub aw-1p7kakr kEtdKx cEmitX yle__article__paragraph\">P\u00e4\u00e4t\u00f6skierroksella Puola oli kovilla Maltan vieraana, mutta punnersi <strong class=\"aw-ak79eh KyCXm yle__article__strong\">Piotr Zielinskin<\/strong> 85. minuutilla tekem\u00e4ll\u00e4 maalilla 3\u20132-voiton. Malta, joka oli yll\u00e4tt\u00e4nyt aiemmin Suomen vieraissa 1\u20130, vei kotipelins\u00e4 maaliodottaman 2,37\u20131,86 ja huikeat maalipaikat 5\u20132.<\/p>\n<p class=\"aw-1gybjub aw-1p7kakr kEtdKx cEmitX yle__article__paragraph\">Saksa ja Hollanti liittyiv\u00e4t Englannin, Ranskan, Portugalin, Kroatian ja Norjan seuraksi eurooppalaisten maiden joukkoon, jotka ovat jo varmistaneet paikkansa vuoden 2026 MM-kisoissa. Loput viisi suoraa kisapaikkaa jaetaan tiistaina, kun lohkovaiheet saadaan p\u00e4\u00e4t\u00f6kseen.<\/p>\n<p class=\"aw-1gybjub aw-1p7kakr kEtdKx cEmitX yle__article__paragraph\">MM-karsintapelit ja maalintekij\u00e4t (teksti-tv) <a class=\"aw-iao6s4 iHOxEa yle__article__link\" href=\"https:\/\/yle.fi\/aihe\/tekstitv?P=652\" role=\"link\" rel=\"nofollow noopener\" target=\"_blank\">t\u00e4\u00e4lt\u00e4<\/a>, taulukot <a class=\"aw-iao6s4 iHOxEa yle__article__link\" href=\"https:\/\/yle.fi\/aihe\/tekstitv?P=653\" role=\"link\" rel=\"nofollow noopener\" target=\"_blank\">t\u00e4\u00e4lt\u00e4<\/a><\/p>\n","protected":false},"excerpt":{"rendered":"Saksa ja Hollanti sinet\u00f6iv\u00e4t paikkansa ensi kes\u00e4n jalkapallon miesten MM-kisoihin. Avaa kuvien katselu Leroy Sane (oik.) juhlii maalintekoa&hellip;\n","protected":false},"author":2,"featured_media":92994,"comment_status":"","ping_status":"","sticky":false,"template":"","format":"standard","meta":{"footnotes":""},"categories":[158],"tags":[33,31,30,43,1622,2824,1623,18398,159,32,160],"class_list":{"0":"post-92993","1":"post","2":"type-post","3":"status-publish","4":"format-standard","5":"has-post-thumbnail","7":"category-urheilu","8":"tag-fi","9":"tag-finland","10":"tag-finnish","11":"tag-jalkapallo","12":"tag-jalkapalloilijat","13":"tag-jalkapalloilijat-miehet","14":"tag-miesten-jalkapallo","15":"tag-mm-kilpailut","16":"tag-sports","17":"tag-suomi","18":"tag-urheilu"},"share_on_mastodon":{"url":"https:\/\/pubeurope.com\/@fi\/115568097891988741","error":""},"_links":{"self":[{"href":"https:\/\/www.europesays.com\/fi\/wp-json\/wp\/v2\/posts\/92993","targetHints":{"allow":["GET"]}}],"collection":[{"href":"https:\/\/www.europesays.com\/fi\/wp-json\/wp\/v2\/posts"}],"about":[{"href":"https:\/\/www.europesays.com\/fi\/wp-json\/wp\/v2\/types\/post"}],"author":[{"embeddable":true,"href":"https:\/\/www.europesays.com\/fi\/wp-json\/wp\/v2\/users\/2"}],"replies":[{"embeddable":true,"href":"https:\/\/www.europesays.com\/fi\/wp-json\/wp\/v2\/comments?post=92993"}],"version-history":[{"count":0,"href":"https:\/\/www.europesays.com\/fi\/wp-json\/wp\/v2\/posts\/92993\/revisions"}],"wp:featuredmedia":[{"embeddable":true,"href":"https:\/\/www.europesays.com\/fi\/wp-json\/wp\/v2\/media\/92994"}],"wp:attachment":[{"href":"https:\/\/www.europesays.com\/fi\/wp-json\/wp\/v2\/media?parent=92993"}],"wp:term":[{"taxonomy":"category","embeddable":true,"href":"https:\/\/www.europesays.com\/fi\/wp-json\/wp\/v2\/categories?post=92993"},{"taxonomy":"post_tag","embeddable":true,"href":"https:\/\/www.europesays.com\/fi\/wp-json\/wp\/v2\/tags?post=92993"}],"curies":[{"name":"wp","href":"https:\/\/api.w.org\/{rel}","templated":true}]}}