{"id":93001,"date":"2025-11-18T01:32:08","date_gmt":"2025-11-18T01:32:08","guid":{"rendered":"https:\/\/www.europesays.com\/fi\/93001\/"},"modified":"2025-11-18T01:32:08","modified_gmt":"2025-11-18T01:32:08","slug":"sauna-paloi-pelastuslaitos-kehuu-asukkaiden-toimintaa","status":"publish","type":"post","link":"https:\/\/www.europesays.com\/fi\/93001\/","title":{"rendered":"Sauna paloi \u2013 pelastuslaitos kehuu asukkaiden toimintaa"},"content":{"rendered":"<p>Asukkaat tekiv\u00e4t pienen mutta merkitt\u00e4v\u00e4n asian poistuessaan palavasta asunnosta.<\/p>\n<p class=\"article-body mb-nof-24 px-nof-16\">Turkulaisesta kerrostaloasunnosta tuhoutuivat sauna ja kylpyhuone tulipalossa maanantain ja tiistain v\u00e4lisen\u00e4 y\u00f6n\u00e4, kertoo Varsinais-Suomen pelastuslaitos.<\/p>\n<p class=\"article-body mb-nof-24 px-nof-16\">Asunnon asukkaat p\u00e4\u00e4siv\u00e4t poistumaan asunnosta. Kukaan ei tarvinnut jatkohoitoa ensihoidon tekem\u00e4n tarkastuksen j\u00e4lkeen.<\/p>\n<p class=\"article-body mb-nof-24 px-nof-16\">Pelastuslaitos kiittelee tiedotteessaan asukkaiden toimintaa. Asunnosta poistuessaan he ansiokkaasti sulkivat porrashuoneeseen johtavan oven per\u00e4ss\u00e4\u00e4n, pelastuslaitos kertoo. T\u00e4m\u00e4n takia porrashuoneeseen ei p\u00e4\u00e4ssyt levi\u00e4m\u00e4\u00e4n savua juuri ollenkaan.<\/p>\n<p class=\"article-body mb-nof-24 px-nof-16\">Pelastuslaitos sammutti palon ja tuuletti asunnon. Asunto k\u00e4rsi niin pahoja savuvahinkoja, ettei se ole asuttavassa kunnossa.<\/p>\n<p class=\"article-body mb-nof-24 px-nof-16\">Pelastuslaitos tarkasti varmuuden vuoksi muut asunnot palaneen asunnon l\u00e4helt\u00e4. Joistakin asunnoista piti tuulettaa savua pois.<\/p>\n<p class=\"article-body mb-nof-24 px-nof-16\">Tulipalo kahdeksankerroksisessa talossa Petreliuksen kaupunginosassa huomattiin noin kello yksi y\u00f6ll\u00e4.<\/p>\n","protected":false},"excerpt":{"rendered":"Asukkaat tekiv\u00e4t pienen mutta merkitt\u00e4v\u00e4n asian poistuessaan palavasta asunnosta. Turkulaisesta kerrostaloasunnosta tuhoutuivat sauna ja kylpyhuone tulipalossa maanantain ja&hellip;\n","protected":false},"author":2,"featured_media":1024,"comment_status":"","ping_status":"","sticky":false,"template":"","format":"standard","meta":{"footnotes":""},"categories":[5],"tags":[22,23,26,27,33,31,30,17,34,24,25,28,29,15,18,21,32,19,20,16],"class_list":{"0":"post-93001","1":"post","2":"type-post","3":"status-publish","4":"format-standard","5":"has-post-thumbnail","7":"category-otsikot","8":"tag-breaking-news","9":"tag-breakingnews","10":"tag-featured-news","11":"tag-featurednews","12":"tag-fi","13":"tag-finland","14":"tag-finnish","15":"tag-headlines","16":"tag-ilta-sanomat","17":"tag-latest-news","18":"tag-latestnews","19":"tag-main-news","20":"tag-mainnews","21":"tag-news","22":"tag-otsikot","23":"tag-paauutiset","24":"tag-suomi","25":"tag-top-stories","26":"tag-topstories","27":"tag-uutiset"},"share_on_mastodon":{"url":"https:\/\/pubeurope.com\/@fi\/115568125078335664","error":""},"_links":{"self":[{"href":"https:\/\/www.europesays.com\/fi\/wp-json\/wp\/v2\/posts\/93001","targetHints":{"allow":["GET"]}}],"collection":[{"href":"https:\/\/www.europesays.com\/fi\/wp-json\/wp\/v2\/posts"}],"about":[{"href":"https:\/\/www.europesays.com\/fi\/wp-json\/wp\/v2\/types\/post"}],"author":[{"embeddable":true,"href":"https:\/\/www.europesays.com\/fi\/wp-json\/wp\/v2\/users\/2"}],"replies":[{"embeddable":true,"href":"https:\/\/www.europesays.com\/fi\/wp-json\/wp\/v2\/comments?post=93001"}],"version-history":[{"count":0,"href":"https:\/\/www.europesays.com\/fi\/wp-json\/wp\/v2\/posts\/93001\/revisions"}],"wp:featuredmedia":[{"embeddable":true,"href":"https:\/\/www.europesays.com\/fi\/wp-json\/wp\/v2\/media\/1024"}],"wp:attachment":[{"href":"https:\/\/www.europesays.com\/fi\/wp-json\/wp\/v2\/media?parent=93001"}],"wp:term":[{"taxonomy":"category","embeddable":true,"href":"https:\/\/www.europesays.com\/fi\/wp-json\/wp\/v2\/categories?post=93001"},{"taxonomy":"post_tag","embeddable":true,"href":"https:\/\/www.europesays.com\/fi\/wp-json\/wp\/v2\/tags?post=93001"}],"curies":[{"name":"wp","href":"https:\/\/api.w.org\/{rel}","templated":true}]}}