{"id":93003,"date":"2025-11-18T01:42:09","date_gmt":"2025-11-18T01:42:09","guid":{"rendered":"https:\/\/www.europesays.com\/fi\/93003\/"},"modified":"2025-11-18T01:42:09","modified_gmt":"2025-11-18T01:42:09","slug":"mitka-samsung-laitteet-eivat-ole-viela-vastaanottaneet-one-ui-8-paivitys-samsung-magazine","status":"publish","type":"post","link":"https:\/\/www.europesays.com\/fi\/93003\/","title":{"rendered":"Mitk\u00e4 Samsung-laitteet eiv\u00e4t ole viel\u00e4 vastaanottaneet One UI 8 p\u00e4ivitys? \u2013 Samsung Magazine"},"content":{"rendered":"<p>Samsung alkoi julkaista ensimm\u00e4isi\u00e4 laitteitaan syyskuun puoliv\u00e4liss\u00e4. Galaxy vakaa p\u00e4ivitys One UI 8. Se on sittemmin saavuttanut valtaosan laitteista, ja vain muutama on j\u00e4ljell\u00e4. Mitk\u00e4 ne ovat?<\/p>\n<p>Vakaa p\u00e4ivitys One UI 8 saa n\u00e4m\u00e4 puhelimet ja tabletit marraskuun aikana Galaxy:<\/p>\n<ul>\n<li>Galaxy A24<\/li>\n<li>Galaxy A16 4g<\/li>\n<li>Galaxy A15 4g<\/li>\n<li>Galaxy M07<\/li>\n<li>Galaxy F07<\/li>\n<li>Galaxy Tab A11<\/li>\n<li>Galaxy Tab A9 +<\/li>\n<\/ul>\n<p>P\u00e4\u00e4llirakenne One UI Android 16:een perustuva 8 tuo mukanaan useita hy\u00f6dyllisi\u00e4 uusia ominaisuuksia ja parannuksia, kuten p\u00e4ivitetyn S\u00e4\u00e4-sovelluksen, sulavammat animaatiot, uudet kellotyylit tai uuden 90:10 jaetun n\u00e4yt\u00f6n kuvasuhteen parempaa moniajoa varten. Lippulaivamalleissa Galaxy p\u00e4ivitys tarjoaa sitten uusia ominaisuuksia ja teko\u00e4lyparannuksia.<\/p>\n<p>                                <a href=\"https:\/\/samsungmagazine.eu\/fi\/2025\/11\/10\/co-jsou-na-samsung-telefonu-ostatni-soubory\/\" class=\"thumbnail\" title=\"Mit\u00e4 muita filej\u00e4 Samsung-puhelimessa on? One UI 8 voit vihdoin poistaa ne\" rel=\"nofollow noopener\" target=\"_blank\"><\/p>\n<p>    <img decoding=\"async\" class=\"lazyload landscape \"  data- src=\"https:\/\/www.europesays.com\/fi\/wp-content\/uploads\/2025\/11\/Pece-o-zarizeni-cover.jpg\" title=\"Laitteen kannen hoito\" alt=\"Laitteen kannen hoito\" data-caption=\"\" data-orig-width=\"1900\" data-orig-height=\"1425\"\/><br \/>\n                    <\/a><\/p>\n<p class=\"gt-block\">Samsung ty\u00f6skentelee my\u00f6s aktiivisesti mm. (Android 16:lta on viel\u00e4 tulossa) p\u00e4\u00e4llirakenne One UI 8.5, mik\u00e4 voisi tuoda mukanaan viel\u00e4 suurempia suunnittelumuutoksia. Verrattuna One UI 8:n pit\u00e4isi olla visuaalisesti rikkaampi p\u00e4ivitys, jossa on parannetut j\u00e4rjestelm\u00e4sovellukset ja k\u00e4ytt\u00f6liittym\u00e4. Seuraava versio One UI on m\u00e4\u00e4r\u00e4 saada debyyttins\u00e4 sarjassa Galaxy S26, joka uusimpien vuotojen mukaan esitell\u00e4\u00e4n tammikuun lopussa ja lanseerataan helmikuun puoliv\u00e4liss\u00e4.<\/p>\n","protected":false},"excerpt":{"rendered":"Samsung alkoi julkaista ensimm\u00e4isi\u00e4 laitteitaan syyskuun puoliv\u00e4liss\u00e4. Galaxy vakaa p\u00e4ivitys One UI 8. Se on sittemmin saavuttanut valtaosan&hellip;\n","protected":false},"author":2,"featured_media":257,"comment_status":"","ping_status":"","sticky":false,"template":"","format":"standard","meta":{"footnotes":""},"categories":[86],"tags":[420,33,31,30,421,32,91,92],"class_list":{"0":"post-93003","1":"post","2":"type-post","3":"status-publish","4":"format-standard","5":"has-post-thumbnail","7":"category-laitteet","8":"tag-equipment","9":"tag-fi","10":"tag-finland","11":"tag-finnish","12":"tag-laitteet","13":"tag-suomi","14":"tag-technology","15":"tag-teknologia"},"share_on_mastodon":{"url":"https:\/\/pubeurope.com\/@fi\/115568164543238843","error":""},"_links":{"self":[{"href":"https:\/\/www.europesays.com\/fi\/wp-json\/wp\/v2\/posts\/93003","targetHints":{"allow":["GET"]}}],"collection":[{"href":"https:\/\/www.europesays.com\/fi\/wp-json\/wp\/v2\/posts"}],"about":[{"href":"https:\/\/www.europesays.com\/fi\/wp-json\/wp\/v2\/types\/post"}],"author":[{"embeddable":true,"href":"https:\/\/www.europesays.com\/fi\/wp-json\/wp\/v2\/users\/2"}],"replies":[{"embeddable":true,"href":"https:\/\/www.europesays.com\/fi\/wp-json\/wp\/v2\/comments?post=93003"}],"version-history":[{"count":0,"href":"https:\/\/www.europesays.com\/fi\/wp-json\/wp\/v2\/posts\/93003\/revisions"}],"wp:featuredmedia":[{"embeddable":true,"href":"https:\/\/www.europesays.com\/fi\/wp-json\/wp\/v2\/media\/257"}],"wp:attachment":[{"href":"https:\/\/www.europesays.com\/fi\/wp-json\/wp\/v2\/media?parent=93003"}],"wp:term":[{"taxonomy":"category","embeddable":true,"href":"https:\/\/www.europesays.com\/fi\/wp-json\/wp\/v2\/categories?post=93003"},{"taxonomy":"post_tag","embeddable":true,"href":"https:\/\/www.europesays.com\/fi\/wp-json\/wp\/v2\/tags?post=93003"}],"curies":[{"name":"wp","href":"https:\/\/api.w.org\/{rel}","templated":true}]}}