{"id":93012,"date":"2025-11-18T01:57:11","date_gmt":"2025-11-18T01:57:11","guid":{"rendered":"https:\/\/www.europesays.com\/fi\/93012\/"},"modified":"2025-11-18T01:57:11","modified_gmt":"2025-11-18T01:57:11","slug":"riikka-purra-suomalaisten-pitaisi-lisaantya-entiseen-tapaan","status":"publish","type":"post","link":"https:\/\/www.europesays.com\/fi\/93012\/","title":{"rendered":"Riikka Purra: Suomalaisten pit\u00e4isi lis\u00e4\u00e4nty\u00e4 entiseen tapaan"},"content":{"rendered":"<p><strong class=\"typography-bold\">Valtiovarainministerin mielest\u00e4 veroja tulisi kevent\u00e4\u00e4 sopeutustarpeesta huolimatta ensi kaudella.\u00a0<\/strong><\/p>\n<p>Valtiovarainministeri <strong class=\"typography-bold\">Riikka Purran <\/strong>(ps.) mielest\u00e4 suomalaiset pit\u00e4isi saada lis\u00e4\u00e4ntym\u00e4\u00e4n &#8221;entiseen tapaan&#8221;.\u00a0<\/p>\n<p>T\u00e4ll\u00e4 hetkell\u00e4 Suomen ongelmana on matala syntyvyys, ja siit\u00e4 johtuva ik\u00e4\u00e4ntyv\u00e4 v\u00e4est\u00f6rakenne, mink\u00e4 vuoksi muun muassa el\u00e4kemaksuja on jouduttu korottamaan &#8221;kohtuuttoman paljon&#8221;, Purra sanoi elinkeinoel\u00e4m\u00e4n keskusliiton (EK) syysseminaarissa.<\/p>\n<p>\u2013 Suomalaiset pit\u00e4isi saada lis\u00e4\u00e4ntym\u00e4\u00e4n entiseen tapaan, kuten vaikkapa 1960-luvulla. Mutta en lainkaan aio kaivaa verta nen\u00e4st\u00e4ni ehdottamalla mink\u00e4\u00e4nlaisia talkoita. Kunhan totean t\u00e4m\u00e4nkin tosiasian.<\/p>\n<p><strong class=\"typography-bold\">Lue my\u00f6s: <\/strong><a class=\"underline\" data-testid=\"internal-link\" role=\"link\" data-sentry-element=\"Link\" data-sentry-component=\"InternalLink\" data-sentry-source-file=\"InternalLink.tsx\" href=\"https:\/\/www.mtvuutiset.fi\/artikkeli\/syntyvyydessa-saavutettiin-jalleen-uusi-pohjalukema\/9087358\" rel=\"nofollow noopener\" target=\"_blank\"><strong class=\"typography-bold\">Suomen syntyvyys historiallisen matalalla<\/strong><\/a><\/p>\n<p>Hallituskausi on osoittautunut odotettua huomattavasti haastavammaksi taloustilanteen osalta, mink\u00e4 vuoksi hallitusneuvotteluissa sovitut kuuden miljardin euron sopeutukset eiv\u00e4t ole riitt\u00e4neet, Purra sanoo.<\/p>\n<p>Hallitus on p\u00e4\u00e4tt\u00e4nyt yhteens\u00e4 noin 10 miljardin euron sopeutuksista, ja samanlainen sopeutustarve on Purran mukaan edess\u00e4 my\u00f6s ensi kaudella.<\/p>\n","protected":false},"excerpt":{"rendered":"Valtiovarainministerin mielest\u00e4 veroja tulisi kevent\u00e4\u00e4 sopeutustarpeesta huolimatta ensi kaudella.\u00a0 Valtiovarainministeri Riikka Purran (ps.) mielest\u00e4 suomalaiset pit\u00e4isi saada lis\u00e4\u00e4ntym\u00e4\u00e4n&hellip;\n","protected":false},"author":2,"featured_media":93013,"comment_status":"","ping_status":"","sticky":false,"template":"","format":"standard","meta":{"footnotes":""},"categories":[12],"tags":[22,23,26,27,33,31,30,17,24,25,28,29,15,18,21,32,19,20,16],"class_list":{"0":"post-93012","1":"post","2":"type-post","3":"status-publish","4":"format-standard","5":"has-post-thumbnail","7":"category-suomi","8":"tag-breaking-news","9":"tag-breakingnews","10":"tag-featured-news","11":"tag-featurednews","12":"tag-fi","13":"tag-finland","14":"tag-finnish","15":"tag-headlines","16":"tag-latest-news","17":"tag-latestnews","18":"tag-main-news","19":"tag-mainnews","20":"tag-news","21":"tag-otsikot","22":"tag-paauutiset","23":"tag-suomi","24":"tag-top-stories","25":"tag-topstories","26":"tag-uutiset"},"share_on_mastodon":{"url":"https:\/\/pubeurope.com\/@fi\/115568223435334014","error":""},"_links":{"self":[{"href":"https:\/\/www.europesays.com\/fi\/wp-json\/wp\/v2\/posts\/93012","targetHints":{"allow":["GET"]}}],"collection":[{"href":"https:\/\/www.europesays.com\/fi\/wp-json\/wp\/v2\/posts"}],"about":[{"href":"https:\/\/www.europesays.com\/fi\/wp-json\/wp\/v2\/types\/post"}],"author":[{"embeddable":true,"href":"https:\/\/www.europesays.com\/fi\/wp-json\/wp\/v2\/users\/2"}],"replies":[{"embeddable":true,"href":"https:\/\/www.europesays.com\/fi\/wp-json\/wp\/v2\/comments?post=93012"}],"version-history":[{"count":0,"href":"https:\/\/www.europesays.com\/fi\/wp-json\/wp\/v2\/posts\/93012\/revisions"}],"wp:featuredmedia":[{"embeddable":true,"href":"https:\/\/www.europesays.com\/fi\/wp-json\/wp\/v2\/media\/93013"}],"wp:attachment":[{"href":"https:\/\/www.europesays.com\/fi\/wp-json\/wp\/v2\/media?parent=93012"}],"wp:term":[{"taxonomy":"category","embeddable":true,"href":"https:\/\/www.europesays.com\/fi\/wp-json\/wp\/v2\/categories?post=93012"},{"taxonomy":"post_tag","embeddable":true,"href":"https:\/\/www.europesays.com\/fi\/wp-json\/wp\/v2\/tags?post=93012"}],"curies":[{"name":"wp","href":"https:\/\/api.w.org\/{rel}","templated":true}]}}