{"id":93101,"date":"2025-11-18T04:34:10","date_gmt":"2025-11-18T04:34:10","guid":{"rendered":"https:\/\/www.europesays.com\/fi\/93101\/"},"modified":"2025-11-18T04:34:10","modified_gmt":"2025-11-18T04:34:10","slug":"palaneesta-hakkivarastosta-raivattiin-ulos-musta-tavararoykkio-talta-ikaalisten-tulipalopaikalla-nayttaa","status":"publish","type":"post","link":"https:\/\/www.europesays.com\/fi\/93101\/","title":{"rendered":"Palaneesta h\u00e4kkivarastosta raivattiin ulos musta tavarar\u00f6ykki\u00f6 \u2013 t\u00e4lt\u00e4 Ikaalisten tulipalopaikalla n\u00e4ytt\u00e4\u00e4"},"content":{"rendered":"<p>Kahden lapsen ajattelematon tulenk\u00e4sittely aiheutti h\u00e4kkivaraston tulipalon Ikaalisissa. Nyt evakuoidut asukkaat kertovat, mit\u00e4 sunnuntai-iltana tapahtui.<\/p>\n<p>17.11. 18:03<\/p>\n<p class=\"article-body mb-nof-24 px-nof-16\">Aamulehti<\/p>\n<p class=\"article-body mb-nof-24 px-nof-16\">Puolenp\u00e4iv\u00e4n aikaan maanantaina Ikaalisten Ojasenkadulla ihmisi\u00e4 alkaa saapua noutamaan tavaroita kodeistaan. Vasta kotiovesta sis\u00e4\u00e4n p\u00e4\u00e4sty\u00e4\u00e4n heille selvi\u00e4\u00e4, millaisia vahinkoja sunnuntai-iltana kerrostalon h\u00e4kkivarastossa roihunnut tulipalo on aiheuttanut.<\/p>\n","protected":false},"excerpt":{"rendered":"Kahden lapsen ajattelematon tulenk\u00e4sittely aiheutti h\u00e4kkivaraston tulipalon Ikaalisissa. Nyt evakuoidut asukkaat kertovat, mit\u00e4 sunnuntai-iltana tapahtui. 17.11. 18:03 Aamulehti&hellip;\n","protected":false},"author":2,"featured_media":93102,"comment_status":"","ping_status":"","sticky":false,"template":"","format":"standard","meta":{"footnotes":""},"categories":[5],"tags":[157,22,23,26,27,33,31,30,17,24,25,28,29,15,18,21,32,19,20,16],"class_list":{"0":"post-93101","1":"post","2":"type-post","3":"status-publish","4":"format-standard","5":"has-post-thumbnail","7":"category-otsikot","8":"tag-aamulehti","9":"tag-breaking-news","10":"tag-breakingnews","11":"tag-featured-news","12":"tag-featurednews","13":"tag-fi","14":"tag-finland","15":"tag-finnish","16":"tag-headlines","17":"tag-latest-news","18":"tag-latestnews","19":"tag-main-news","20":"tag-mainnews","21":"tag-news","22":"tag-otsikot","23":"tag-paauutiset","24":"tag-suomi","25":"tag-top-stories","26":"tag-topstories","27":"tag-uutiset"},"share_on_mastodon":{"url":"https:\/\/pubeurope.com\/@fi\/115568840755241617","error":""},"_links":{"self":[{"href":"https:\/\/www.europesays.com\/fi\/wp-json\/wp\/v2\/posts\/93101","targetHints":{"allow":["GET"]}}],"collection":[{"href":"https:\/\/www.europesays.com\/fi\/wp-json\/wp\/v2\/posts"}],"about":[{"href":"https:\/\/www.europesays.com\/fi\/wp-json\/wp\/v2\/types\/post"}],"author":[{"embeddable":true,"href":"https:\/\/www.europesays.com\/fi\/wp-json\/wp\/v2\/users\/2"}],"replies":[{"embeddable":true,"href":"https:\/\/www.europesays.com\/fi\/wp-json\/wp\/v2\/comments?post=93101"}],"version-history":[{"count":0,"href":"https:\/\/www.europesays.com\/fi\/wp-json\/wp\/v2\/posts\/93101\/revisions"}],"wp:featuredmedia":[{"embeddable":true,"href":"https:\/\/www.europesays.com\/fi\/wp-json\/wp\/v2\/media\/93102"}],"wp:attachment":[{"href":"https:\/\/www.europesays.com\/fi\/wp-json\/wp\/v2\/media?parent=93101"}],"wp:term":[{"taxonomy":"category","embeddable":true,"href":"https:\/\/www.europesays.com\/fi\/wp-json\/wp\/v2\/categories?post=93101"},{"taxonomy":"post_tag","embeddable":true,"href":"https:\/\/www.europesays.com\/fi\/wp-json\/wp\/v2\/tags?post=93101"}],"curies":[{"name":"wp","href":"https:\/\/api.w.org\/{rel}","templated":true}]}}