{"id":93107,"date":"2025-11-18T04:49:09","date_gmt":"2025-11-18T04:49:09","guid":{"rendered":"https:\/\/www.europesays.com\/fi\/93107\/"},"modified":"2025-11-18T04:49:09","modified_gmt":"2025-11-18T04:49:09","slug":"unelmahaista-tuttu-mika-menehtyi-43-vuotiaana-vaimo-julkaisi-koskettavan-viestin","status":"publish","type":"post","link":"https:\/\/www.europesays.com\/fi\/93107\/","title":{"rendered":"Unelmah\u00e4ist\u00e4 tuttu Mika menehtyi 43-vuotiaana \u2013 vaimo julkaisi koskettavan viestin"},"content":{"rendered":"<p>Unelmah\u00e4\u00e4t-sarjasta tutun Mika menehtyi elokuussa. Nyt h\u00e4nen vaimonsa Pauliina julkaisi t\u00e4rke\u00e4n viestin ohjelman Facebook-sivustolla.<\/p>\n<p class=\"article-body mb-nof-24 px-nof-16\">Unelmah\u00e4\u00e4t-sarjan kuudennelle kaudelle osallistunutta <a class=\"article-personlink\" href=\"https:\/\/www.is.fi\/haku\/?query=Pauliinaa\" rel=\"nofollow noopener\" target=\"_blank\">Pauliinaa<\/a> kohtasi suuri suru elokuussa, kun h\u00e4nen puolisonsa <a class=\"article-personlink\" href=\"https:\/\/www.is.fi\/haku\/?query=Mika%20Leinonen\" rel=\"nofollow noopener\" target=\"_blank\">Mika Leinonen<\/a> menehtyi 43-vuotiaana.<\/p>\n<p class=\"article-body mb-nof-24 px-nof-16\">Nyt Pauliina kertoo tilanteestaan videolla, joka on julkaistu Unelmah\u00e4iden <a class=\"article-genericlink\" href=\"https:\/\/www.facebook.com\/people\/Unelmah%C3%A4%C3%A4t-tv-sarja\/100063643297097\/\" rel=\"nofollow noopener\" target=\"_blank\">Facebook-tilill\u00e4<\/a> pari viikkoa sitten. Facebook-sivustolla useat aikaisempien kausien parit ovat p\u00e4ivitelleet tv-katsojille kuulumisiaan kuvausten j\u00e4lkeen.<\/p>\n<p class=\"article-body mb-nof-24 px-nof-16\">Facebook-p\u00e4ivityksess\u00e4 Pauliinalla kerrotaan olevan t\u00e4rke\u00e4 viesti h\u00e4\u00e4pareille.<\/p>\n<p class=\"article-body mb-nof-24 px-nof-16\">\u2013 Halusin puhua hetken siit\u00e4, kuinka iso merkitys avioliitolla on ja mit\u00e4 se tarkoittaa, h\u00e4n aloittaa videon.<\/p>\n<p class=\"article-body mb-nof-24 px-nof-16\">\u2013 Avioliiton on lupaus loppuel\u00e4m\u00e4st\u00e4 toisen kanssa. Se on kumppanuutta, yst\u00e4vyytt\u00e4 ja rakkautta. Mutta se ei ole mik\u00e4\u00e4n itsest\u00e4\u00e4n selvyys. Sen haluan sanoa, ett\u00e4 \u00e4lk\u00e4\u00e4 my\u00f6sk\u00e4\u00e4n pit\u00e4k\u00f6 itsest\u00e4\u00e4nselvyyten\u00e4 sit\u00e4 toista ihmist\u00e4 siin\u00e4. Olkaa pahoinakin p\u00e4ivin\u00e4 kiitollisia siit\u00e4, ett\u00e4 toinen on siin\u00e4, koska huonotkin kokemukset on kokemuksia. Ne kuuluut t\u00e4h\u00e4n prosessiin, h\u00e4n sanoo.<\/p>\n<p class=\"article-body mb-nof-24 px-nof-16\">Unelmah\u00e4\u00e4t-morsian sanoo haluavansa muistuttaa ihmisi\u00e4 siit\u00e4, ett\u00e4 jokainen yhteinen hetki on t\u00e4rke\u00e4. H\u00e4n kertoo h\u00e4nen ja Mikan olleen yhdess\u00e4 kymmenen vuoden ajan, joista kolme vuotta he olivat naimisissa.<\/p>\n<p class=\"article-body mb-nof-24 px-nof-16\">\u2013 Koskaan ei tied\u00e4 mit\u00e4 tapahtuu. Olkaa onnellisia. Olen onnellinen kaikkien puolesta, jotka ovat l\u00f6yt\u00e4neet ihmisen jota rakastaa ja viett\u00e4\u00e4 el\u00e4m\u00e4ns\u00e4.<\/p>\n<p class=\"article-body mb-nof-24 px-nof-16\">\u2013 Mulle k\u00e4vi n\u00e4in, mutta ei auta pys\u00e4hty\u00e4. On ment\u00e4v\u00e4 eteenp\u00e4in. Nyt ei tunnu silt\u00e4, mutta ehk\u00e4 jonain p\u00e4iv\u00e4n\u00e4 viel\u00e4 voin luvata saman jollekin toiselle, mutta nyt se ei ole ajankohtaista. El\u00e4m\u00e4n on pakko jatkua, Pauliina sanoo.<\/p>\n<p class=\"article-body mb-nof-24 px-nof-16\">H\u00e4n n\u00e4ytt\u00e4\u00e4 videolla my\u00f6s ihoaan koristavan muistotatuoinnin, jossa on Mikan nimi.<\/p>\n<p class=\"article-body mb-nof-24 px-nof-16\">\u2013 Pit\u00e4k\u00e4\u00e4 toisistanne hyv\u00e4\u00e4 huolta ja pit\u00e4k\u00e4\u00e4 tosistanne lujaa kiinni, Pauliina p\u00e4\u00e4tt\u00e4\u00e4 videon.<\/p>\n<p class=\"article-body mb-nof-24 px-nof-16\">Pauliinan julkaisema video on koskettanut sarjan faneja ja Facebook on t\u00e4yttynyt sadoista kommenteista.<\/p>\n<p class=\"article-body mb-nof-24 px-nof-16\">\u2013 Voimia \u00e4\u00e4rett\u00f6m\u00e4n suuressa surussa, kommenteissa kirjoitetaan.<\/p>\n<p class=\"article-body mb-nof-24 px-nof-16\">\u2013 Paljon voimia, Facebookissa kirjoitetaan.<\/p>\n<p class=\"article-body mb-nof-24 px-nof-16\">Monet kiitt\u00e4v\u00e4t Pauliinaa siit\u00e4, kuinka kauniisti h\u00e4n puhuu avioliitosta ja sen merkityksest\u00e4.<\/p>\n<p class=\"article-body mb-nof-24 px-nof-16\">\u2013 Nostit puheeksi t\u00e4rke\u00e4n asian, kommenteissa kirjoitetaan.<\/p>\n<p class=\"article-body mb-nof-24 px-nof-16\">\u2013 L\u00e4mmin osanotto Pauliina sinulla ja t\u00e4rke\u00e4\u00e4 asiaa puhut, kommenteissa kiitet\u00e4\u00e4n.<\/p>\n<p class=\"article-body mb-nof-24 px-nof-16\">Pauliina puolestaan kiitt\u00e4\u00e4 sarjan katsojia saamistaan kauniista viesteist\u00e4, joita h\u00e4n kertoo lukeneensa kyynelsilmin.<\/p>\n<p class=\"article-body mb-nof-24 px-nof-16\">\u2013 Sain t\u00e4st\u00e4 kyll\u00e4 lis\u00e4\u00e4 voimaa tulevaan, kiitos, h\u00e4n kirjoittaa.<\/p>\n<p class=\"article-body mb-nof-24 px-nof-16\">Pauliina ja Mika Leinonen osallistuivat Unelmah\u00e4\u00e4t-sarjaan vuonna 2023. Pari tapasi lokakuussa 2015 illanistujaisissa yhteisen tuttavan luona.<\/p>\n<p class=\"article-body mb-nof-24 px-nof-16\">Ilta jatkui Mikan asunnolle, jossa he avautuivat toisilleen kaikesta pahasta, mit\u00e4 he ovat el\u00e4m\u00e4ns\u00e4 aikana toisille ihmisille tehneet. Avoimuus vetosi puolin ja toisin, ja heti seuraavana p\u00e4iv\u00e4n\u00e4 sek\u00e4 Pauliina ja Mika olivat valmiit j\u00e4tt\u00e4m\u00e4\u00e4n silloiset puolivakavat suhteensa ja keskittym\u00e4\u00e4n t\u00e4ysill\u00e4 toisiinsa.<\/p>\n<p class=\"article-body mb-nof-24 px-nof-16\">Vuoden seurustelun j\u00e4lkeen Mika kosi Paulinaa t\u00e4m\u00e4n is\u00e4n 60-vuotissyntym\u00e4p\u00e4ivill\u00e4.<\/p>\n","protected":false},"excerpt":{"rendered":"Unelmah\u00e4\u00e4t-sarjasta tutun Mika menehtyi elokuussa. Nyt h\u00e4nen vaimonsa Pauliina julkaisi t\u00e4rke\u00e4n viestin ohjelman Facebook-sivustolla. Unelmah\u00e4\u00e4t-sarjan kuudennelle kaudelle osallistunutta&hellip;\n","protected":false},"author":2,"featured_media":93108,"comment_status":"","ping_status":"","sticky":false,"template":"","format":"standard","meta":{"footnotes":""},"categories":[133],"tags":[137,33,31,30,34,32,206,156,109],"class_list":{"0":"post-93107","1":"post","2":"type-post","3":"status-publish","4":"format-standard","5":"has-post-thumbnail","7":"category-televisiot","8":"tag-entertainment","9":"tag-fi","10":"tag-finland","11":"tag-finnish","12":"tag-ilta-sanomat","13":"tag-suomi","14":"tag-televisiot","15":"tag-tv","16":"tag-viihde"},"share_on_mastodon":{"url":"https:\/\/pubeurope.com\/@fi\/115568899762850306","error":""},"_links":{"self":[{"href":"https:\/\/www.europesays.com\/fi\/wp-json\/wp\/v2\/posts\/93107","targetHints":{"allow":["GET"]}}],"collection":[{"href":"https:\/\/www.europesays.com\/fi\/wp-json\/wp\/v2\/posts"}],"about":[{"href":"https:\/\/www.europesays.com\/fi\/wp-json\/wp\/v2\/types\/post"}],"author":[{"embeddable":true,"href":"https:\/\/www.europesays.com\/fi\/wp-json\/wp\/v2\/users\/2"}],"replies":[{"embeddable":true,"href":"https:\/\/www.europesays.com\/fi\/wp-json\/wp\/v2\/comments?post=93107"}],"version-history":[{"count":0,"href":"https:\/\/www.europesays.com\/fi\/wp-json\/wp\/v2\/posts\/93107\/revisions"}],"wp:featuredmedia":[{"embeddable":true,"href":"https:\/\/www.europesays.com\/fi\/wp-json\/wp\/v2\/media\/93108"}],"wp:attachment":[{"href":"https:\/\/www.europesays.com\/fi\/wp-json\/wp\/v2\/media?parent=93107"}],"wp:term":[{"taxonomy":"category","embeddable":true,"href":"https:\/\/www.europesays.com\/fi\/wp-json\/wp\/v2\/categories?post=93107"},{"taxonomy":"post_tag","embeddable":true,"href":"https:\/\/www.europesays.com\/fi\/wp-json\/wp\/v2\/tags?post=93107"}],"curies":[{"name":"wp","href":"https:\/\/api.w.org\/{rel}","templated":true}]}}