{"id":93123,"date":"2025-11-18T05:15:07","date_gmt":"2025-11-18T05:15:07","guid":{"rendered":"https:\/\/www.europesays.com\/fi\/93123\/"},"modified":"2025-11-18T05:15:07","modified_gmt":"2025-11-18T05:15:07","slug":"marion-rung-paljastaa-suhdestatuksensa-vain-elamaa-ohjelmassa","status":"publish","type":"post","link":"https:\/\/www.europesays.com\/fi\/93123\/","title":{"rendered":"Marion Rung paljastaa suhdestatuksensa Vain el\u00e4m\u00e4\u00e4 -ohjelmassa"},"content":{"rendered":"<p>            ATTE KAJOVA\n        <\/p>\n<p class=\"subtitle \">Marion Rung vastaa auliisti seurustelu-uteluihin Vain el\u00e4m\u00e4\u00e4 -ohjelmassa.<\/p>\n<p class=\"article-content article-content-width !bg-background\">Vain el\u00e4m\u00e4\u00e4 -ohjelmassa on edetty erikoisjaksoihin. P\u00f6yd\u00e4n p\u00e4\u00e4h\u00e4n istahtaa Nelosella 21.11. televisioitavassa jaksossa kunniavieras .<\/p>\n<p class=\"font-weight-bold m-font-weight-bold article-content article-content-width !bg-background\">Video: Marion Rungin sinkkutilitys:<\/p>\n<p class=\"article-content article-content-width !bg-background\">Jakso on jo katsottavissa maksullisessa Ruutu+-palvelussa. Pitk\u00e4n linjan laulajalle esiintyv\u00e4t illan aikana , , ,  sek\u00e4 vierailevat artistit  ja .<\/p>\n<p class=\"article-content article-content-width !bg-background\">Marion on tehnyt yli 60 vuotta kest\u00e4neen musiikkiuran. H\u00e4n nousi koko kansan suosioon vuonna 1962 edustaessaan alaik\u00e4isen\u00e4 Suomea Euroviisuissa Tipi-tii-kappaleella. Marion palasi viisuihin vuonna 1973 Tom Tom Tom -kappaleella ja sijoittui kuudenneksi. Marion on saanut uransa aikana lukuisia tunnustuksia, kuten Iskelm\u00e4-Finlandian, Erikois-Emman sek\u00e4 valtion taiteilijael\u00e4kkeen ja Pro Finlandia -mitalin.<\/p>\n<p>        <a itemprop=\"url\" href=\"https:\/\/www.seiska.fi\/katso\/vain-elamaa-artisti-tuli-ohjelmaan-etsimaan-puolisoa\/1992282\" rel=\"nofollow noopener\" target=\"_blank\"><\/p>\n<p>\nVain el\u00e4m\u00e4\u00e4 -artisti\n<\/p>\n<p class=\"section-date\">\n        <strong class=\"article-section\" data-section=\"katso\"><br \/>\n            katso<br \/>\n        <\/strong><br \/>\n        14.11. 08:15\n    <\/p>\n<p>Vain el\u00e4m\u00e4\u00e4 -artisti tuli ohjelmaan etsim\u00e4\u00e4n puolisoa\n    <\/p>\n<p itemprop=\"description\" class=\"subtitle \">\n    Vain el\u00e4m\u00e4\u00e4 -artisti paljastaa ohjelmassa seurusteluhalunsa.\n<\/p>\n<p>        <\/a><\/p>\n<p>Kalastaja puhuttaa<\/p>\n<p class=\"article-content article-content-width !bg-background\">Jaksossa artistit istahtavat yhteisen p\u00f6yd\u00e4n \u00e4\u00e4reen sy\u00f6m\u00e4\u00e4n lounasta. Tarjolla on muun muassa kalaa ja Marion kertoo pit\u00e4v\u00e4ns\u00e4 kalaruuista. Jonna Tervomaa ottaa t\u00e4st\u00e4 heti kopin ja kysyy kiertoilmauksin Marionin suhdestatusta.<\/p>\n<p class=\"article-content article-content-width !bg-background\">\u2013 Onko sulla joku oma kalastaja? Jonna utelee.<\/p>\n<p class=\"article-content article-content-width !bg-background\">\u2013 Ei t\u00e4ll\u00e4 hetkell\u00e4, Marion toteaa.<\/p>\n<p class=\"article-content article-content-width !bg-background\">\u2013 No h\u00f6h, vaikka onhan se&#8230; kalastajat voivat vied\u00e4 paljon energiaa, Jonna vastaa.<\/p>\n<p>        <a itemprop=\"url\" href=\"https:\/\/www.seiska.fi\/kotimaa\/kaarijan-outo-kaytos-marion-rungia-kohtaan-hammentaa\/1976827\" rel=\"nofollow noopener\" target=\"_blank\"><\/p>\n<p>\nKohtasi iskelm\u00e4t\u00e4hden\n<\/p>\n<p class=\"section-date\">\n        <strong class=\"article-section\" data-section=\"kotimaa\"><br \/>\n            kotimaa<br \/>\n        <\/strong><br \/>\n        29.10. 18:30\n    <\/p>\n<p>K\u00e4\u00e4rij\u00e4n outo k\u00e4yt\u00f6s Marion Rungia kohtaan h\u00e4mment\u00e4\u00e4\n    <\/p>\n<p itemprop=\"description\" class=\"subtitle \">\n    Euroviisuartistit kokoontuivat yhteen, mutta Marion Rung j\u00e4i ulkopuoliseksi nuorison somesta.\n<\/p>\n<p>        <\/a><\/p>\n<p class=\"article-content article-content-width !bg-background\">Aihepiiriin palataan jaksossa my\u00f6hemmin, kun Marion muistelee musiikkiuransa alkua viel\u00e4 alaik\u00e4isen\u00e4 tytt\u00f6n\u00e4 ja my\u00f6hemmin t\u00e4ysi-ik\u00e4isen\u00e4 artistina.<\/p>\n<p class=\"article-content article-content-width !bg-background\">\u2013 Huh huh, mit\u00e4 muistoja Marion alustaa.<\/p>\n<p class=\"article-content article-content-width !bg-background\">Jonna tarttuu taas t\u00e4kyyn ja pyyt\u00e4\u00e4 Marionia t\u00e4sment\u00e4m\u00e4\u00e4n.<\/p>\n<p class=\"article-content article-content-width !bg-background\">\u2013 Oli kalastelijoita, mutta m\u00e4 olen ollut tarkka kakara, Marion summaa.<\/p>\n<p class=\"article-content article-content-width !bg-background\"><a href=\"https:\/\/www.hs.fi\/kulttuuri\/art-2000009469945.html\" target=\"_blank\" rel=\"nofollow noopener\">Kalastajavertaukset saattavat juontaa juurensa Marionin Leidit lavalla -kokoonpanon j\u00e4seneen, <\/a>. Katri on viitannut\u00a0 julkisuudessa avopuolisoonsa  termill\u00e4 &#8221;kalakaveri&#8221;.<\/p>\n<p>Kariutuneita liittoja<\/p>\n<p class=\"article-content article-content-width !bg-background\">Marion on ollut naimisissa kolmesti. Syksyll\u00e4 2022 Marion ilmoitti eronneensa manageripuolisonsa  kanssa 11 vuoden avioliiton j\u00e4lkeen.<\/p>\n<p class=\"article-content article-content-width !bg-background\">Marion oli kymmenen vuotta yhdess\u00e4 ja viisi vuotta kihloissa avopuolisonsa  kanssa. Tapani kuoli sy\u00f6p\u00e4\u00e4n vuonna 2006 sairastettuaan vain pari kuukautta. H\u00e4n oli kuollessaan 60-vuotias.<\/p>\n<p>        <a itemprop=\"url\" href=\"https:\/\/www.seiska.fi\/kotimaa\/oho-mita-tapahtui-marion-rungin-huulille\/1947828\" rel=\"nofollow noopener\" target=\"_blank\"><\/p>\n<p>\nOho!\n<\/p>\n<p class=\"section-date\">\n        <strong class=\"article-section\" data-section=\"kotimaa\"><br \/>\n            kotimaa<br \/>\n        <\/strong><br \/>\n        1.10. 14:59\n    <\/p>\n<p>Oho! Mit\u00e4 tapahtui Marion Rungin huulille?\n    <\/p>\n<p itemprop=\"description\" class=\"subtitle \">\n    My\u00f6s Eino &#8221;Eikka&#8221; Gr\u00f6n p\u00e4\u00e4si palkintosijoille.\n<\/p>\n<p>        <\/a><\/p>\n<p class=\"article-content article-content-width !bg-background\">Marionilla on vuonna 1982 syntynyt tyt\u00e4r yhdest\u00e4 avioliitostaan.<\/p>\n<p class=\"italic m-italic article-content article-content-width !bg-background\">Vain el\u00e4m\u00e4\u00e4 Nelosella perjantaisin klo 20. Jaksot katsottavissa my\u00f6s Ruudussa.<\/p>\n","protected":false},"excerpt":{"rendered":"ATTE KAJOVA Marion Rung vastaa auliisti seurustelu-uteluihin Vain el\u00e4m\u00e4\u00e4 -ohjelmassa. Vain el\u00e4m\u00e4\u00e4 -ohjelmassa on edetty erikoisjaksoihin. P\u00f6yd\u00e4n p\u00e4\u00e4h\u00e4n&hellip;\n","protected":false},"author":2,"featured_media":93124,"comment_status":"","ping_status":"","sticky":false,"template":"","format":"standard","meta":{"footnotes":""},"categories":[133],"tags":[137,909,33,31,30,1005,1034,18418,32,206,1318,156,4914,109],"class_list":{"0":"post-93123","1":"post","2":"type-post","3":"status-publish","4":"format-standard","5":"has-post-thumbnail","7":"category-televisiot","8":"tag-entertainment","9":"tag-euroviisut","10":"tag-fi","11":"tag-finland","12":"tag-finnish","13":"tag-katri-helena","14":"tag-marion-rung","15":"tag-suhdestatus","16":"tag-suomi","17":"tag-televisiot","18":"tag-tv-ohjelma","19":"tag-tv","20":"tag-vain-elamaa","21":"tag-viihde"},"share_on_mastodon":{"url":"https:\/\/pubeurope.com\/@fi\/115569002009389341","error":""},"_links":{"self":[{"href":"https:\/\/www.europesays.com\/fi\/wp-json\/wp\/v2\/posts\/93123","targetHints":{"allow":["GET"]}}],"collection":[{"href":"https:\/\/www.europesays.com\/fi\/wp-json\/wp\/v2\/posts"}],"about":[{"href":"https:\/\/www.europesays.com\/fi\/wp-json\/wp\/v2\/types\/post"}],"author":[{"embeddable":true,"href":"https:\/\/www.europesays.com\/fi\/wp-json\/wp\/v2\/users\/2"}],"replies":[{"embeddable":true,"href":"https:\/\/www.europesays.com\/fi\/wp-json\/wp\/v2\/comments?post=93123"}],"version-history":[{"count":0,"href":"https:\/\/www.europesays.com\/fi\/wp-json\/wp\/v2\/posts\/93123\/revisions"}],"wp:featuredmedia":[{"embeddable":true,"href":"https:\/\/www.europesays.com\/fi\/wp-json\/wp\/v2\/media\/93124"}],"wp:attachment":[{"href":"https:\/\/www.europesays.com\/fi\/wp-json\/wp\/v2\/media?parent=93123"}],"wp:term":[{"taxonomy":"category","embeddable":true,"href":"https:\/\/www.europesays.com\/fi\/wp-json\/wp\/v2\/categories?post=93123"},{"taxonomy":"post_tag","embeddable":true,"href":"https:\/\/www.europesays.com\/fi\/wp-json\/wp\/v2\/tags?post=93123"}],"curies":[{"name":"wp","href":"https:\/\/api.w.org\/{rel}","templated":true}]}}