{"id":93157,"date":"2025-11-18T06:09:08","date_gmt":"2025-11-18T06:09:08","guid":{"rendered":"https:\/\/www.europesays.com\/fi\/93157\/"},"modified":"2025-11-18T06:09:08","modified_gmt":"2025-11-18T06:09:08","slug":"eras-suomen-parhaista-punkyhtyeista-julkaisi-uutta-musiikkia-ei-enaa-kauaa-huippudotettuun-uutuuslevyyn","status":"publish","type":"post","link":"https:\/\/www.europesays.com\/fi\/93157\/","title":{"rendered":"Er\u00e4s Suomen parhaista punkyhtyeist\u00e4 julkaisi uutta musiikkia \u2013 ei en\u00e4\u00e4 kauaa huippudotettuun uutuuslevyyn"},"content":{"rendered":"<p><strong>Nyrkkitappelu <\/strong>valmistelee parhaillaan uutta studioalbumia. Perjantaina 20. helmikuuta ilmestyv\u00e4lt\u00e4 levylt\u00e4 on t\u00e4h\u00e4n menness\u00e4 julkaistu kaksi single\u00e4. Nosta sun nyrkkis ilmaan! ilmestyi jo aiemmin, ja perjantaina 14.11. ilmestyi Soronoo.\u00a0<\/p>\n<p>Soronoosta yhtyeen solisti <strong>Hepe <\/strong>kertoo seuraavaa:<\/p>\n<p>\u201dSoronoo on biisi rajusta rock\u2019n\u2019roll-el\u00e4m\u00e4st\u00e4, jossa jokainen ilta on jatkumoa edelliselle \u2013 jatkot on aina seuraavien bileiden etkot. Me ollaan b\u00e4ndi, joka ei pys\u00e4hdy eik\u00e4 kumartele, vaan painetaan eteenp\u00e4in niin kauan kuin taksikyyti l\u00f6ytyy. Kertos\u00e4e on kansaan uppoavaa mollijollotusta, sill\u00e4 me halutaan olla koko kansan b\u00e4ndi \u2013 ja tullaan sit\u00e4 my\u00f6s olemaan. Soronoo on sek\u00e4 hyv\u00e4stij\u00e4tt\u00f6 eiliselle ett\u00e4 lupaus uusista riennoista.\u201d<\/p>\n<p>Lue my\u00f6s: <a href=\"https:\/\/www.rumba.fi\/uutiset\/tama-yhtye-on-noussut-salakavalasti-suomen-suosituimpien-punkbandien-joukkoon-nyt-saatiin-livena-ihastuttanut-uusi-single\/\" title=\"T\u00e4m\u00e4 yhtye on noussut salakavalasti Suomen suosituimpien punkb\u00e4ndien joukkoon \u2013 nyt saatiin liven\u00e4 ihastuttanut uusi single\" class=\"underline-custom !font-montserrat !font-bold !underline-offset-4 !decoration-4 !decoration-tilt-light !text-md\" rel=\"nofollow noopener\" target=\"_blank\">T\u00e4m\u00e4 yhtye on noussut salakavalasti Suomen suosituimpien punkb\u00e4ndien joukkoon \u2013 nyt saatiin liven\u00e4 ihastuttanut uusi single<\/a><\/p>\n<p>Marraskuussa Nyrkkitappelu esiintyy keikoilla P\u00e4lk\u00e4neen Garage Barissa sek\u00e4 Porin Isom\u00e4ki Rocks -tapahtumassa yhdess\u00e4 <strong>Stam1nan <\/strong>ja <strong>Turmion K\u00e4til\u00f6iden<\/strong> kanssa. Yhtye on lis\u00e4ksi julkistanut t\u00e4n\u00e4\u00e4n ensimm\u00e4isen osan kev\u00e4\u00e4n levynjulkaisukiertueestaan. Keikkapaikat l\u00f6yd\u00e4t kappalelinkin alta.<\/p>\n<p><img loading=\"lazy\" decoding=\"async\" alt=\"YouTube video\" width=\"480\" height=\"360\" data-pin-nopin=\"true\" nopin=\"nopin\" class=\"perfmatters-lazy\" src=\"https:\/\/www.europesays.com\/fi\/wp-content\/uploads\/2025\/11\/1763217612_296_hqdefault.jpg\"\/><\/p>\n<p>21.11.2025 P\u00c4LK\u00c4NE Garage Bar &amp; Studio<br \/>22.11.2025 PORI Isom\u00e4ki Rocks w\/ Stam1na, Turmion K\u00e4til\u00f6t<br \/>27.02.2026 TAMPERE Olympia<br \/>28.02.2026 TURKU Dynamo<br \/>06.03.2026 JOENSUU Kerubi w\/ L\u00e4hi\u00f6botox<br \/>07.03.2026 JYV\u00c4SKYL\u00c4 Lutakko w\/ L\u00e4hi\u00f6botox<br \/>13.03.2026 HELSINKI On The Rocks<br \/>20.03.2026 OULU Tullisali w\/ L\u00e4hi\u00f6botox, Ursus Factory<br \/>21.03.2026 KUOPIO Sawohouse Underground w\/ L\u00e4hi\u00f6botox<\/p>\n","protected":false},"excerpt":{"rendered":"Nyrkkitappelu valmistelee parhaillaan uutta studioalbumia. Perjantaina 20. helmikuuta ilmestyv\u00e4lt\u00e4 levylt\u00e4 on t\u00e4h\u00e4n menness\u00e4 julkaistu kaksi single\u00e4. Nosta sun&hellip;\n","protected":false},"author":2,"featured_media":93158,"comment_status":"","ping_status":"","sticky":false,"template":"","format":"standard","meta":{"footnotes":""},"categories":[132],"tags":[137,33,31,30,195,47,32,18222,109],"class_list":{"0":"post-93157","1":"post","2":"type-post","3":"status-publish","4":"format-standard","5":"has-post-thumbnail","7":"category-musiikki","8":"tag-entertainment","9":"tag-fi","10":"tag-finland","11":"tag-finnish","12":"tag-music","13":"tag-musiikki","14":"tag-suomi","15":"tag-uutuusbiisit","16":"tag-viihde"},"share_on_mastodon":{"url":"https:\/\/pubeurope.com\/@fi\/115569214420673810","error":""},"_links":{"self":[{"href":"https:\/\/www.europesays.com\/fi\/wp-json\/wp\/v2\/posts\/93157","targetHints":{"allow":["GET"]}}],"collection":[{"href":"https:\/\/www.europesays.com\/fi\/wp-json\/wp\/v2\/posts"}],"about":[{"href":"https:\/\/www.europesays.com\/fi\/wp-json\/wp\/v2\/types\/post"}],"author":[{"embeddable":true,"href":"https:\/\/www.europesays.com\/fi\/wp-json\/wp\/v2\/users\/2"}],"replies":[{"embeddable":true,"href":"https:\/\/www.europesays.com\/fi\/wp-json\/wp\/v2\/comments?post=93157"}],"version-history":[{"count":0,"href":"https:\/\/www.europesays.com\/fi\/wp-json\/wp\/v2\/posts\/93157\/revisions"}],"wp:featuredmedia":[{"embeddable":true,"href":"https:\/\/www.europesays.com\/fi\/wp-json\/wp\/v2\/media\/93158"}],"wp:attachment":[{"href":"https:\/\/www.europesays.com\/fi\/wp-json\/wp\/v2\/media?parent=93157"}],"wp:term":[{"taxonomy":"category","embeddable":true,"href":"https:\/\/www.europesays.com\/fi\/wp-json\/wp\/v2\/categories?post=93157"},{"taxonomy":"post_tag","embeddable":true,"href":"https:\/\/www.europesays.com\/fi\/wp-json\/wp\/v2\/tags?post=93157"}],"curies":[{"name":"wp","href":"https:\/\/api.w.org\/{rel}","templated":true}]}}