{"id":93171,"date":"2025-11-18T06:19:22","date_gmt":"2025-11-18T06:19:22","guid":{"rendered":"https:\/\/www.europesays.com\/fi\/93171\/"},"modified":"2025-11-18T06:19:22","modified_gmt":"2025-11-18T06:19:22","slug":"250-syyta-rakastaa-kuopiota-anne-tietaa-missapain-levasta-fiilis-nousee-kuin-gran-canarialla-samulin-suurin-aarre-on-puolestaan-ykkosrasti-pitkalahti-ajelulenkki-savo","status":"publish","type":"post","link":"https:\/\/www.europesays.com\/fi\/93171\/","title":{"rendered":"250 syyt\u00e4 rakastaa Kuopiota | Anne tiet\u00e4\u00e4, miss\u00e4p\u00e4in Lev\u00e4st\u00e4 fiilis nousee kuin Gran Canarialla \u2013\u2009Samulin suurin aarre on puolestaan Ykk\u00f6srasti\u2013Pitk\u00e4lahti-ajelulenkki | Savo"},"content":{"rendered":"<p>\t\t<a class=\"diks-gallery__link\" href=\"https:\/\/www.europesays.com\/fi\/wp-content\/uploads\/2025\/11\/11154159.jpg\" data-thumbnail=\"https:\/\/i.media.fi\/incoming\/nrnse5\/11154159.jpg\/alternates\/SQUARE_240\/11154159.jpg\" data-sub-html=\"Muun muassa he kertovat omat suosikkijuttunsa Kuopiosta. Mukana on my\u00f6s KuPSin valmentaja Jarkko Wiss (oik.). Savon Sanomat\" aria-label=\"Katso isompi kuva\"><br \/>\n\t\t\t\t<img class=\"diks-figure__image\" src=\"https:\/\/www.europesays.com\/fi\/wp-content\/uploads\/2025\/11\/11154159.jpg\" loading=\"lazy\" decoding=\"sync\" alt=\"\"\/><\/p>\n<p>\t\t\t<\/a><br \/>\n\t\t\t\t\tMuun muassa he kertovat omat suosikkijuttunsa Kuopiosta. Mukana on my\u00f6s KuPSin valmentaja Jarkko Wiss (oik.). Savon Sanomat<\/p>\n<p>Kuopion 250-vuotisjuhlan kunniaksi yhteens\u00e4 250 vastaajaa p\u00e4\u00e4see viikon aikana kehua retostelemaan Savon Sanomissa, mik\u00e4 heille on kaikkein t\u00e4rkeint\u00e4 Kuopiossa. T\u00e4m\u00e4 on sarjan toinen osa.<\/p>\n<p>\t\t<a class=\"diks-gallery__link\" href=\"https:\/\/i.media.fi\/incoming\/q82803\/11142574.jpg\/alternates\/FREE_1440\/11142574.jpg\" data-thumbnail=\"\" data-sub-html=\"Riku Kulin, 23, M\u00e4nnist\u00f6: \u201dPuhdas luonto. Ihmiset ovat rempseit\u00e4. Savolaisuus kulkee mukana, siin\u00e4 on tietynlaista juonikkuutta ja huumoria.\u201d\" aria-label=\"Katso isompi kuva\" rel=\"nofollow noopener\" target=\"_blank\"><br \/>\n\t\t\t\t<img class=\"diks-figure__image\" src=\"https:\/\/www.europesays.com\/fi\/wp-content\/uploads\/2025\/11\/11142574.jpg\" loading=\"lazy\" decoding=\"sync\" alt=\"\"\/><\/p>\n<p>\t\t\t<\/a><br \/>\n\t\t\t\t\tRiku Kulin, 23, M\u00e4nnist\u00f6: \u201dPuhdas luonto. Ihmiset ovat rempseit\u00e4. Savolaisuus kulkee mukana, siin\u00e4 on tietynlaista juonikkuutta ja huumoria.\u201d<\/p>\n<p>\t\t<a class=\"diks-gallery__link\" href=\"https:\/\/i.media.fi\/incoming\/g25liu\/11142014.jpg\/alternates\/FREE_1440\/11142014.jpg\" data-thumbnail=\"\" data-sub-html=\"Irene Wai Lwin Moe, 67, keskusta. \u201dOlen syntynyt t\u00e4\u00e4ll\u00e4 ja palannut juurilleni. T\u00e4rkeint\u00e4 Kuopiossa ovat ihmiset, t\u00e4nne oli helppo solahtaa takaisin.&quot;\" aria-label=\"Katso isompi kuva\" rel=\"nofollow noopener\" target=\"_blank\"><br \/>\n\t\t\t\t<img class=\"diks-figure__image\" src=\"https:\/\/www.europesays.com\/fi\/wp-content\/uploads\/2025\/11\/11142014.jpg\" loading=\"lazy\" decoding=\"sync\" alt=\"\"\/><\/p>\n<p>\t\t\t<\/a><br \/>\n\t\t\t\t\tIrene Wai Lwin Moe, 67, keskusta. \u201dOlen syntynyt t\u00e4\u00e4ll\u00e4 ja palannut juurilleni. T\u00e4rkeint\u00e4 Kuopiossa ovat ihmiset, t\u00e4nne oli helppo solahtaa takaisin.&#8221;<\/p>\n<p>\t\t<a class=\"diks-gallery__link\" href=\"https:\/\/i.media.fi\/incoming\/mfdqnf\/11141892.jpg\/alternates\/FREE_1440\/11141892.jpg\" data-thumbnail=\"\" data-sub-html=\"Riitta-Liisa Marjam\u00e4ki, 62, Hatsala: \u201dKeskeinen sijainti ja veden l\u00e4heisyys.\u201d\" aria-label=\"Katso isompi kuva\" rel=\"nofollow noopener\" target=\"_blank\"><br \/>\n\t\t\t\t<img class=\"diks-figure__image\" src=\"https:\/\/www.europesays.com\/fi\/wp-content\/uploads\/2025\/11\/11141892.jpg\" loading=\"lazy\" decoding=\"sync\" alt=\"\"\/><\/p>\n<p>\t\t\t<\/a><br \/>\n\t\t\t\t\tRiitta-Liisa Marjam\u00e4ki, 62, Hatsala: \u201dKeskeinen sijainti ja veden l\u00e4heisyys.\u201d<\/p>\n<p>\t\t<a class=\"diks-gallery__link\" href=\"https:\/\/i.media.fi\/incoming\/emb4sh\/11141921.jpg\/alternates\/FREE_1440\/11141921.jpg\" data-thumbnail=\"\" data-sub-html=\"Tuomas Toivanen, 34, \u00adSiilinj\u00e4rvi: \u201dKuopion oma leppoinen tunnelma.\u201d\" aria-label=\"Katso isompi kuva\" rel=\"nofollow noopener\" target=\"_blank\"><br \/>\n\t\t\t\t<img class=\"diks-figure__image\" src=\"https:\/\/www.europesays.com\/fi\/wp-content\/uploads\/2025\/11\/11141921.jpg\" loading=\"lazy\" decoding=\"sync\" alt=\"\"\/><\/p>\n<p>\t\t\t<\/a><br \/>\n\t\t\t\t\tTuomas Toivanen, 34, \u00adSiilinj\u00e4rvi: \u201dKuopion oma leppoinen tunnelma.\u201d<\/p>\n<p>\t\t<a class=\"diks-gallery__link\" href=\"https:\/\/i.media.fi\/incoming\/nf1taw\/11142640.jpg\/alternates\/FREE_1440\/11142640.jpg\" data-thumbnail=\"\" data-sub-html=\"Lumi Ahponen, 19, keskusta: \u201dRakastan opiskelija\u00adkulttuuria ja ainej\u00e4rjest\u00f6\u00e4mme \u00adEconovaa.\u201d\" aria-label=\"Katso isompi kuva\" rel=\"nofollow noopener\" target=\"_blank\"><br \/>\n\t\t\t\t<img class=\"diks-figure__image\" src=\"https:\/\/www.europesays.com\/fi\/wp-content\/uploads\/2025\/11\/11142640.jpg\" loading=\"lazy\" decoding=\"sync\" alt=\"\"\/><\/p>\n<p>\t\t\t<\/a><br \/>\n\t\t\t\t\tLumi Ahponen, 19, keskusta: \u201dRakastan opiskelija\u00adkulttuuria ja ainej\u00e4rjest\u00f6\u00e4mme \u00adEconovaa.\u201d<\/p>\n<p>\t\t<a class=\"diks-gallery__link\" href=\"https:\/\/i.media.fi\/incoming\/tnu5by\/11142020.jpg\/alternates\/FREE_1440\/11142020.jpg\" data-thumbnail=\"\" data-sub-html=\"Maija Saastamoinen, 70, keskusta: \u201dKuopio on ihmisl\u00e4heinen, virke\u00e4, riitt\u00e4v\u00e4n iso ja osittain kansainv\u00e4linenkin. T\u00e4\u00e4ll\u00e4 on kaikkea kaikille.\u201d\" aria-label=\"Katso isompi kuva\" rel=\"nofollow noopener\" target=\"_blank\"><br \/>\n\t\t\t\t<img class=\"diks-figure__image\" src=\"https:\/\/www.europesays.com\/fi\/wp-content\/uploads\/2025\/11\/11142020.jpg\" loading=\"lazy\" decoding=\"sync\" alt=\"\"\/><\/p>\n<p>\t\t\t<\/a><br \/>\n\t\t\t\t\tMaija Saastamoinen, 70, keskusta: \u201dKuopio on ihmisl\u00e4heinen, virke\u00e4, riitt\u00e4v\u00e4n iso ja osittain kansainv\u00e4linenkin. T\u00e4\u00e4ll\u00e4 on kaikkea kaikille.\u201d<\/p>\n<p>\t\t<a class=\"diks-gallery__link\" href=\"https:\/\/i.media.fi\/incoming\/pqhh6d\/11097021.jpg\/alternates\/FREE_1440\/11097021.jpg\" data-thumbnail=\"\" data-sub-html=\"Kusti Ukkonen, 24, Haapaniemi: \u201dKuopio on kotikaupunki, t\u00e4\u00e4ll\u00e4 on hyv\u00e4 olla. Ei ole liikaa porukkaa eik\u00e4 ole my\u00f6sk\u00e4\u00e4n liian iso paikka. Mielest\u00e4ni t\u00e4\u00e4ll\u00e4 on hyv\u00e4 meininki.\u201d\" aria-label=\"Katso isompi kuva\" rel=\"nofollow noopener\" target=\"_blank\"><br \/>\n\t\t\t\t<img class=\"diks-figure__image\" src=\"https:\/\/www.europesays.com\/fi\/wp-content\/uploads\/2025\/11\/11097021.jpg\" loading=\"lazy\" decoding=\"sync\" alt=\"\"\/><\/p>\n<p>\t\t\t<\/a><br \/>\n\t\t\t\t\tKusti Ukkonen, 24, Haapaniemi: \u201dKuopio on kotikaupunki, t\u00e4\u00e4ll\u00e4 on hyv\u00e4 olla. Ei ole liikaa porukkaa eik\u00e4 ole my\u00f6sk\u00e4\u00e4n liian iso paikka. Mielest\u00e4ni t\u00e4\u00e4ll\u00e4 on hyv\u00e4 meininki.\u201d<\/p>\n<p>\t\t<a class=\"diks-gallery__link\" href=\"https:\/\/i.media.fi\/incoming\/bf0doa\/11097024.jpg\/alternates\/FREE_1440\/11097024.jpg\" data-thumbnail=\"\" data-sub-html=\"Helga Tuomainen, 11, keskusta: \u201dT\u00e4\u00e4ll\u00e4 on niin paljon tuttuja ja kavereita.\u201d\" aria-label=\"Katso isompi kuva\" rel=\"nofollow noopener\" target=\"_blank\"><br \/>\n\t\t\t\t<img class=\"diks-figure__image\" src=\"https:\/\/www.europesays.com\/fi\/wp-content\/uploads\/2025\/11\/11097024.jpg\" loading=\"lazy\" decoding=\"sync\" alt=\"\"\/><\/p>\n<p>\t\t\t<\/a><br \/>\n\t\t\t\t\tHelga Tuomainen, 11, keskusta: \u201dT\u00e4\u00e4ll\u00e4 on niin paljon tuttuja ja kavereita.\u201d<\/p>\n<p>\t\t<a class=\"diks-gallery__link\" href=\"https:\/\/i.media.fi\/incoming\/kvvw69\/11097030.jpg\/alternates\/FREE_1440\/11097030.jpg\" data-thumbnail=\"\" data-sub-html=\"Tommi Laitinen, 50, Saaristokaupunki: \u201dT\u00e4ss\u00e4h\u00e4n ollaan hyvin j\u00e4rvien l\u00e4hell\u00e4. Kyll\u00e4h\u00e4n n\u00e4m\u00e4 maisemat ovat maan parhaita.\u201d\" aria-label=\"Katso isompi kuva\" rel=\"nofollow noopener\" target=\"_blank\"><br \/>\n\t\t\t\t<img class=\"diks-figure__image\" src=\"https:\/\/www.europesays.com\/fi\/wp-content\/uploads\/2025\/11\/11097030.jpg\" loading=\"lazy\" decoding=\"sync\" alt=\"\"\/><\/p>\n<p>\t\t\t<\/a><br \/>\n\t\t\t\t\tTommi Laitinen, 50, Saaristokaupunki: \u201dT\u00e4ss\u00e4h\u00e4n ollaan hyvin j\u00e4rvien l\u00e4hell\u00e4. Kyll\u00e4h\u00e4n n\u00e4m\u00e4 maisemat ovat maan parhaita.\u201d<\/p>\n<p>\t\t<a class=\"diks-gallery__link\" href=\"https:\/\/i.media.fi\/incoming\/al6lzq\/11100096.jpg\/alternates\/FREE_1440\/11100096.jpg\" data-thumbnail=\"\" data-sub-html=\"Ahnaf Tahmid, 27, Puijonlaakso: \u201dKuopio on todella kaunis ja rauhallinen. Erityisesti keskustassa j\u00e4rven rannalla on todella rauhallista.\u201d\" aria-label=\"Katso isompi kuva\" rel=\"nofollow noopener\" target=\"_blank\"><br \/>\n\t\t\t\t<img class=\"diks-figure__image\" src=\"https:\/\/www.europesays.com\/fi\/wp-content\/uploads\/2025\/11\/11100096.jpg\" loading=\"lazy\" decoding=\"sync\" alt=\"\"\/><\/p>\n<p>\t\t\t<\/a><br \/>\n\t\t\t\t\tAhnaf Tahmid, 27, Puijonlaakso: \u201dKuopio on todella kaunis ja rauhallinen. Erityisesti keskustassa j\u00e4rven rannalla on todella rauhallista.\u201d<\/p>\n<p>\t\t<a class=\"diks-gallery__link\" href=\"https:\/\/i.media.fi\/incoming\/azwkaj\/11122363.jpg\/alternates\/FREE_1440\/11122363.jpg\" data-thumbnail=\"\" data-sub-html=\"Kaija Iivarinen, 89, Maaninka: \u201dMeit\u00e4 t\u00e4\u00e4ll\u00e4 syrj\u00e4ss\u00e4 olevia pit\u00e4isi kyll\u00e4 enemm\u00e4n muistaa, mutta en \u00adoikein voi moittiakaan. Kyll\u00e4h\u00e4n Kuopio n\u00e4tti kaupunki on.\u201d\" aria-label=\"Katso isompi kuva\" rel=\"nofollow noopener\" target=\"_blank\"><br \/>\n\t\t\t\t<img class=\"diks-figure__image\" src=\"https:\/\/www.europesays.com\/fi\/wp-content\/uploads\/2025\/11\/11122363.jpg\" loading=\"lazy\" decoding=\"sync\" alt=\"\"\/><\/p>\n<p>\t\t\t<\/a><br \/>\n\t\t\t\t\tKaija Iivarinen, 89, Maaninka: \u201dMeit\u00e4 t\u00e4\u00e4ll\u00e4 syrj\u00e4ss\u00e4 olevia pit\u00e4isi kyll\u00e4 enemm\u00e4n muistaa, mutta en \u00adoikein voi moittiakaan. Kyll\u00e4h\u00e4n Kuopio n\u00e4tti kaupunki on.\u201d<\/p>\n<p>\t\t<a class=\"diks-gallery__link\" href=\"https:\/\/i.media.fi\/incoming\/x8pf5a\/11126218.jpg\/alternates\/FREE_1440\/11126218.jpg\" data-thumbnail=\"\" data-sub-html=\"Anja Korhonen, 71, Juankoski: \u201dOlen kulttuurin yst\u00e4v\u00e4, ja \u00adKuopio tarjoaa upeita kulttuuri- ja musiikki\u00adel\u00e4myksi\u00e4. On t\u00e4rke\u00e4\u00e4, ett\u00e4 niihin j\u00e4rjestet\u00e4\u00e4n kuljetuksia kauempaakin, niin ett\u00e4 my\u00f6s liitoskunta\u00adlaisilla on mahdollisuus \u00adosallistua.\u201d\" aria-label=\"Katso isompi kuva\" rel=\"nofollow noopener\" target=\"_blank\"><br \/>\n\t\t\t\t<img class=\"diks-figure__image\" src=\"https:\/\/www.europesays.com\/fi\/wp-content\/uploads\/2025\/11\/11126218.jpg\" loading=\"lazy\" decoding=\"sync\" alt=\"\"\/><\/p>\n<p>\t\t\t<\/a><br \/>\n\t\t\t\t\tAnja Korhonen, 71, Juankoski: \u201dOlen kulttuurin yst\u00e4v\u00e4, ja \u00adKuopio tarjoaa upeita kulttuuri- ja musiikki\u00adel\u00e4myksi\u00e4. On t\u00e4rke\u00e4\u00e4, ett\u00e4 niihin j\u00e4rjestet\u00e4\u00e4n kuljetuksia kauempaakin, niin ett\u00e4 my\u00f6s liitoskunta\u00adlaisilla on mahdollisuus \u00adosallistua.\u201d<\/p>\n<p>\t\t<a class=\"diks-gallery__link\" href=\"https:\/\/i.media.fi\/incoming\/vvkkcz\/6684119.jpg\/alternates\/FREE_1440\/6684119.jpg\" data-thumbnail=\"\" data-sub-html=\"Mika Yl\u00f6nen, 57, Pahnionniemi: \u201dKalakukko ja lihapiirakka kuvaavat minulle savolaisuutta. Ostan ne torilta Irene Partaselta.\u201d Kari Haavisto\" aria-label=\"Katso isompi kuva\" rel=\"nofollow noopener\" target=\"_blank\"><br \/>\n\t\t\t\t<img class=\"diks-figure__image\" src=\"https:\/\/www.europesays.com\/fi\/wp-content\/uploads\/2025\/11\/6684119.jpg\" loading=\"lazy\" decoding=\"sync\" alt=\"\"\/><\/p>\n<p>\t\t\t<\/a><br \/>\n\t\t\t\t\tMika Yl\u00f6nen, 57, Pahnionniemi: \u201dKalakukko ja lihapiirakka kuvaavat minulle savolaisuutta. Ostan ne torilta Irene Partaselta.\u201d Kari Haavisto<\/p>\n<p>\t\t<a class=\"diks-gallery__link\" href=\"https:\/\/i.media.fi\/incoming\/mgd71w\/11127514.jpg\/alternates\/FREE_1440\/11127514.jpg\" data-thumbnail=\"\" data-sub-html=\"Jarkko Wiss, 53, Niirala: \u201dTy\u00f6. Se on mukavaa, kun tarjolla on laadukkaita ty\u00f6kavereita.\u201d\" aria-label=\"Katso isompi kuva\" rel=\"nofollow noopener\" target=\"_blank\"><br \/>\n\t\t\t\t<img class=\"diks-figure__image\" src=\"https:\/\/www.europesays.com\/fi\/wp-content\/uploads\/2025\/11\/11127514.jpg\" loading=\"lazy\" decoding=\"sync\" alt=\"\"\/><\/p>\n<p>\t\t\t<\/a><br \/>\n\t\t\t\t\tJarkko Wiss, 53, Niirala: \u201dTy\u00f6. Se on mukavaa, kun tarjolla on laadukkaita ty\u00f6kavereita.\u201d<\/p>\n<p>\t\t<a class=\"diks-gallery__link\" href=\"https:\/\/i.media.fi\/incoming\/fpwyyy\/11142428.jpg\/alternates\/FREE_1440\/11142428.jpg\" data-thumbnail=\"\" data-sub-html=\"Samuli Ikonen, 18, Siilinj\u00e4rvi: \u201dParasta on hyv\u00e4t reitit autolla ajeluun. Kaikista paras on Ykk\u00f6srasti \u2014Pitk\u00e4lahti-lenkki.\u201d\" aria-label=\"Katso isompi kuva\" rel=\"nofollow noopener\" target=\"_blank\"><br \/>\n\t\t\t\t<img class=\"diks-figure__image\" src=\"https:\/\/www.europesays.com\/fi\/wp-content\/uploads\/2025\/11\/11142428.jpg\" loading=\"lazy\" decoding=\"sync\" alt=\"\"\/><\/p>\n<p>\t\t\t<\/a><br \/>\n\t\t\t\t\tSamuli Ikonen, 18, Siilinj\u00e4rvi: \u201dParasta on hyv\u00e4t reitit autolla ajeluun. Kaikista paras on Ykk\u00f6srasti \u2014Pitk\u00e4lahti-lenkki.\u201d<\/p>\n<p>\t\t<a class=\"diks-gallery__link\" href=\"https:\/\/i.media.fi\/incoming\/wqzcf5\/4137429.jpg\/alternates\/FREE_1440\/4137429.jpg\" data-thumbnail=\"\" data-sub-html=\"Paula Auvinen, 30, Lippum\u00e4ki: \u201dPerhe on tietysti t\u00e4rkein, sitten mestaruuden voittanut \u00adKuPS ja Puijon portaat.\u201d\" aria-label=\"Katso isompi kuva\" rel=\"nofollow noopener\" target=\"_blank\"><br \/>\n\t\t\t\t<img class=\"diks-figure__image\" src=\"https:\/\/www.europesays.com\/fi\/wp-content\/uploads\/2025\/11\/4137429.jpg\" loading=\"lazy\" decoding=\"sync\" alt=\"\"\/><\/p>\n<p>\t\t\t<\/a><br \/>\n\t\t\t\t\tPaula Auvinen, 30, Lippum\u00e4ki: \u201dPerhe on tietysti t\u00e4rkein, sitten mestaruuden voittanut \u00adKuPS ja Puijon portaat.\u201d<\/p>\n<p>\t\t<a class=\"diks-gallery__link\" href=\"https:\/\/i.media.fi\/incoming\/ftarjf\/11138646.jpg\/alternates\/FREE_1440\/11138646.jpg\" data-thumbnail=\"\" data-sub-html=\"Veli-Matti Strengell, 40, Petonen: \u201dKuopio on kehittynyt viime vuosina paljon liikuntapaikkamahdollisuuksillaan. L\u00f6ytyy paljon erilaisia vaihtoehtoja liikkua niin ulkona kuin sis\u00e4ll\u00e4.\u201d\" aria-label=\"Katso isompi kuva\" rel=\"nofollow noopener\" target=\"_blank\"><br \/>\n\t\t\t\t<img class=\"diks-figure__image\" src=\"https:\/\/www.europesays.com\/fi\/wp-content\/uploads\/2025\/11\/11138646.jpg\" loading=\"lazy\" decoding=\"sync\" alt=\"\"\/><\/p>\n<p>\t\t\t<\/a><br \/>\n\t\t\t\t\tVeli-Matti Strengell, 40, Petonen: \u201dKuopio on kehittynyt viime vuosina paljon liikuntapaikkamahdollisuuksillaan. L\u00f6ytyy paljon erilaisia vaihtoehtoja liikkua niin ulkona kuin sis\u00e4ll\u00e4.\u201d<\/p>\n<p>\t\t<a class=\"diks-gallery__link\" href=\"https:\/\/i.media.fi\/incoming\/oy9qlf\/11100095.jpg\/alternates\/FREE_1440\/11100095.jpg\" data-thumbnail=\"\" data-sub-html=\"Maureen Ekwe, 29, Petonen: \u201dKuopio on hyvin rauhallinen kaupunki ja bussit toimivat hyvin.\u201d\" aria-label=\"Katso isompi kuva\" rel=\"nofollow noopener\" target=\"_blank\"><br \/>\n\t\t\t\t<img class=\"diks-figure__image\" src=\"https:\/\/www.europesays.com\/fi\/wp-content\/uploads\/2025\/11\/11100095.jpg\" loading=\"lazy\" decoding=\"sync\" alt=\"\"\/><\/p>\n<p>\t\t\t<\/a><br \/>\n\t\t\t\t\tMaureen Ekwe, 29, Petonen: \u201dKuopio on hyvin rauhallinen kaupunki ja bussit toimivat hyvin.\u201d<\/p>\n<p>\t\t<a class=\"diks-gallery__link\" href=\"https:\/\/i.media.fi\/incoming\/6slcqk\/11142619.jpg\/alternates\/FREE_1440\/11142619.jpg\" data-thumbnail=\"\" data-sub-html=\"Antti Leminen, 63, Enonkoski: \u201dK\u00e4yn Kuopiossa yhden y\u00f6n lomareissuilla. Kuopiossa on hieno ja monipuolinen ostoskeskus ja keskusta on viihtyis\u00e4. On my\u00f6s hienoa, kun melkein joka paikassa on vett\u00e4 l\u00e4hell\u00e4.\u201d\" aria-label=\"Katso isompi kuva\" rel=\"nofollow noopener\" target=\"_blank\"><br \/>\n\t\t\t\t<img class=\"diks-figure__image\" src=\"https:\/\/www.europesays.com\/fi\/wp-content\/uploads\/2025\/11\/11142619.jpg\" loading=\"lazy\" decoding=\"sync\" alt=\"\"\/><\/p>\n<p>\t\t\t<\/a><br \/>\n\t\t\t\t\tAntti Leminen, 63, Enonkoski: \u201dK\u00e4yn Kuopiossa yhden y\u00f6n lomareissuilla. Kuopiossa on hieno ja monipuolinen ostoskeskus ja keskusta on viihtyis\u00e4. On my\u00f6s hienoa, kun melkein joka paikassa on vett\u00e4 l\u00e4hell\u00e4.\u201d<\/p>\n<p>\t\t<a class=\"diks-gallery__link\" href=\"https:\/\/i.media.fi\/incoming\/l3uhtp\/11128284.jpg\/alternates\/FREE_1440\/11128284.jpg\" data-thumbnail=\"\" data-sub-html=\"Anne Sievil\u00e4inen, 69, Puijonkuppee: \u201dTahkon liikkumismahdollisuudet. Hyv\u00e4t juna-, bussi- ja lentoyhteydet Kuopiosta. Kuopio on kaunis ja vihre\u00e4 kaupunki.\u201d\" aria-label=\"Katso isompi kuva\" rel=\"nofollow noopener\" target=\"_blank\"><br \/>\n\t\t\t\t<img class=\"diks-figure__image\" src=\"https:\/\/www.europesays.com\/fi\/wp-content\/uploads\/2025\/11\/11128284.jpg\" loading=\"lazy\" decoding=\"sync\" alt=\"\"\/><\/p>\n<p>\t\t\t<\/a><br \/>\n\t\t\t\t\tAnne Sievil\u00e4inen, 69, Puijonkuppee: \u201dTahkon liikkumismahdollisuudet. Hyv\u00e4t juna-, bussi- ja lentoyhteydet Kuopiosta. Kuopio on kaunis ja vihre\u00e4 kaupunki.\u201d<\/p>\n<p>\t\t<a class=\"diks-gallery__link\" href=\"https:\/\/i.media.fi\/incoming\/sng0yr\/11142631.jpg\/alternates\/FREE_1440\/11142631.jpg\" data-thumbnail=\"\" data-sub-html=\"Mirja Peltola, 69, Jyv\u00e4skyl\u00e4: \u201dTori on Kuopiossa parasta \u2013 Jyv\u00e4skyl\u00e4ss\u00e4 ei oikein ole kunnollista toria. Pid\u00e4n torin tunnelmasta, Partasen lihapiirakoista ja hyv\u00e4st\u00e4 ruokatarjonnasta, ja parkkipaikkojakin l\u00f6ytyy hyvin.\u201d\" aria-label=\"Katso isompi kuva\" rel=\"nofollow noopener\" target=\"_blank\"><br \/>\n\t\t\t\t<img class=\"diks-figure__image\" src=\"https:\/\/www.europesays.com\/fi\/wp-content\/uploads\/2025\/11\/11142631.jpg\" loading=\"lazy\" decoding=\"sync\" alt=\"\"\/><\/p>\n<p>\t\t\t<\/a><br \/>\n\t\t\t\t\tMirja Peltola, 69, Jyv\u00e4skyl\u00e4: \u201dTori on Kuopiossa parasta \u2013 Jyv\u00e4skyl\u00e4ss\u00e4 ei oikein ole kunnollista toria. Pid\u00e4n torin tunnelmasta, Partasen lihapiirakoista ja hyv\u00e4st\u00e4 ruokatarjonnasta, ja parkkipaikkojakin l\u00f6ytyy hyvin.\u201d<\/p>\n<p>\t\t<a class=\"diks-gallery__link\" href=\"https:\/\/i.media.fi\/incoming\/n70flk\/11138671.jpg\/alternates\/FREE_1440\/11138671.jpg\" data-thumbnail=\"\" data-sub-html=\"Julia Hyv\u00f6nen, 46, Hiltulanlahti: \u201dKuopio on lapsiyst\u00e4v\u00e4llinen kaupunki. Lapsilla on hyv\u00e4t mahdollisuudet harrastaa.\u201d\" aria-label=\"Katso isompi kuva\" rel=\"nofollow noopener\" target=\"_blank\"><br \/>\n\t\t\t\t<img class=\"diks-figure__image\" src=\"https:\/\/www.europesays.com\/fi\/wp-content\/uploads\/2025\/11\/11138671.jpg\" loading=\"lazy\" decoding=\"sync\" alt=\"\"\/><\/p>\n<p>\t\t\t<\/a><br \/>\n\t\t\t\t\tJulia Hyv\u00f6nen, 46, Hiltulanlahti: \u201dKuopio on lapsiyst\u00e4v\u00e4llinen kaupunki. Lapsilla on hyv\u00e4t mahdollisuudet harrastaa.\u201d<\/p>\n<p>\t\t<a class=\"diks-gallery__link\" href=\"https:\/\/i.media.fi\/incoming\/mo50ou\/11149873.jpg\/alternates\/FREE_1440\/11149873.jpg\" data-thumbnail=\"\" data-sub-html=\"Martti Kuikka, 73, Neulam\u00e4ki: \u201dUrheilu ennen kaikkea. Seuraan sek\u00e4 et\u00e4n\u00e4 ett\u00e4 paikan p\u00e4\u00e4ll\u00e4, KalPa on minulle t\u00e4rkein. Muutenkin t\u00e4m\u00e4 on kaikin puolin hyv\u00e4 kaupunki, sopivan kokoinen.\u201d\" aria-label=\"Katso isompi kuva\" rel=\"nofollow noopener\" target=\"_blank\"><br \/>\n\t\t\t\t<img class=\"diks-figure__image\" src=\"https:\/\/www.europesays.com\/fi\/wp-content\/uploads\/2025\/11\/11149873.jpg\" loading=\"lazy\" decoding=\"sync\" alt=\"\"\/><\/p>\n<p>\t\t\t<\/a><br \/>\n\t\t\t\t\tMartti Kuikka, 73, Neulam\u00e4ki: \u201dUrheilu ennen kaikkea. Seuraan sek\u00e4 et\u00e4n\u00e4 ett\u00e4 paikan p\u00e4\u00e4ll\u00e4, KalPa on minulle t\u00e4rkein. Muutenkin t\u00e4m\u00e4 on kaikin puolin hyv\u00e4 kaupunki, sopivan kokoinen.\u201d<\/p>\n<p>\t\t<a class=\"diks-gallery__link\" href=\"https:\/\/i.media.fi\/incoming\/p7z7s4\/11149872.jpg\/alternates\/FREE_1440\/11149872.jpg\" data-thumbnail=\"\" data-sub-html=\"Eva R\u00e4s\u00e4nen, 57, Vehmasm\u00e4ki: \u201dKuopiossa on kansainv\u00e4lisyytt\u00e4: samassa ty\u00f6paikassa voi olla monta eri kansalaisuutta. T\u00e4m\u00e4 on pieni kaupunki, jossa on isoja juttuja. Pid\u00e4n my\u00f6s kaupungin fiiliksest\u00e4.\u201d\" aria-label=\"Katso isompi kuva\" rel=\"nofollow noopener\" target=\"_blank\"><br \/>\n\t\t\t\t<img class=\"diks-figure__image\" src=\"https:\/\/www.europesays.com\/fi\/wp-content\/uploads\/2025\/11\/11149872.jpg\" loading=\"lazy\" decoding=\"sync\" alt=\"\"\/><\/p>\n<p>\t\t\t<\/a><br \/>\n\t\t\t\t\tEva R\u00e4s\u00e4nen, 57, Vehmasm\u00e4ki: \u201dKuopiossa on kansainv\u00e4lisyytt\u00e4: samassa ty\u00f6paikassa voi olla monta eri kansalaisuutta. T\u00e4m\u00e4 on pieni kaupunki, jossa on isoja juttuja. Pid\u00e4n my\u00f6s kaupungin fiiliksest\u00e4.\u201d<\/p>\n<p>\t\t<a class=\"diks-gallery__link\" href=\"https:\/\/i.media.fi\/incoming\/aerwjh\/11142623.jpg\/alternates\/FREE_1440\/11142623.jpg\" data-thumbnail=\"\" data-sub-html=\"Pirkko Lipponen, 68, Laivonsaari: \u201dOlen asunut koko ik\u00e4ni Kuopiossa ja en osaisi l\u00e4hte\u00e4 t\u00e4\u00e4lt\u00e4 mihink\u00e4\u00e4n tai voisi kuvitellakaan asuvani miss\u00e4\u00e4n muualla. T\u00e4\u00e4ll\u00e4 on koti.\u201d\" aria-label=\"Katso isompi kuva\" rel=\"nofollow noopener\" target=\"_blank\"><br \/>\n\t\t\t\t<img class=\"diks-figure__image\" src=\"https:\/\/www.europesays.com\/fi\/wp-content\/uploads\/2025\/11\/11142623.jpg\" loading=\"lazy\" decoding=\"sync\" alt=\"\"\/><\/p>\n<p>\t\t\t<\/a><br \/>\n\t\t\t\t\tPirkko Lipponen, 68, Laivonsaari: \u201dOlen asunut koko ik\u00e4ni Kuopiossa ja en osaisi l\u00e4hte\u00e4 t\u00e4\u00e4lt\u00e4 mihink\u00e4\u00e4n tai voisi kuvitellakaan asuvani miss\u00e4\u00e4n muualla. T\u00e4\u00e4ll\u00e4 on koti.\u201d<\/p>\n<p>\t\t<a class=\"diks-gallery__link\" href=\"https:\/\/i.media.fi\/incoming\/13p5kd\/11097029.jpg\/alternates\/FREE_1440\/11097029.jpg\" data-thumbnail=\"\" data-sub-html=\"Jukka Paakkanen, 41, keskusta: \u201dT\u00e4\u00e4ll\u00e4 on kaikki mit\u00e4 tarvitsee. Olen syntynyt t\u00e4\u00e4ll\u00e4, niin en ole puolueeton vastaaja. Asuin viisi vuotta muualla, ja ei se Oulu jotenkin vain tuntunut hyv\u00e4lt\u00e4. T\u00e4m\u00e4 on kaunis kaupunki. Olen ulkomaillakin k\u00e4ynyt, niin ei miss\u00e4\u00e4n ole n\u00e4in kaunista. Puhdas luonto ja ilma.\u201d\" aria-label=\"Katso isompi kuva\" rel=\"nofollow noopener\" target=\"_blank\"><br \/>\n\t\t\t\t<img class=\"diks-figure__image\" src=\"https:\/\/www.europesays.com\/fi\/wp-content\/uploads\/2025\/11\/11097029.jpg\" loading=\"lazy\" decoding=\"sync\" alt=\"\"\/><\/p>\n<p>\t\t\t<\/a><br \/>\n\t\t\t\t\tJukka Paakkanen, 41, keskusta: \u201dT\u00e4\u00e4ll\u00e4 on kaikki mit\u00e4 tarvitsee. Olen syntynyt t\u00e4\u00e4ll\u00e4, niin en ole puolueeton vastaaja. Asuin viisi vuotta muualla, ja ei se Oulu jotenkin vain tuntunut hyv\u00e4lt\u00e4. T\u00e4m\u00e4 on kaunis kaupunki. Olen ulkomaillakin k\u00e4ynyt, niin ei miss\u00e4\u00e4n ole n\u00e4in kaunista. Puhdas luonto ja ilma.\u201d<\/p>\n<p>\t\t<a class=\"diks-gallery__link\" href=\"https:\/\/i.media.fi\/incoming\/f45vzd\/3594683.jpg\/alternates\/FREE_1440\/3594683.jpg\" data-thumbnail=\"\" data-sub-html=\"Tapio Sariola, 72, Kerava: \u201dNiin kauan kuin muistan yrityksen kannalta kaupungissa piti aina olla ennen j\u00e4iden l\u00e4ht\u00f6\u00e4, koska silloin ihmiset olivat viel\u00e4 paikoillaan. T\u00e4rke\u00e4 paikka, josta on tullut paljon yst\u00e4vi\u00e4.\u201d\" aria-label=\"Katso isompi kuva\" rel=\"nofollow noopener\" target=\"_blank\"><br \/>\n\t\t\t\t<img class=\"diks-figure__image\" src=\"https:\/\/www.europesays.com\/fi\/wp-content\/uploads\/2025\/11\/3594683.jpg\" loading=\"lazy\" decoding=\"sync\" alt=\"\"\/><\/p>\n<p>\t\t\t<\/a><br \/>\n\t\t\t\t\tTapio Sariola, 72, Kerava: \u201dNiin kauan kuin muistan yrityksen kannalta kaupungissa piti aina olla ennen j\u00e4iden l\u00e4ht\u00f6\u00e4, koska silloin ihmiset olivat viel\u00e4 paikoillaan. T\u00e4rke\u00e4 paikka, josta on tullut paljon yst\u00e4vi\u00e4.\u201d<\/p>\n<p>\t\t<a class=\"diks-gallery__link\" href=\"https:\/\/i.media.fi\/incoming\/52t9xk\/11142625.jpg\/alternates\/FREE_1440\/11142625.jpg\" data-thumbnail=\"\" data-sub-html=\"Inga Pirskanen, 62, Petonen: \u201dLuonto ja erityisesti oma l\u00e4hiluonto Petosella on ehdottomasti Kuopiossa parasta. Ja ainakin Petosella on todella toimivat linja-autoyhteydet, mik\u00e4 on hienoa.\u201d\" aria-label=\"Katso isompi kuva\" rel=\"nofollow noopener\" target=\"_blank\"><br \/>\n\t\t\t\t<img class=\"diks-figure__image\" src=\"https:\/\/www.europesays.com\/fi\/wp-content\/uploads\/2025\/11\/11142625.jpg\" loading=\"lazy\" decoding=\"sync\" alt=\"\"\/><\/p>\n<p>\t\t\t<\/a><br \/>\n\t\t\t\t\tInga Pirskanen, 62, Petonen: \u201dLuonto ja erityisesti oma l\u00e4hiluonto Petosella on ehdottomasti Kuopiossa parasta. Ja ainakin Petosella on todella toimivat linja-autoyhteydet, mik\u00e4 on hienoa.\u201d<\/p>\n<p>\t\t<a class=\"diks-gallery__link\" href=\"https:\/\/i.media.fi\/incoming\/2bbnnd\/11138295.jpg\/alternates\/FREE_1440\/11138295.jpg\" data-thumbnail=\"\" data-sub-html=\"Anne Kilpel\u00e4inen, 63, Helsinki: \u201dKuopiossa parasta on Rauhalahden kylpyl\u00e4n ulkoallas. Se on kuin Gran Canarialla olisi. My\u00f6s julkinen liikenne on toimiva.\u201d\" aria-label=\"Katso isompi kuva\" rel=\"nofollow noopener\" target=\"_blank\"><br \/>\n\t\t\t\t<img class=\"diks-figure__image\" src=\"https:\/\/www.europesays.com\/fi\/wp-content\/uploads\/2025\/11\/11138295.jpg\" loading=\"lazy\" decoding=\"sync\" alt=\"\"\/><\/p>\n<p>\t\t\t<\/a><br \/>\n\t\t\t\t\tAnne Kilpel\u00e4inen, 63, Helsinki: \u201dKuopiossa parasta on Rauhalahden kylpyl\u00e4n ulkoallas. Se on kuin Gran Canarialla olisi. My\u00f6s julkinen liikenne on toimiva.\u201d<\/p>\n<p>\t\t<a class=\"diks-gallery__link\" href=\"https:\/\/i.media.fi\/incoming\/222ecx\/11149578.jpg\/alternates\/FREE_1440\/11149578.jpg\" data-thumbnail=\"\" data-sub-html=\"Juho L\u00e4ms\u00e4, 28, Puijonlaakso: \u201dKuopio on mukavan kokoinen paikka. T\u00e4\u00e4ll\u00e4 on kaikki mit\u00e4 tarvitsee kokonaisvaltaisen hyv\u00e4\u00e4n el\u00e4m\u00e4\u00e4n.\u201d\" aria-label=\"Katso isompi kuva\" rel=\"nofollow noopener\" target=\"_blank\"><br \/>\n\t\t\t\t<img class=\"diks-figure__image\" src=\"https:\/\/www.europesays.com\/fi\/wp-content\/uploads\/2025\/11\/11149578.jpg\" loading=\"lazy\" decoding=\"sync\" alt=\"\"\/><\/p>\n<p>\t\t\t<\/a><br \/>\n\t\t\t\t\tJuho L\u00e4ms\u00e4, 28, Puijonlaakso: \u201dKuopio on mukavan kokoinen paikka. T\u00e4\u00e4ll\u00e4 on kaikki mit\u00e4 tarvitsee kokonaisvaltaisen hyv\u00e4\u00e4n el\u00e4m\u00e4\u00e4n.\u201d<\/p>\n<p>\t\t<a class=\"diks-gallery__link\" href=\"https:\/\/i.media.fi\/incoming\/wtelfo\/11137693.jpg\/alternates\/FREE_1440\/11137693.jpg\" data-thumbnail=\"\" data-sub-html=\"Heli Untamala, 52, keskusta: \u201dKaunis luonto. Se, ett\u00e4 kun astun kotiovesta ulos, niin Kallavesi on siin\u00e4 ihan vieress\u00e4.\u201d\" aria-label=\"Katso isompi kuva\" rel=\"nofollow noopener\" target=\"_blank\"><br \/>\n\t\t\t\t<img class=\"diks-figure__image\" src=\"https:\/\/www.europesays.com\/fi\/wp-content\/uploads\/2025\/11\/11137693.jpg\" loading=\"lazy\" decoding=\"sync\" alt=\"\"\/><\/p>\n<p>\t\t\t<\/a><br \/>\n\t\t\t\t\tHeli Untamala, 52, keskusta: \u201dKaunis luonto. Se, ett\u00e4 kun astun kotiovesta ulos, niin Kallavesi on siin\u00e4 ihan vieress\u00e4.\u201d<\/p>\n<p>\t\t<a class=\"diks-gallery__link\" href=\"https:\/\/i.media.fi\/incoming\/uqpp2i\/11122356.jpg\/alternates\/FREE_1440\/11122356.jpg\" data-thumbnail=\"\" data-sub-html=\"Anu Kaunisaho, 53, Maaninka: \u201dTykk\u00e4\u00e4n ihmisist\u00e4 ja luonnosta. T\u00e4\u00e4ll\u00e4 on juuri sellaiset palvelut, mit\u00e4 tarvitsen. T\u00e4m\u00e4 paikka ei ole mist\u00e4\u00e4n kaukana, olen omasta mielest\u00e4ni keskell\u00e4 kaikkea.\u201d\" aria-label=\"Katso isompi kuva\" rel=\"nofollow noopener\" target=\"_blank\"><br \/>\n\t\t\t\t<img class=\"diks-figure__image\" src=\"https:\/\/www.europesays.com\/fi\/wp-content\/uploads\/2025\/11\/11122356.jpg\" loading=\"lazy\" decoding=\"sync\" alt=\"\"\/><\/p>\n<p>\t\t\t<\/a><br \/>\n\t\t\t\t\tAnu Kaunisaho, 53, Maaninka: \u201dTykk\u00e4\u00e4n ihmisist\u00e4 ja luonnosta. T\u00e4\u00e4ll\u00e4 on juuri sellaiset palvelut, mit\u00e4 tarvitsen. T\u00e4m\u00e4 paikka ei ole mist\u00e4\u00e4n kaukana, olen omasta mielest\u00e4ni keskell\u00e4 kaikkea.\u201d<\/p>\n<p>\t\t<a class=\"diks-gallery__link\" href=\"https:\/\/i.media.fi\/incoming\/itzzoi\/11142015.jpg\/alternates\/FREE_1440\/11142015.jpg\" data-thumbnail=\"\" data-sub-html=\"Elli Tyrkk\u00f6, 42, Helsinki: \u201dKuopio on rauhallinen kaupunki ja ihmiset t\u00e4\u00e4ll\u00e4 ovat yst\u00e4v\u00e4llisi\u00e4. T\u00e4\u00e4ll\u00e4 on my\u00f6s kauniit maisemat.\u201d\" aria-label=\"Katso isompi kuva\" rel=\"nofollow noopener\" target=\"_blank\"><br \/>\n\t\t\t\t<img class=\"diks-figure__image\" src=\"https:\/\/www.europesays.com\/fi\/wp-content\/uploads\/2025\/11\/11142015.jpg\" loading=\"lazy\" decoding=\"sync\" alt=\"\"\/><\/p>\n<p>\t\t\t<\/a><br \/>\n\t\t\t\t\tElli Tyrkk\u00f6, 42, Helsinki: \u201dKuopio on rauhallinen kaupunki ja ihmiset t\u00e4\u00e4ll\u00e4 ovat yst\u00e4v\u00e4llisi\u00e4. T\u00e4\u00e4ll\u00e4 on my\u00f6s kauniit maisemat.\u201d<\/p>\n<p>\t\t<a class=\"diks-gallery__link\" href=\"https:\/\/i.media.fi\/incoming\/jss3tj\/11111200.jpg\/alternates\/FREE_1440\/11111200.jpg\" data-thumbnail=\"\" data-sub-html=\"Anssi Suopanki, 62, Riistavesi: \u201dOlen pohjoisesta l\u00e4htenyt. Alussa oli kova kaipuu Lappiin, mutta t\u00e4\u00e4ll\u00e4 on mukavia ihmisi\u00e4, upea luonto ja kaikki palvelut toimivat ainakin toistaiseksi viel\u00e4. Ihan kotiseuduksi on muodostunut. Luonto on omalla tavallaan ihan yht\u00e4 hienoa kuin Lapissa.\u201d\" aria-label=\"Katso isompi kuva\" rel=\"nofollow noopener\" target=\"_blank\"><br \/>\n\t\t\t\t<img class=\"diks-figure__image\" src=\"https:\/\/www.europesays.com\/fi\/wp-content\/uploads\/2025\/11\/11111200.jpg\" loading=\"lazy\" decoding=\"sync\" alt=\"\"\/><\/p>\n<p>\t\t\t<\/a><br \/>\n\t\t\t\t\tAnssi Suopanki, 62, Riistavesi: \u201dOlen pohjoisesta l\u00e4htenyt. Alussa oli kova kaipuu Lappiin, mutta t\u00e4\u00e4ll\u00e4 on mukavia ihmisi\u00e4, upea luonto ja kaikki palvelut toimivat ainakin toistaiseksi viel\u00e4. Ihan kotiseuduksi on muodostunut. Luonto on omalla tavallaan ihan yht\u00e4 hienoa kuin Lapissa.\u201d<\/p>\n<p>\t\t<a class=\"diks-gallery__link\" href=\"https:\/\/i.media.fi\/incoming\/yqlu6d\/11141919.jpg\/alternates\/FREE_1440\/11141919.jpg\" data-thumbnail=\"\" data-sub-html=\"Sallamaarit Markkanen, 36, Maljalahti: \u201dIhmisten taajuus on asetettu sellaiseen inhimilliseen ja kotoisaan \u201dl\u00e4mmin halaus\u201d -tyyppiseen tunnelmaan. T\u00e4\u00e4ll\u00e4 on tosi kotoisaa.\u201d\" aria-label=\"Katso isompi kuva\" rel=\"nofollow noopener\" target=\"_blank\"><br \/>\n\t\t\t\t<img class=\"diks-figure__image\" src=\"https:\/\/www.europesays.com\/fi\/wp-content\/uploads\/2025\/11\/11141919.jpg\" loading=\"lazy\" decoding=\"sync\" alt=\"\"\/><\/p>\n<p>\t\t\t<\/a><br \/>\n\t\t\t\t\tSallamaarit Markkanen, 36, Maljalahti: \u201dIhmisten taajuus on asetettu sellaiseen inhimilliseen ja kotoisaan \u201dl\u00e4mmin halaus\u201d -tyyppiseen tunnelmaan. T\u00e4\u00e4ll\u00e4 on tosi kotoisaa.\u201d<\/p>\n<p>\t\t<a class=\"diks-gallery__link\" href=\"https:\/\/i.media.fi\/incoming\/3cp0ta\/11142016.jpg\/alternates\/FREE_1440\/11142016.jpg\" data-thumbnail=\"\" data-sub-html=\"Riitta Rautsi, 69, keskusta: \u201dOlen asunut t\u00e4\u00e4ll\u00e4 melkein 40 vuotta. Lapset ovat syntyneet t\u00e4\u00e4ll\u00e4 ja lapsenlapsetkin ovat t\u00e4\u00e4ll\u00e4. Kuopio on ihmisen\u00adkokoinen.\u201d\" aria-label=\"Katso isompi kuva\" rel=\"nofollow noopener\" target=\"_blank\"><br \/>\n\t\t\t\t<img class=\"diks-figure__image\" src=\"https:\/\/www.europesays.com\/fi\/wp-content\/uploads\/2025\/11\/11142016.jpg\" loading=\"lazy\" decoding=\"sync\" alt=\"\"\/><\/p>\n<p>\t\t\t<\/a><br \/>\n\t\t\t\t\tRiitta Rautsi, 69, keskusta: \u201dOlen asunut t\u00e4\u00e4ll\u00e4 melkein 40 vuotta. Lapset ovat syntyneet t\u00e4\u00e4ll\u00e4 ja lapsenlapsetkin ovat t\u00e4\u00e4ll\u00e4. Kuopio on ihmisen\u00adkokoinen.\u201d<\/p>\n<p>\t\t<a class=\"diks-gallery__link\" href=\"https:\/\/i.media.fi\/incoming\/wpr1bv\/11142579.jpg\/alternates\/FREE_1440\/11142579.jpg\" data-thumbnail=\"\" data-sub-html=\"Viljam Tiainen, 22, V\u00e4in\u00f6l\u00e4nniemi: \u201dPid\u00e4n t\u00e4rke\u00e4n\u00e4 py\u00f6r\u00e4ilymahdollisuuksia. \u00adT\u00e4\u00e4ll\u00e4 p\u00e4\u00e4see py\u00f6r\u00e4ll\u00e4 minne tahansa kes\u00e4ll\u00e4 ja \u00adtalvella.\u201d\" aria-label=\"Katso isompi kuva\" rel=\"nofollow noopener\" target=\"_blank\"><br \/>\n\t\t\t\t<img class=\"diks-figure__image\" src=\"https:\/\/www.europesays.com\/fi\/wp-content\/uploads\/2025\/11\/11142579.jpg\" loading=\"lazy\" decoding=\"sync\" alt=\"\"\/><\/p>\n<p>\t\t\t<\/a><br \/>\n\t\t\t\t\tViljam Tiainen, 22, V\u00e4in\u00f6l\u00e4nniemi: \u201dPid\u00e4n t\u00e4rke\u00e4n\u00e4 py\u00f6r\u00e4ilymahdollisuuksia. \u00adT\u00e4\u00e4ll\u00e4 p\u00e4\u00e4see py\u00f6r\u00e4ll\u00e4 minne tahansa kes\u00e4ll\u00e4 ja \u00adtalvella.\u201d<\/p>\n<p>\t\t<a class=\"diks-gallery__link\" href=\"https:\/\/i.media.fi\/incoming\/t93b3g\/11100090.jpg\/alternates\/FREE_1440\/11100090.jpg\" data-thumbnail=\"\" data-sub-html=\"Bernardo Moreira Soares Oliveira, 42, Neulam\u00e4ki: \u201dTy\u00f6skentelen biol\u00e4\u00e4ketieteen parissa, ja Kuopio on sen suhteen tietokeskus. Olen my\u00f6s saanut hyvi\u00e4 yst\u00e4vi\u00e4 saunassa k\u00e4ydess\u00e4.\u201d\" aria-label=\"Katso isompi kuva\" rel=\"nofollow noopener\" target=\"_blank\"><br \/>\n\t\t\t\t<img class=\"diks-figure__image\" src=\"https:\/\/www.europesays.com\/fi\/wp-content\/uploads\/2025\/11\/11100090.jpg\" loading=\"lazy\" decoding=\"sync\" alt=\"\"\/><\/p>\n<p>\t\t\t<\/a><br \/>\n\t\t\t\t\tBernardo Moreira Soares Oliveira, 42, Neulam\u00e4ki: \u201dTy\u00f6skentelen biol\u00e4\u00e4ketieteen parissa, ja Kuopio on sen suhteen tietokeskus. Olen my\u00f6s saanut hyvi\u00e4 yst\u00e4vi\u00e4 saunassa k\u00e4ydess\u00e4.\u201d<\/p>\n<p>\t\t\t\t\t<img class=\"diks-card__image\" src=\"https:\/\/www.europesays.com\/fi\/wp-content\/uploads\/2025\/11\/1763446762_560_11149913.jpg\"   loading=\"lazy\" decoding=\"sync\" alt=\"\"\/><\/p>\n","protected":false},"excerpt":{"rendered":"Muun muassa he kertovat omat suosikkijuttunsa Kuopiosta. Mukana on my\u00f6s KuPSin valmentaja Jarkko Wiss (oik.). Savon Sanomat Kuopion&hellip;\n","protected":false},"author":2,"featured_media":93172,"comment_status":"","ping_status":"","sticky":false,"template":"","format":"standard","meta":{"footnotes":""},"categories":[5],"tags":[22,23,26,27,33,31,30,17,8557,1132,4162,24,25,28,29,923,18421,15,18,21,32,19,20,16],"class_list":{"0":"post-93171","1":"post","2":"type-post","3":"status-publish","4":"format-standard","5":"has-post-thumbnail","7":"category-otsikot","8":"tag-breaking-news","9":"tag-breakingnews","10":"tag-featured-news","11":"tag-featurednews","12":"tag-fi","13":"tag-finland","14":"tag-finnish","15":"tag-headlines","16":"tag-kotiseuturakkaus","17":"tag-kuopio","18":"tag-kuopion-kaupunki","19":"tag-latest-news","20":"tag-latestnews","21":"tag-main-news","22":"tag-mainnews","23":"tag-matkustaminen","24":"tag-mielikuvat","25":"tag-news","26":"tag-otsikot","27":"tag-paauutiset","28":"tag-suomi","29":"tag-top-stories","30":"tag-topstories","31":"tag-uutiset"},"share_on_mastodon":{"url":"https:\/\/pubeurope.com\/@fi\/115569254200549474","error":""},"_links":{"self":[{"href":"https:\/\/www.europesays.com\/fi\/wp-json\/wp\/v2\/posts\/93171","targetHints":{"allow":["GET"]}}],"collection":[{"href":"https:\/\/www.europesays.com\/fi\/wp-json\/wp\/v2\/posts"}],"about":[{"href":"https:\/\/www.europesays.com\/fi\/wp-json\/wp\/v2\/types\/post"}],"author":[{"embeddable":true,"href":"https:\/\/www.europesays.com\/fi\/wp-json\/wp\/v2\/users\/2"}],"replies":[{"embeddable":true,"href":"https:\/\/www.europesays.com\/fi\/wp-json\/wp\/v2\/comments?post=93171"}],"version-history":[{"count":0,"href":"https:\/\/www.europesays.com\/fi\/wp-json\/wp\/v2\/posts\/93171\/revisions"}],"wp:featuredmedia":[{"embeddable":true,"href":"https:\/\/www.europesays.com\/fi\/wp-json\/wp\/v2\/media\/93172"}],"wp:attachment":[{"href":"https:\/\/www.europesays.com\/fi\/wp-json\/wp\/v2\/media?parent=93171"}],"wp:term":[{"taxonomy":"category","embeddable":true,"href":"https:\/\/www.europesays.com\/fi\/wp-json\/wp\/v2\/categories?post=93171"},{"taxonomy":"post_tag","embeddable":true,"href":"https:\/\/www.europesays.com\/fi\/wp-json\/wp\/v2\/tags?post=93171"}],"curies":[{"name":"wp","href":"https:\/\/api.w.org\/{rel}","templated":true}]}}