{"id":93173,"date":"2025-11-18T06:20:10","date_gmt":"2025-11-18T06:20:10","guid":{"rendered":"https:\/\/www.europesays.com\/fi\/93173\/"},"modified":"2025-11-18T06:20:10","modified_gmt":"2025-11-18T06:20:10","slug":"voittajatassut-ja-muut-vuoden-luontokuvat-esilla-haltiassa-metsa","status":"publish","type":"post","link":"https:\/\/www.europesays.com\/fi\/93173\/","title":{"rendered":"Voittajatassut ja muut vuoden luontokuvat esill\u00e4 Haltiassa &#8211; Mets\u00e4"},"content":{"rendered":"<p>Ossi Saarisen \u201dTassut\u201d ja muut vuoden 2025 voittajakuvat ovat esill\u00e4 Suomen luontokeskus Haltiassa Espoossa helmikuun alkuun saakka.<\/p>\n<p><a class=\"ArticleImage_imageContainer__e0EST\" href=\"https:\/\/www.europesays.com\/fi\/wp-content\/uploads\/2025\/11\/g2z-PLJcZ33c2Jh21AallRRha-s.jpg\"><img decoding=\"async\" src=\"https:\/\/www.europesays.com\/fi\/wp-content\/uploads\/2025\/11\/g2z-PLJcZ33c2Jh21AallRRha-s.jpg\" alt=\"Vuoden luontokuva vuosimallia 2025.\" loading=\"lazy\"\/><\/a><\/p>\n<p>Vuoden luontokuva vuosimallia 2025.\u00a0Kuva: Ossi Saarinen<\/p>\n<p class=\"RichTextParagraph_richTextParagraph__Wxs3t undefined\">Vuoden luontokuva 2025 -n\u00e4yttely\u00e4 p\u00e4\u00e4see ihastelemaan ensimm\u00e4isen\u00e4 Suomen luontokeskus Haltiassa Espoon Nuuksiossa.<\/p>\n<p class=\"RichTextParagraph_richTextParagraph__Wxs3t undefined\">Haltiassa ovat n\u00e4ht\u00e4vill\u00e4 <strong id=\"strong-7f6936e86d240f7d60a1283e9f231b7a\">Ossi Saarisen<\/strong> Vuoden Luontokuvaksi valittu teos ilveksen tassuista sek\u00e4 kaikki muut kilpailussa palkitut kuvat. <\/p>\n<p class=\"RichTextParagraph_richTextParagraph__Wxs3t undefined\">N\u00e4yttely avautui lokakuun lopussa, ja sit\u00e4 voi k\u00e4yd\u00e4 katsomassa helmikuun 8. p\u00e4iv\u00e4\u00e4n saakka. N\u00e4yttely esittelee suomalaisen luonnon monimuotoisuutta ja visuaalista voimaa valokuvataiteen keinoin.<\/p>\n<p class=\"RichTextParagraph_richTextParagraph__Wxs3t undefined\">Vuoden luontokuva -kilpailu j\u00e4rjestettiin t\u00e4n\u00e4 vuonna 45. kerran. <\/p>\n<p class=\"RichTextParagraph_richTextParagraph__Wxs3t undefined\">Suomen luonnonvalokuvaajat ry:n mukaan kilpailun tavoitteena on nostaa valokeilaan suomalainen luonto ja vuoden parhaat valokuvat suomalaisesta luonnosta \u2013 sen kaikessa kauneudessa ja monimuotoisuudessa.<\/p>\n<p class=\"RichTextParagraph_richTextParagraph__Wxs3t undefined\">Yhdistyksen mukaan Saarisen ottama vuoden luontokuva on visuaalisesti n\u00e4ytt\u00e4v\u00e4 valokuva, joka osoittaa valokuvaamisen taitoa ja oivaltavaa n\u00e4kemyst\u00e4.<\/p>\n<p class=\"RichTextParagraph_richTextParagraph__Wxs3t undefined\">Pitk\u00e4 teleobjektiivi ja l\u00e4hiet\u00e4isyys tuotti ainutlaatuisen ja samalla hauskan kuvan ilveksen paksukarvaisista tassuista, mik\u00e4 vieh\u00e4tti my\u00f6s kilpailun tuomaristoa. <\/p>\n<p class=\"RichTextParagraph_richTextParagraph__Wxs3t undefined\">\u201dPelottoman oloinen ilves seisoi sammaloituneeseen puunrunkoon nojaten kohdassa, jossa olin juuri hetke\u00e4 aikaisemmin unelmoinut kuvaavani ilveksen\u201d, Saarinen tunnelmoi.<\/p>\n<p class=\"RichTextParagraph_richTextParagraph__Wxs3t undefined\">Kaikki palkitut 48 kuvaa ovat n\u00e4ht\u00e4viss\u00e4 osoitteessa <a href=\"https:\/\/eur02.safelinks.protection.outlook.com\/?url=http%3A%2F%2Fsuomen-luontokeskus-haltia.mail-epr.net%2Fgo%2F2621200-935122-77055618&amp;data=05%7C02%7C%7C9ff29ecefb3c4bd7de8b08de15fef1fb%7Cc10c53fbad1e4893a1acee30fbe7b31c%7C0%7C0%7C638972381877160375%7CUnknown%7CTWFpbGZsb3d8eyJFbXB0eU1hcGkiOnRydWUsIlYiOiIwLjAuMDAwMCIsIlAiOiJXaW4zMiIsIkFOIjoiTWFpbCIsIldUIjoyfQ%3D%3D%7C0%7C%7C%7C&amp;sdata=mcFhA0b7x%2FRbLFfiDNG%2FGfRKgosiQJHT272XO%2FaFw20%3D&amp;reserved=0\" id=\"link\" rel=\"nofollow noopener\" target=\"_blank\">www.vuodenluontokuva.fi<\/a><\/p>\n","protected":false},"excerpt":{"rendered":"Ossi Saarisen \u201dTassut\u201d ja muut vuoden 2025 voittajakuvat ovat esill\u00e4 Suomen luontokeskus Haltiassa Espoossa helmikuun alkuun saakka. Vuoden&hellip;\n","protected":false},"author":2,"featured_media":93174,"comment_status":"","ping_status":"","sticky":false,"template":"","format":"standard","meta":{"footnotes":""},"categories":[117],"tags":[33,31,30,72,476,118,32,119,477],"class_list":{"0":"post-93173","1":"post","2":"type-post","3":"status-publish","4":"format-standard","5":"has-post-thumbnail","7":"category-luonto","8":"tag-fi","9":"tag-finland","10":"tag-finnish","11":"tag-luonto","12":"tag-nature","13":"tag-science","14":"tag-suomi","15":"tag-tiede","16":"tag-wildlife"},"share_on_mastodon":{"url":"","error":""},"_links":{"self":[{"href":"https:\/\/www.europesays.com\/fi\/wp-json\/wp\/v2\/posts\/93173","targetHints":{"allow":["GET"]}}],"collection":[{"href":"https:\/\/www.europesays.com\/fi\/wp-json\/wp\/v2\/posts"}],"about":[{"href":"https:\/\/www.europesays.com\/fi\/wp-json\/wp\/v2\/types\/post"}],"author":[{"embeddable":true,"href":"https:\/\/www.europesays.com\/fi\/wp-json\/wp\/v2\/users\/2"}],"replies":[{"embeddable":true,"href":"https:\/\/www.europesays.com\/fi\/wp-json\/wp\/v2\/comments?post=93173"}],"version-history":[{"count":0,"href":"https:\/\/www.europesays.com\/fi\/wp-json\/wp\/v2\/posts\/93173\/revisions"}],"wp:featuredmedia":[{"embeddable":true,"href":"https:\/\/www.europesays.com\/fi\/wp-json\/wp\/v2\/media\/93174"}],"wp:attachment":[{"href":"https:\/\/www.europesays.com\/fi\/wp-json\/wp\/v2\/media?parent=93173"}],"wp:term":[{"taxonomy":"category","embeddable":true,"href":"https:\/\/www.europesays.com\/fi\/wp-json\/wp\/v2\/categories?post=93173"},{"taxonomy":"post_tag","embeddable":true,"href":"https:\/\/www.europesays.com\/fi\/wp-json\/wp\/v2\/tags?post=93173"}],"curies":[{"name":"wp","href":"https:\/\/api.w.org\/{rel}","templated":true}]}}