{"id":93184,"date":"2025-11-18T06:39:10","date_gmt":"2025-11-18T06:39:10","guid":{"rendered":"https:\/\/www.europesays.com\/fi\/93184\/"},"modified":"2025-11-18T06:39:10","modified_gmt":"2025-11-18T06:39:10","slug":"netflix-uutuus-keraa-kehuja-esimerkkitapaus-huippuluokan-televisiosarjasta","status":"publish","type":"post","link":"https:\/\/www.europesays.com\/fi\/93184\/","title":{"rendered":"Netflix-uutuus ker\u00e4\u00e4 kehuja \u2013 &#8221;Esimerkkitapaus huippuluokan televisiosarjasta&#8221;"},"content":{"rendered":"<p>Netflixin uutuussarja The Beast in Me on noussut nopeasti loppuvuoden puhutuimmaksi j\u00e4nnityssarjaksi. <strong>Claire Danes <\/strong>ja<strong> Matthew Rhys<\/strong> esitt\u00e4v\u00e4t p\u00e4\u00e4osia sarjassa, joka on tehnyt vaikutuksen sek\u00e4 katsojiin ett\u00e4 kriitikoihin. Sarjaa on jo kuvailtu esimerkkitapaukseksi huippuluokan televisiosarjasta. Arvostettu brittilehti The Guardian antoi sarjalle t\u00e4ydet viisi t\u00e4hte\u00e4 ja kehui sit\u00e4 \u201cniin hyv\u00e4ksi, ett\u00e4 siit\u00e4 ei yksinkertaisesti voi k\u00e4\u00e4nt\u00e4\u00e4 katsettaan pois\u201d. <\/p>\n<p>Menestyskirjailija Aggie Wiggs (<strong>Claire Danes<\/strong>) on vet\u00e4ytynyt kokonaan julkisuudesta koettuaan perhetragedian. Kirjoittaminen ei suju, ja h\u00e4n on kuin varjo entisest\u00e4 itsest\u00e4\u00e4n. Tilanne muuttuu, kun tunnettu kiinteist\u00f6moguli Nile Jarvis (<strong>Matthew Rhys<\/strong>) ostaa naapuritalon. Jarvisia on aiemmin ep\u00e4ilty vaimonsa katoamisesta. Aggie pit\u00e4\u00e4 miest\u00e4 ep\u00e4miellytt\u00e4v\u00e4n\u00e4 mutta alkaa tuntea my\u00f6s kiinnostusta h\u00e4nt\u00e4 kohtaan. H\u00e4n alkaa selvitt\u00e4\u00e4 Jarvisin menneisyytt\u00e4 ja etsi\u00e4 totuutta oman suruty\u00f6ns\u00e4 keskell\u00e4. Aggien tutkimuksista syntyy vaarallinen leikki.<\/p>\n<p>The Guardian kuvailee sarjaa \u201ctyylikk\u00e4\u00e4ksi, itsevarmaksi ja \u00e4lykk\u00e4\u00e4ksi\u201d. Arviossa kehutaan erityisesti Danesin ja Rhysin roolisuorituksia, jotka nostavat kokonaisuuden uudelle tasolle.<\/p>\n<p>Lue my\u00f6s: <a href=\"https:\/\/www.episodi.fi\/uutiset\/netflixin-uutuussarjan-rotten-tomatoes-luku-on-100-ei-kannata-jattaa-valiin\/\" title=\"Netflixin uutuussarjan Rotten Tomatoes -luku on 100 \u2013 \u201dEi kannata j\u00e4tt\u00e4\u00e4 v\u00e4liin\u201d\" class=\"underline-custom !font-montserrat !font-bold !underline-offset-4 !decoration-4 !decoration-episodi-blue !text-md\" rel=\"nofollow noopener\" target=\"_blank\">Netflixin uutuussarjan Rotten Tomatoes -luku on 100 \u2013 \u201dEi kannata j\u00e4tt\u00e4\u00e4 v\u00e4liin\u201d<\/a><\/p>\n<p>My\u00f6s monet muut julkaisut ovat l\u00e4mmenneet sarjalle. Arvioita ker\u00e4\u00e4v\u00e4ll\u00e4 Rotten Tomatoes -sivustolla sen tuoreusprosentti on 83.  Kriitikot ovat kehuneet sen psykologista j\u00e4nnitett\u00e4, n\u00e4yttelij\u00e4ty\u00f6t\u00e4 ja tarinan moniulotteisuutta.<\/p>\n<p>The Beast in Me koostuu kahdeksasta jaksosta. Sarja on nyt kokonaisuudessaan katsottavissa Netflixiss\u00e4. Katso traileri alta.<\/p>\n<p><img loading=\"lazy\" decoding=\"async\" alt=\"YouTube video\" width=\"480\" height=\"360\" data-pin-nopin=\"true\" nopin=\"nopin\" class=\"perfmatters-lazy\" src=\"https:\/\/www.europesays.com\/fi\/wp-content\/uploads\/2025\/11\/1763418133_681_hqdefault.jpg\"\/><\/p>\n<p>Lue my\u00f6s: <a href=\"https:\/\/www.episodi.fi\/uutiskirje\/?uutiskirjemainos=tekstilinkkimainos\" title=\"Tilaa Episodin uutiskirje ja voit voittaa leffalippuja! Nappaa tv-vinkit suoraan s\u00e4hk\u00f6postiin t\u00e4st\u00e4.\" class=\"underline-custom !font-montserrat !font-bold !underline-offset-4 !decoration-4 !decoration-episodi-blue !text-md\" rel=\"nofollow noopener\" target=\"_blank\">Tilaa Episodin uutiskirje ja voit voittaa leffalippuja! Nappaa katseluvinkit suoraan s\u00e4hk\u00f6postiin t\u00e4st\u00e4.<\/a><\/p>\n","protected":false},"excerpt":{"rendered":"Netflixin uutuussarja The Beast in Me on noussut nopeasti loppuvuoden puhutuimmaksi j\u00e4nnityssarjaksi. Claire Danes ja Matthew Rhys esitt\u00e4v\u00e4t&hellip;\n","protected":false},"author":2,"featured_media":93185,"comment_status":"","ping_status":"","sticky":false,"template":"","format":"standard","meta":{"footnotes":""},"categories":[130],"tags":[137,33,31,30,217,32,109],"class_list":{"0":"post-93184","1":"post","2":"type-post","3":"status-publish","4":"format-standard","5":"has-post-thumbnail","7":"category-viihde","8":"tag-entertainment","9":"tag-fi","10":"tag-finland","11":"tag-finnish","12":"tag-netflix","13":"tag-suomi","14":"tag-viihde"},"share_on_mastodon":{"url":"https:\/\/pubeurope.com\/@fi\/115569332397239024","error":""},"_links":{"self":[{"href":"https:\/\/www.europesays.com\/fi\/wp-json\/wp\/v2\/posts\/93184","targetHints":{"allow":["GET"]}}],"collection":[{"href":"https:\/\/www.europesays.com\/fi\/wp-json\/wp\/v2\/posts"}],"about":[{"href":"https:\/\/www.europesays.com\/fi\/wp-json\/wp\/v2\/types\/post"}],"author":[{"embeddable":true,"href":"https:\/\/www.europesays.com\/fi\/wp-json\/wp\/v2\/users\/2"}],"replies":[{"embeddable":true,"href":"https:\/\/www.europesays.com\/fi\/wp-json\/wp\/v2\/comments?post=93184"}],"version-history":[{"count":0,"href":"https:\/\/www.europesays.com\/fi\/wp-json\/wp\/v2\/posts\/93184\/revisions"}],"wp:featuredmedia":[{"embeddable":true,"href":"https:\/\/www.europesays.com\/fi\/wp-json\/wp\/v2\/media\/93185"}],"wp:attachment":[{"href":"https:\/\/www.europesays.com\/fi\/wp-json\/wp\/v2\/media?parent=93184"}],"wp:term":[{"taxonomy":"category","embeddable":true,"href":"https:\/\/www.europesays.com\/fi\/wp-json\/wp\/v2\/categories?post=93184"},{"taxonomy":"post_tag","embeddable":true,"href":"https:\/\/www.europesays.com\/fi\/wp-json\/wp\/v2\/tags?post=93184"}],"curies":[{"name":"wp","href":"https:\/\/api.w.org\/{rel}","templated":true}]}}