{"id":93187,"date":"2025-11-18T06:43:11","date_gmt":"2025-11-18T06:43:11","guid":{"rendered":"https:\/\/www.europesays.com\/fi\/93187\/"},"modified":"2025-11-18T06:43:11","modified_gmt":"2025-11-18T06:43:11","slug":"israelilaisten-mieliala-parani-roimasti-mutta-haavat-ovat-syvia-aloin-vain-itkea-ulkomaat","status":"publish","type":"post","link":"https:\/\/www.europesays.com\/fi\/93187\/","title":{"rendered":"Israelilaisten mieliala parani roimasti, mutta haavat ovat syvi\u00e4: \u201dAloin vain itke\u00e4\u201d | Ulkomaat"},"content":{"rendered":"<p>Juttu tiivistettyn\u00e4<\/p>\n<ul class=\"aw-1jjocuh iJTSwP yle__article__list yle__article__list--ul\">\n<li class=\"aw-1j7gwms gNYKfi\">Suurin osa Gazan rajan l\u00e4heisyydess\u00e4 sijaitsevien kibbutsien asukkaista on palannut takaisin koteihinsa. Hamasin kahden vuoden takaisessa terrori-iskussa pahiten k\u00e4rsineiss\u00e4 kibbutseissa j\u00e4lleenrakennus on kuitenkin vasta aluillaan.<\/li>\n<li class=\"aw-1j7gwms gNYKfi\">Kfar Azan kibbutsin j\u00e4lleenrakennuksen on m\u00e4\u00e4r\u00e4 valmistua kes\u00e4ll\u00e4 2026. Suurin osa kibbutsin asukkaista haluaa palata kotiin. Hamas tappoi kibbutsissa 64 ihmist\u00e4.<\/li>\n<li class=\"aw-1j7gwms gNYKfi\">Viimeistenkin panttivankien kotiinpaluu lokakuussa on nostanut Israelissa kansallista mielialaa, Israelin demokratiainstituutin kysely paljastaa.<\/li>\n<li class=\"aw-1j7gwms gNYKfi\">Kyselyn mukaan suurin osa Israelin juutalaisista ei kuitenkaan usko pysyv\u00e4\u00e4n rauhaan.<\/li>\n<\/ul>\n<p class=\"aw-1gybjub aw-1p7kakr kEtdKx cEmitX yle__article__paragraph\"><strong class=\"aw-ak79eh KyCXm yle__article__strong\">KFAR AZA\/RUHAMA<\/strong> Kfar Azan kibbutsi on l\u00e4hes autio. Suurin osa vastaan tulevista ihmisist\u00e4 on ohjatulla kierroksella olevia turisteja.<\/p>\n<p class=\"aw-1gybjub aw-1p7kakr kEtdKx cEmitX yle__article__paragraph\">On kulunut yli kaksi vuotta siit\u00e4, kun terrorij\u00e4rjest\u00f6 Hamas hy\u00f6kk\u00e4si Kfar Azaan ja muualle Etel\u00e4-Israeliin 7. lokakuuta 2023.<\/p>\n<p class=\"aw-1gybjub aw-1p7kakr kEtdKx cEmitX yle__article__paragraph\">Osa kyl\u00e4m\u00e4isen kibbutsin naapurustoista on yh\u00e4 raunioina iskun ja sit\u00e4 seuranneiden taisteluiden j\u00e4ljilt\u00e4. Talojen edustoja koristavat kuvat niiden entisist\u00e4 asukkaista, jotka Hamas tappoi.<\/p>\n<p class=\"aw-1gybjub aw-1p7kakr kEtdKx cEmitX yle__article__paragraph\">Israelin kibbutsit ovat yhteisomistukseen perustuvia pieni\u00e4 yhteis\u00f6j\u00e4, joista monet saavat elantonsa maanviljelyksest\u00e4.<\/p>\n<p class=\"aw-1gybjub aw-1p7kakr kEtdKx cEmitX yle__article__paragraph\">Israelin ja Hamasin v\u00e4lisen aselevon alkamisesta on nyt kulunut yli kuukausi. Hamas on vapauttanut viimeisetkin kaappaamansa panttivangit sek\u00e4 toimittanut Israelille panttivankien ruumiita.<\/p>\n<p class=\"aw-1gybjub aw-1p7kakr kEtdKx cEmitX yle__article__paragraph\">Satojentuhansien israelilaisten tavoin my\u00f6s monet Kfar Azan asukkaat osallistuivat viikoittain mielenosoituksiin, joilla Israelin hallitusta painostettiin taipumaan aselepoon. Kibbutsin tiedottaja <strong class=\"aw-ak79eh KyCXm yle__article__strong\">Avigdor Schwartzman<\/strong> sanoo, ett\u00e4 todellinen j\u00e4lleenrakennus voi nyt viimein alkaa.<\/p>\n<p class=\"aw-1gybjub aw-1p7kakr kEtdKx cEmitX yle__article__paragraph\">\u2013 Teimme kaikkemme saadaksemme panttivangit kotiin. Nyt tunnen ensimm\u00e4ist\u00e4 kertaa todella pitk\u00e4\u00e4n aikaan, ett\u00e4 on syyt\u00e4 juhlaan, Schwartzman sanoo.<\/p>\n<p><img decoding=\"async\" alt=\"\" src=\"https:\/\/www.europesays.com\/fi\/wp-content\/uploads\/2025\/11\/39-15511956911af1251043.jpeg\" loading=\"lazy\" class=\"aw-1l9m598 hKVVvP\"\/><\/p>\n<p>Avaa kuvien katselu<\/p>\n<p>Avigdor Schwartzman ei ole varma, palaako h\u00e4nen perheens\u00e4 Kfar Azaan.<\/p>\n<p class=\"aw-1gybjub aw-1p7kakr kEtdKx cEmitX yle__article__paragraph\">Panttivankien kotiinpaluu on nostanut merkitt\u00e4v\u00e4sti kansallista mielialaa Israelissa.<\/p>\n<p class=\"aw-1gybjub aw-1p7kakr kEtdKx cEmitX yle__article__paragraph\">Israelin demokratiainstituutin <a class=\"aw-iao6s4 iHOxEa yle__article__link\" href=\"https:\/\/en.idi.org.il\/articles\/61931\" role=\"link\" rel=\"nofollow noopener\" target=\"_blank\">kyselyss\u00e4<\/a> yli 57 prosenttia israelilaisista sanoi pit\u00e4v\u00e4ns\u00e4 kansallista mielialaa hyv\u00e4n\u00e4 tai eritt\u00e4in hyv\u00e4n\u00e4. Viel\u00e4 elokuussa yli 70 prosenttia vastaajista piti kansallista mielialaa huonona tai eritt\u00e4in huonona.<\/p>\n<p class=\"aw-1gybjub aw-1p7kakr kEtdKx cEmitX yle__article__paragraph\">Suurin osa israelilaisista pit\u00e4\u00e4 aselepoa erityisesti Yhdysvaltain presidentin <strong class=\"aw-ak79eh KyCXm yle__article__strong\">Donald Trumpin<\/strong> eik\u00e4 niink\u00e4\u00e4n Israelin p\u00e4\u00e4ministeri <strong class=\"aw-ak79eh KyCXm yle__article__strong\">Benjamin Netanjahun<\/strong> ansiona.<\/p>\n<p><img decoding=\"async\" alt=\"Kaksi miest\u00e4 kurottautuu auton ikkunasta. Toinen pitelee k\u00e4dess\u00e4\u00e4n kuvaa heist\u00e4.\" src=\"https:\/\/www.europesays.com\/fi\/wp-content\/uploads\/2025\/11\/39-1552343691457301a91b.jpeg\" loading=\"lazy\" class=\"aw-1l9m598 hKVVvP\"\/><\/p>\n<p>Avaa kuvien katselu<\/p>\n<p>Hamasin Kfar Azasta panttivangiksi kaappaamat kaksoset Gali ja Zivi Berman tervehtiv\u00e4t v\u00e4kijoukkoa p\u00e4\u00e4sty\u00e4\u00e4n sairaalasta 19. lokakuuta 2025. Veljekset olivat viimeiset vapautetut Kfar Azan panttivangeista. Kuva: Abir Sultan \/ EPA<\/p>\n<p class=\"aw-1gybjub aw-1p7kakr kEtdKx cEmitX yle__article__paragraph\">Noin <a class=\"aw-iao6s4 iHOxEa yle__article__link\" href=\"https:\/\/www.timesofisrael.com\/over-2500-israelis-have-moved-to-gaza-border-area-towns-in-wake-of-oct-7-report\/\" role=\"link\" rel=\"nofollow noopener\" target=\"_blank\">90 prosenttia<\/a> Gazan rajalla sijaitsevien kibbutsien asukkaista on palannut koteihinsa. Pahiten k\u00e4rsineiss\u00e4 kibbutseissa, kuten Kfar Azassa, j\u00e4lleenrakennus on kuitenkin vasta aluillaan.<\/p>\n<p class=\"aw-1gybjub aw-1p7kakr kEtdKx cEmitX yle__article__paragraph\">Schwartzmanin mukaan j\u00e4lleenrakennus on m\u00e4\u00e4r\u00e4 saada p\u00e4\u00e4t\u00f6kseen kes\u00e4ll\u00e4 2026. Kaikki kibbutsin asukkaat eiv\u00e4t kuitenkaan ole valmiita palaamaan kotiin.<\/p>\n<p class=\"aw-1gybjub aw-1p7kakr kEtdKx cEmitX yle__article__paragraph\">Kfar Azassa asui ennen Hamasin hy\u00f6kk\u00e4yst\u00e4 reilut 800 ihmist\u00e4. Hamas tappoi kibbutsissa 64 ja otti panttivangiksi 19 asukasta. Panttivangeista kaksi kuoli Israelin tulituksessa Gazassa loppuvuodesta 2023.<\/p>\n<p><img decoding=\"async\" alt=\"Talon rauniot t\u00e4ynn\u00e4 luodinreiki\u00e4.\" src=\"https:\/\/www.europesays.com\/fi\/wp-content\/uploads\/2025\/11\/39-155152769121df85f645.jpeg\" loading=\"lazy\" class=\"aw-1l9m598 hKVVvP\"\/><\/p>\n<p>Avaa kuvien katselu<\/p>\n<p>Kfar Azan asukkaat eiv\u00e4t ole viel\u00e4 p\u00e4\u00e4tt\u00e4neet, mit\u00e4 tekev\u00e4t muistomerkkin\u00e4 toimivalle tuhotulle naapurustolle. Kuva: Jeremy Portnoi \/ Yle                                                                                                                                                                                                                                <\/p>\n<p class=\"aw-1gybjub aw-1p7kakr kEtdKx cEmitX yle__article__paragraph\">Tapettujen joukossa olivat my\u00f6s Schwartzmanin appivanhemmat. H\u00e4n itse selvisi vaimonsa ja tuolloin vauvaik\u00e4isen tytt\u00e4rens\u00e4 kanssa lukittautumalla kotinsa turvahuoneeseen.<\/p>\n<p class=\"aw-1gybjub aw-1p7kakr kEtdKx cEmitX yle__article__paragraph\">\u2013 J\u00e4lleenrakentamisessa on katkeransuloinen maku. Esimerkiksi meid\u00e4n lapsemme joutuvat kasvamaan ilman isovanhempiaan, Schwartzman sanoo.<\/p>\n<p class=\"aw-1gybjub aw-1p7kakr kEtdKx cEmitX yle__article__paragraph\">Yhteens\u00e4 Hamas ja muut Gazan aseryhm\u00e4t tappoivat hy\u00f6kk\u00e4yksess\u00e4 l\u00e4hes 1\u00a0200 israelilaista ja ottivat panttivangiksi noin 250 ihmist\u00e4.<\/p>\n<p><img decoding=\"async\" alt=\"Mies seisoo remontoitavan talon oven edess\u00e4.\" src=\"https:\/\/www.europesays.com\/fi\/wp-content\/uploads\/2025\/11\/39-15514216911ee3a234eb.jpeg\" loading=\"lazy\" class=\"aw-1l9m598 hKVVvP\"\/><\/p>\n<p>Avaa kuvien katselu<\/p>\n<p>My\u00f6s Schwartzmanin kotitalo on Hamasin hy\u00f6kk\u00e4yksen j\u00e4ljilt\u00e4 remontissa. Kuva: Vilma Romsi \/ Yle                                                                                                                                                                                                                                                               <\/p>\n<p>\u201dVoimme j\u00e4lleen hengitt\u00e4\u00e4\u201d<\/p>\n<p class=\"aw-1gybjub aw-1p7kakr kEtdKx cEmitX yle__article__paragraph\">Toistaiseksi suurin osa Kfar Azan asukkaista, my\u00f6s Schwartzmann perheineen, majoittuu noin 15 kilometrin p\u00e4\u00e4ss\u00e4 sijaitsevassa Ruhaman kibbutsissa. Evakoille rakennettiin pikavauhtia uusi naapurusto, joka valmistui noin vuosi sitten.<\/p>\n<p><img decoding=\"async\" alt=\"Kartta Gazan kaistasta sek\u00e4 Ruhaman ja Kfar Azan sijainnista Israelin puolella.\" src=\"https:\/\/www.europesays.com\/fi\/wp-content\/uploads\/2025\/11\/39-1552379691465a192708.jpeg\" loading=\"lazy\" class=\"aw-1l9m598 hKVVvP\"\/><\/p>\n<p>Avaa kuvien katselu<\/p>\n<p>Kuva: Juha Rissanen \/ Yle, l\u00e4hde: Openstreetmap, Mapcreator<\/p>\n<p class=\"aw-1gybjub aw-1p7kakr kEtdKx cEmitX yle__article__paragraph\">Ruhamassa majoittuva <strong class=\"aw-ak79eh KyCXm yle__article__strong\">Orit Zadikevitch<\/strong> odottaa innolla paluuta Kfar Azaan \u2013 siit\u00e4 huolimatta, ett\u00e4 Hamas tappoi siell\u00e4 h\u00e4nen entisen puolisonsa ja h\u00e4nen nelj\u00e4n lapsensa is\u00e4n.<\/p>\n<p class=\"aw-1gybjub aw-1p7kakr kEtdKx cEmitX yle__article__paragraph\">\u2013 Vanhempani rakensivat kibbutsin. Lapseni ja min\u00e4 olemme asuneet siell\u00e4 koko ik\u00e4mme, eik\u00e4 meill\u00e4 ole muuta paikkaa mihin menn\u00e4. Kotiinpaluu on toki surullista, mutta ainakin meill\u00e4 on siell\u00e4 muistot rakkaistamme, Zadikevitch sanoo.<\/p>\n<p><img decoding=\"async\" alt=\"Hiljainen naapurusto t\u00e4ynn\u00e4 parakkiasuntoja, lapsi k\u00e4velee tiell\u00e4.\" src=\"https:\/\/www.europesays.com\/fi\/wp-content\/uploads\/2025\/11\/39-15514106911ec1ba7470.jpeg\" loading=\"lazy\" class=\"aw-1l9m598 hKVVvP\"\/><\/p>\n<p>Avaa kuvien katselu<\/p>\n<p>Kfar Azan evakoille rakennettu naapurusto Ruhamassa. Kuva: Vilma Romsi \/ Yle                                                                                                                                                                                                                                       <\/p>\n<p class=\"aw-1gybjub aw-1p7kakr kEtdKx cEmitX yle__article__paragraph\">El\u00e4m\u00e4 Kfar Azassa, kuten muissakin kibbutseissa, oli hyvin yhteis\u00f6llist\u00e4. Kaikki tunsivat toisensa, ja lapsia kasvatettiin yhdess\u00e4. Zadikevitch sanoo, ett\u00e4 kibbutsiyhteis\u00f6 voi viimein alkaa parantaa haavojaan nyt, kun loputkin panttivangit ovat p\u00e4\u00e4sseet takaisin kotiin.<\/p>\n<p class=\"aw-1gybjub aw-1p7kakr kEtdKx cEmitX yle__article__paragraph\">\u2013 Voimme j\u00e4lleen hengitt\u00e4\u00e4 ja alkaa katsoa tulevaisuuteen, Zadikevitch kertoo.<\/p>\n<p class=\"aw-1gybjub aw-1p7kakr kEtdKx cEmitX yle__article__paragraph\"><strong class=\"aw-ak79eh KyCXm yle__article__strong\">Videolla Zadikevitch kertoo esimerkin, kuinka Kfar Azan asukkaat ovat tukeneet toisiaan evakossa:<\/strong><\/p>\n<p>Israelin juutalaiset eiv\u00e4t usko pysyv\u00e4\u00e4n rauhaan<\/p>\n<p class=\"aw-1gybjub aw-1p7kakr kEtdKx cEmitX yle__article__paragraph\">Israelin ja Hamasin v\u00e4linen aselepo on vasta alkua.<\/p>\n<p class=\"aw-1gybjub aw-1p7kakr kEtdKx cEmitX yle__article__paragraph\">Israelin ja palestiinalaisten yli sata vuotta kest\u00e4nyt konflikti on yh\u00e4 ratkaisematta. Trumpin rauhansuunnitelmassa on viel\u00e4 lukuisia avonaisia kysymyksi\u00e4, joista keskeisimm\u00e4t liittyv\u00e4t konfliktin juurisyyhyn \u2013 palestiinalaisten itsem\u00e4\u00e4r\u00e4\u00e4misoikeuden toteutumiseen.<\/p>\n<p class=\"aw-1gybjub aw-1p7kakr kEtdKx cEmitX yle__article__paragraph\">Kfar Aza sijaitsee n\u00e4k\u00f6yhteyden p\u00e4\u00e4ss\u00e4 Gazasta. Sodan aikana sielt\u00e4 kantautui jatkuvasti Israelin pommitusten \u00e4\u00e4ni\u00e4. Nyt horisontissa siint\u00e4\u00e4 en\u00e4\u00e4 kasa raunioita.<\/p>\n<p>T\u00e4m\u00e4n raja-aidan l\u00e4pi Hamas tunkeutui Kfar Azaan lokakuussa 2023. L\u00e4ht\u00f6kuva otettu lokakuussa 2024, video marraskuussa 2025.<\/p>\n<p class=\"aw-1gybjub aw-1p7kakr kEtdKx cEmitX yle__article__paragraph\">Israelin sotatoimet Gazassa ovat tappaneet ainakin 69\u00a0000 ihmist\u00e4, joista <a class=\"aw-iao6s4 iHOxEa yle__article__link\" href=\"https:\/\/www.theguardian.com\/world\/ng-interactive\/2025\/aug\/21\/revealed-israeli-militarys-own-data-indicates-civilian-death-rate-of-83-in-gaza-war\" role=\"link\" rel=\"nofollow noopener\" target=\"_blank\">suurin osa<\/a> on siviilej\u00e4. YK:n kansainv\u00e4linen tuomioistuin tutkii, syyllistyyk\u00f6 Israel Gazassa kansanmurhaan.<\/p>\n<p class=\"aw-1gybjub aw-1p7kakr kEtdKx cEmitX yle__article__paragraph\">P\u00e4\u00e4llimm\u00e4isen\u00e4 kibbutseissa asuvien ihmisten mieless\u00e4 on kuitenkin Israelin oma turvallisuus.<\/p>\n<p class=\"aw-1gybjub aw-1p7kakr kEtdKx cEmitX yle__article__paragraph\">Schwartzman sanoo, ett\u00e4 kibbutsin asukkaat luottivat ennen siihen, ett\u00e4 Israelin armeija pit\u00e4\u00e4 heid\u00e4t viime k\u00e4dess\u00e4 turvassa. Hamasin hy\u00f6kk\u00e4ys ja armeijan ep\u00e4onnistuminen sen est\u00e4misess\u00e4 horjuttivat kibbutsilaisten turvallisuudentunnetta perustavanlaatuisesti.<\/p>\n<p class=\"aw-1gybjub aw-1p7kakr kEtdKx cEmitX yle__article__paragraph\"><strong class=\"aw-ak79eh KyCXm yle__article__strong\">Videolla Schwartzmann kertoo, mit\u00e4 ajattelee rauhan mahdollisuuksista:<\/strong><\/p>\n<p class=\"aw-1gybjub aw-1p7kakr kEtdKx cEmitX yle__article__paragraph\">Ennen Hamasin hy\u00f6kk\u00e4yst\u00e4 kibbutseissa asui paljon ihmisi\u00e4, jotka tekiv\u00e4t aktiivisesti t\u00f6it\u00e4 palestiinalaisten ja israelilaisten rauhanomaisen yhteiselon eteen.<\/p>\n<p class=\"aw-1gybjub aw-1p7kakr kEtdKx cEmitX yle__article__paragraph\">Esimerkiksi iskussa kuollut Kfar Azan johtohahmo <strong class=\"aw-ak79eh KyCXm yle__article__strong\">Ofir Libstein<\/strong> visioi Gazan rajalle <a class=\"aw-iao6s4 iHOxEa yle__article__link\" href=\"https:\/\/www.economist.com\/obituary\/2023\/10\/19\/ofir-libstein-had-extraordinary-dreams-for-his-small-patch\" role=\"link\" rel=\"nofollow noopener\" target=\"_blank\">talousaluetta<\/a>, joka olisi tuonut gazalaisille ty\u00f6paikkoja ja mahdollistanut heille koulutusta ja terveydenhuoltoa.<\/p>\n<p class=\"aw-1gybjub aw-1p7kakr kEtdKx cEmitX yle__article__paragraph\">Zadikevitchin mukaan kukaan ei osannut odottaa kibbutsin kokemaa veril\u00f6yly\u00e4. Siksi keskin\u00e4isen luottamuksen rakentamisessa voi h\u00e4nen mukaansa kest\u00e4\u00e4 vuosia.<\/p>\n<p class=\"aw-1gybjub aw-1p7kakr kEtdKx cEmitX yle__article__paragraph\">Israelin demokratiainstituutin <a class=\"aw-iao6s4 iHOxEa yle__article__link\" href=\"https:\/\/en.idi.org.il\/articles\/61931\" role=\"link\" rel=\"nofollow noopener\" target=\"_blank\">kyselyn mukaan<\/a> 85 prosenttia Israelin juutalaisista pit\u00e4\u00e4 ep\u00e4todenn\u00e4k\u00f6isen\u00e4, ett\u00e4 n\u00e4ht\u00e4vill\u00e4 olevassa tulevaisuudessa saavutettaisiin pysyv\u00e4\u00e4 rauhaa palestiinalaisten kanssa.<\/p>\n<p><img decoding=\"async\" alt=\"Kaksi naista halaa toisiaan. Taustalla n\u00e4kyy muita ihmisi\u00e4.\" src=\"https:\/\/www.europesays.com\/fi\/wp-content\/uploads\/2025\/11\/39-155236669145fbf07c71.jpeg\" loading=\"lazy\" class=\"aw-1l9m598 hKVVvP\"\/><\/p>\n<p>Avaa kuvien katselu<\/p>\n<p>Kfar Azan asukkaat kokoontuivat Hamasin hy\u00f6kk\u00e4yksen kaksivuotismuistotapahtumaan 7. lokakuuta 2025. Kuva: Atef Safadi \/ EPA<\/p>\n<p class=\"aw-1gybjub aw-1p7kakr kEtdKx cEmitX yle__article__paragraph\">Sek\u00e4 Schwartzmann ett\u00e4 Zadikevitch kertovat ajattelevansa, ett\u00e4 tavalliset ihmiset molemmilla puolilla haluavat el\u00e4\u00e4 rauhassa.<\/p>\n<p class=\"aw-1gybjub aw-1p7kakr kEtdKx cEmitX yle__article__paragraph\">\u2013 Uskoakseni yhteisymm\u00e4rryst\u00e4 kyll\u00e4 l\u00f6ytyy. Kysymys kuuluu: mit\u00e4 poliitikot p\u00e4\u00e4tt\u00e4v\u00e4t? Schwartzmann sanoo.<\/p>\n<p class=\"aw-1gybjub aw-1p7kakr kEtdKx cEmitX yle__article__paragraph\">Kfar Azan asukkaat keskittyv\u00e4t seuraavaksi yhteis\u00f6ns\u00e4 j\u00e4lleenrakentamiseen. Pian asukkaiden on p\u00e4\u00e4tett\u00e4v\u00e4, mit\u00e4 tehd\u00e4 Hamasin terrori-iskun symbolille \u2013 keskell\u00e4 kibbutsia sijaitsevalle muistopaikalle.<\/p>\n<p class=\"aw-1gybjub aw-1p7kakr kEtdKx cEmitX yle__article__paragraph\">Monille ajatus tuhottujen kotien vieress\u00e4 asumisesta voi tuntua liian kivuliaalta, Schwartzman sanoo. Toisaalta se voi toimia t\u00e4rke\u00e4n\u00e4 muistutuksena kahden vuoden j\u00e4lkeisist\u00e4 tapahtumista ja siit\u00e4, mist\u00e4 kibbutsin asukkaat selviytyiv\u00e4t.<\/p>\n","protected":false},"excerpt":{"rendered":"Juttu tiivistettyn\u00e4 Suurin osa Gazan rajan l\u00e4heisyydess\u00e4 sijaitsevien kibbutsien asukkaista on palannut takaisin koteihinsa. Hamasin kahden vuoden takaisessa&hellip;\n","protected":false},"author":2,"featured_media":93188,"comment_status":"","ping_status":"","sticky":false,"template":"","format":"standard","meta":{"footnotes":""},"categories":[14],"tags":[22,23,26,27,33,31,30,505,4601,17,993,18425,24,25,28,29,15,18,21,32,19,20,56,16,59,60,61],"class_list":{"0":"post-93187","1":"post","2":"type-post","3":"status-publish","4":"format-standard","5":"has-post-thumbnail","7":"category-ulkomaat","8":"tag-breaking-news","9":"tag-breakingnews","10":"tag-featured-news","11":"tag-featurednews","12":"tag-fi","13":"tag-finland","14":"tag-finnish","15":"tag-gazan-sota","16":"tag-hamasin-hyokkays-israeliin-2023","17":"tag-headlines","18":"tag-israel","19":"tag-kibbutsit","20":"tag-latest-news","21":"tag-latestnews","22":"tag-main-news","23":"tag-mainnews","24":"tag-news","25":"tag-otsikot","26":"tag-paauutiset","27":"tag-suomi","28":"tag-top-stories","29":"tag-topstories","30":"tag-ulkomaat","31":"tag-uutiset","32":"tag-world","33":"tag-world-news","34":"tag-worldnews"},"share_on_mastodon":{"url":"https:\/\/pubeurope.com\/@fi\/115569348443713322","error":""},"_links":{"self":[{"href":"https:\/\/www.europesays.com\/fi\/wp-json\/wp\/v2\/posts\/93187","targetHints":{"allow":["GET"]}}],"collection":[{"href":"https:\/\/www.europesays.com\/fi\/wp-json\/wp\/v2\/posts"}],"about":[{"href":"https:\/\/www.europesays.com\/fi\/wp-json\/wp\/v2\/types\/post"}],"author":[{"embeddable":true,"href":"https:\/\/www.europesays.com\/fi\/wp-json\/wp\/v2\/users\/2"}],"replies":[{"embeddable":true,"href":"https:\/\/www.europesays.com\/fi\/wp-json\/wp\/v2\/comments?post=93187"}],"version-history":[{"count":0,"href":"https:\/\/www.europesays.com\/fi\/wp-json\/wp\/v2\/posts\/93187\/revisions"}],"wp:featuredmedia":[{"embeddable":true,"href":"https:\/\/www.europesays.com\/fi\/wp-json\/wp\/v2\/media\/93188"}],"wp:attachment":[{"href":"https:\/\/www.europesays.com\/fi\/wp-json\/wp\/v2\/media?parent=93187"}],"wp:term":[{"taxonomy":"category","embeddable":true,"href":"https:\/\/www.europesays.com\/fi\/wp-json\/wp\/v2\/categories?post=93187"},{"taxonomy":"post_tag","embeddable":true,"href":"https:\/\/www.europesays.com\/fi\/wp-json\/wp\/v2\/tags?post=93187"}],"curies":[{"name":"wp","href":"https:\/\/api.w.org\/{rel}","templated":true}]}}