{"id":93195,"date":"2025-11-18T06:57:10","date_gmt":"2025-11-18T06:57:10","guid":{"rendered":"https:\/\/www.europesays.com\/fi\/93195\/"},"modified":"2025-11-18T06:57:10","modified_gmt":"2025-11-18T06:57:10","slug":"noora-karma-kertoo-erikoisesta-timanttiprojektista","status":"publish","type":"post","link":"https:\/\/www.europesays.com\/fi\/93195\/","title":{"rendered":"Noora Karma kertoo erikoisesta timanttiprojektista"},"content":{"rendered":"<p>            ATTE KAJOVA\n        <\/p>\n<p class=\"subtitle \">Mentalisti ei ollut varautunut syntt\u00e4reidens\u00e4 yll\u00e4tysk\u00e4\u00e4nteeseen.<\/p>\n<p class=\"article-content article-content-width !bg-background\">Mentalisti  yll\u00e4tettiin moneen kertaan 50-vuotissyntt\u00e4reidens\u00e4 aikana syyskuussa. Noora mainitsi somessa saaneensa muun muassa \u201dtimanttisen yll\u00e4tyksen\u201d.\u00a0<\/p>\n<p class=\"font-weight-bold m-font-weight-bold article-content article-content-width !bg-background\">Noora esittelee videolla laulutaitojaan<\/p>\n<p class=\"article-content article-content-width !bg-background\">Kyseess\u00e4 oli todellinen yll\u00e4ri, sill\u00e4 lahjakorun timantti oli h\u00e4vinnyt aiemmin kotioloissa. Karaatin timantin hintahaarukka on laadusta riippuen noin 3 000\u201320 000 euroa. <\/p>\n<p>                <img decoding=\"async\" src=\"https:\/\/www.europesays.com\/fi\/wp-content\/uploads\/2025\/11\/1995034.webp\" width=\"576\" height=\"322\" alt=\"Nooralla on nyt samankokoiset timantit sormuksessa ja kaulakorussa.\" loading=\"lazy\" \/>            <\/p>\n<p>\n            Nooralla on nyt samankokoiset timantit sormuksessa ja kaulakorussa.<br \/>\n            ATTE KAJOVA\n        <\/p>\n<p class=\"article-content article-content-width !bg-background\">\u2013 Ostimme kaksi karaatin timanttia h\u00e4\u00e4matkaltamme Las Vegasista. Toinen timanteista h\u00e4visi, ja olin todella suruissani!  l\u00f6ysi timantin my\u00f6hemmin ja teetti kaulakorun yll\u00e4tykseksi, Noora paljastaa.<\/p>\n<p>                <img decoding=\"async\" src=\"https:\/\/www.europesays.com\/fi\/wp-content\/uploads\/2025\/11\/1995036.webp\" width=\"576\" height=\"274\" alt=\"Noora lanseerasi hiljattain oman viinimerkin.\" loading=\"lazy\" \/>            <\/p>\n<p>\n            Noora lanseerasi hiljattain oman viinimerkin.<br \/>\n            Seiskan arkisto\n        <\/p>\n","protected":false},"excerpt":{"rendered":"ATTE KAJOVA Mentalisti ei ollut varautunut syntt\u00e4reidens\u00e4 yll\u00e4tysk\u00e4\u00e4nteeseen. Mentalisti yll\u00e4tettiin moneen kertaan 50-vuotissyntt\u00e4reidens\u00e4 aikana syyskuussa. Noora mainitsi somessa&hellip;\n","protected":false},"author":2,"featured_media":93196,"comment_status":"","ping_status":"","sticky":false,"template":"","format":"standard","meta":{"footnotes":""},"categories":[136],"tags":[407,137,33,31,30,408,212,8579,32,18428,109],"class_list":{"0":"post-93195","1":"post","2":"type-post","3":"status-publish","4":"format-standard","5":"has-post-thumbnail","7":"category-julkkikset","8":"tag-celebrities","9":"tag-entertainment","10":"tag-fi","11":"tag-finland","12":"tag-finnish","13":"tag-julkkikset","14":"tag-lifestyle","15":"tag-noora-karma","16":"tag-suomi","17":"tag-timantti","18":"tag-viihde"},"share_on_mastodon":{"url":"https:\/\/pubeurope.com\/@fi\/115569403225253841","error":""},"_links":{"self":[{"href":"https:\/\/www.europesays.com\/fi\/wp-json\/wp\/v2\/posts\/93195","targetHints":{"allow":["GET"]}}],"collection":[{"href":"https:\/\/www.europesays.com\/fi\/wp-json\/wp\/v2\/posts"}],"about":[{"href":"https:\/\/www.europesays.com\/fi\/wp-json\/wp\/v2\/types\/post"}],"author":[{"embeddable":true,"href":"https:\/\/www.europesays.com\/fi\/wp-json\/wp\/v2\/users\/2"}],"replies":[{"embeddable":true,"href":"https:\/\/www.europesays.com\/fi\/wp-json\/wp\/v2\/comments?post=93195"}],"version-history":[{"count":0,"href":"https:\/\/www.europesays.com\/fi\/wp-json\/wp\/v2\/posts\/93195\/revisions"}],"wp:featuredmedia":[{"embeddable":true,"href":"https:\/\/www.europesays.com\/fi\/wp-json\/wp\/v2\/media\/93196"}],"wp:attachment":[{"href":"https:\/\/www.europesays.com\/fi\/wp-json\/wp\/v2\/media?parent=93195"}],"wp:term":[{"taxonomy":"category","embeddable":true,"href":"https:\/\/www.europesays.com\/fi\/wp-json\/wp\/v2\/categories?post=93195"},{"taxonomy":"post_tag","embeddable":true,"href":"https:\/\/www.europesays.com\/fi\/wp-json\/wp\/v2\/tags?post=93195"}],"curies":[{"name":"wp","href":"https:\/\/api.w.org\/{rel}","templated":true}]}}