{"id":93242,"date":"2025-11-18T08:03:08","date_gmt":"2025-11-18T08:03:08","guid":{"rendered":"https:\/\/www.europesays.com\/fi\/93242\/"},"modified":"2025-11-18T08:03:08","modified_gmt":"2025-11-18T08:03:08","slug":"ts-uusi-leikkipuisto-jouduttiin-sulkemaan-pikkutytto-putosi-lahes-kahdesta-metrista","status":"publish","type":"post","link":"https:\/\/www.europesays.com\/fi\/93242\/","title":{"rendered":"TS: Uusi leikkipuisto jouduttiin sulkemaan \u2013 pikkutytt\u00f6 putosi l\u00e4hes kahdesta metrist\u00e4"},"content":{"rendered":"<p class=\"article-body mb-nof-24 px-nof-16\">Vastavalmistunut lasten leikkipuisto Raision Kuloistenniityss\u00e4 on jouduttu sulkemaan siell\u00e4 lapsille sattuneiden tapaturmien vuoksi, uutisoi <a class=\"article-genericlink\" href=\"https:\/\/www.ts.fi\/uutiset\/6825481\" rel=\"nofollow noopener\" target=\"_blank\">Turun Sanomat. <\/a><\/p>\n<p class=\"article-body mb-nof-24 px-nof-16\">Raision kaupungin rakennuttajainsin\u00f6\u00f6ri <a class=\"article-personlink\" href=\"https:\/\/www.is.fi\/haku\/?query=Riku%20J%C3%A4rvinen\" rel=\"nofollow noopener\" target=\"_blank\">Riku J\u00e4rvinen<\/a> kertoo lehdelle, ett\u00e4 lapset ovat loukanneet itsens\u00e4 pudotessaan leikkikeskuksen k\u00e4velysillan py\u00f6rivilt\u00e4 rullilta maassa olevien punaisten \u201dpylpyr\u00f6iden\u201d p\u00e4\u00e4lle.<\/p>\n<p class=\"article-body mb-nof-24 px-nof-16\">Turun Sanomat on haastatellut viisivuotiaan lapsen \u00e4iti\u00e4, joka kertoo tytt\u00e4rens\u00e4 horjahtaneen py\u00f6rivien kapuloiden p\u00e4\u00e4lt\u00e4 noin 1,8 metrist\u00e4 maahan suoraan sel\u00e4lleen yhden pylpyr\u00e4n p\u00e4\u00e4lle.<\/p>\n<p class=\"article-body mb-nof-24 px-nof-16\">\u00c4idin mukaan lapselta meni ilmat pihalle ja h\u00e4nell\u00e4 oli kipua sel\u00e4ss\u00e4 usean p\u00e4iv\u00e4n ajan. Lapsi sai tilanteesta trauman, eik\u00e4 halua en\u00e4\u00e4 leikki\u00e4 puistossa, \u00e4iti kertoo lehdelle. My\u00f6s kaksi muuta \u00e4iti\u00e4 kertoo lehdelle lastensa pudonneen leikkiv\u00e4lineest\u00e4. Lapset kerettiin saada kiinni ennen maahan putoamista.<\/p>\n<p class=\"article-body mb-nof-24 px-nof-16\">J\u00e4rvisen mukaan kaupunki on saanut toissa viikonlopun j\u00e4lkeen 2\u20133 ilmoitusta tapaturmista leikkiv\u00e4lineess\u00e4. V\u00e4line tarkastettiin ja k\u00e4velysillalla olevien py\u00f6rivien rullien alle asennettiin levy putoamisen est\u00e4miseksi. Leikkipuisto yritet\u00e4\u00e4n saada auki t\u00e4m\u00e4n viikon aikana, J\u00e4rvinen kertoo lehdelle.<\/p>\n<p class=\"article-body mb-nof-24 px-nof-16\">Marraskuun alussa uutisoitiin, ett\u00e4 lapsi loukkaantui onnettomuudesta Tykkim\u00e4en omistamassa Action Parkissa Kouvolassa.<\/p>\n<p class=\"article-body mb-nof-24 px-nof-16\">Poliisin mukaan kaksi leikkiv\u00e4\u00e4 lasta t\u00f6rm\u00e4si toisiinsa sis\u00e4leikkipuiston vaahtomuovimeress\u00e4. Toinen lapsista loukkaantui. Lapsi kuljetettiin sairaalahoitoon.<\/p>\n<p class=\"article-body mb-nof-24 px-nof-16\">Ensin kerrottiin, ett\u00e4 lapsi olisi loukkaantunut vakavasti. Poliisin tietojen mukaan lapsi voi kuitenkin jo paremmin muutama p\u00e4iv\u00e4 tapaturman j\u00e4lkeen.<\/p>\n<p class=\"article-body mb-nof-24 px-nof-16\">Poliisi ei ep\u00e4ile asiassa rikosta.<\/p>\n","protected":false},"excerpt":{"rendered":"Vastavalmistunut lasten leikkipuisto Raision Kuloistenniityss\u00e4 on jouduttu sulkemaan siell\u00e4 lapsille sattuneiden tapaturmien vuoksi, uutisoi Turun Sanomat. Raision kaupungin&hellip;\n","protected":false},"author":2,"featured_media":93243,"comment_status":"","ping_status":"","sticky":false,"template":"","format":"standard","meta":{"footnotes":""},"categories":[5],"tags":[22,23,26,27,33,31,30,17,34,24,25,28,29,15,18,21,32,19,20,16],"class_list":{"0":"post-93242","1":"post","2":"type-post","3":"status-publish","4":"format-standard","5":"has-post-thumbnail","7":"category-otsikot","8":"tag-breaking-news","9":"tag-breakingnews","10":"tag-featured-news","11":"tag-featurednews","12":"tag-fi","13":"tag-finland","14":"tag-finnish","15":"tag-headlines","16":"tag-ilta-sanomat","17":"tag-latest-news","18":"tag-latestnews","19":"tag-main-news","20":"tag-mainnews","21":"tag-news","22":"tag-otsikot","23":"tag-paauutiset","24":"tag-suomi","25":"tag-top-stories","26":"tag-topstories","27":"tag-uutiset"},"share_on_mastodon":{"url":"https:\/\/pubeurope.com\/@fi\/115569662580118103","error":""},"_links":{"self":[{"href":"https:\/\/www.europesays.com\/fi\/wp-json\/wp\/v2\/posts\/93242","targetHints":{"allow":["GET"]}}],"collection":[{"href":"https:\/\/www.europesays.com\/fi\/wp-json\/wp\/v2\/posts"}],"about":[{"href":"https:\/\/www.europesays.com\/fi\/wp-json\/wp\/v2\/types\/post"}],"author":[{"embeddable":true,"href":"https:\/\/www.europesays.com\/fi\/wp-json\/wp\/v2\/users\/2"}],"replies":[{"embeddable":true,"href":"https:\/\/www.europesays.com\/fi\/wp-json\/wp\/v2\/comments?post=93242"}],"version-history":[{"count":0,"href":"https:\/\/www.europesays.com\/fi\/wp-json\/wp\/v2\/posts\/93242\/revisions"}],"wp:featuredmedia":[{"embeddable":true,"href":"https:\/\/www.europesays.com\/fi\/wp-json\/wp\/v2\/media\/93243"}],"wp:attachment":[{"href":"https:\/\/www.europesays.com\/fi\/wp-json\/wp\/v2\/media?parent=93242"}],"wp:term":[{"taxonomy":"category","embeddable":true,"href":"https:\/\/www.europesays.com\/fi\/wp-json\/wp\/v2\/categories?post=93242"},{"taxonomy":"post_tag","embeddable":true,"href":"https:\/\/www.europesays.com\/fi\/wp-json\/wp\/v2\/tags?post=93242"}],"curies":[{"name":"wp","href":"https:\/\/api.w.org\/{rel}","templated":true}]}}