{"id":93260,"date":"2025-11-18T08:29:08","date_gmt":"2025-11-18T08:29:08","guid":{"rendered":"https:\/\/www.europesays.com\/fi\/93260\/"},"modified":"2025-11-18T08:29:08","modified_gmt":"2025-11-18T08:29:08","slug":"katsojat-meteloivat-musikaalissa-kotkassa-ilta-sanomat","status":"publish","type":"post","link":"https:\/\/www.europesays.com\/fi\/93260\/","title":{"rendered":"Katsojat metel\u00f6iv\u00e4t musikaalissa Kotkassa &#8211; Ilta-Sanomat"},"content":{"rendered":"<p>Sikailevat katsojat piinaavat teattereita pikkujoulukauden alla.<\/p>\n<p class=\"article-body mb-nof-24 px-nof-16\">Kaija Nurmi oli miehens\u00e4 kanssa viikonloppuna Kotkan kaupunginteatterissa katsomassa Forever Young -musikaalia, kun katsomossa h\u00e4nen takanaan istunut pikkujouluporukka metel\u00f6i ja h\u00e4iritsi esityksen katselua.<\/p>\n<p class=\"article-body mb-nof-24 px-nof-16\">H\u00e4n pohtii, ett\u00e4 seurue oli luultavasti nauttinut alkoholia jo ennen esityst\u00e4, mink\u00e4 takia he olivat juttutuulella.<\/p>\n<p class=\"article-body mb-nof-24 px-nof-16\">\u2013 H\u00f6p\u00f6tt\u00e4minen alkoi heti musikaalin alussa.<\/p>\n<p class=\"article-body mb-nof-24 px-nof-16\">\u00c4\u00e4nen l\u00e4hde oli 5\u20136 hengen seurue keski-ik\u00e4isi\u00e4 miehi\u00e4 ja naisia, Nurmi arvioi.<\/p>\n<p class=\"article-body mb-nof-24 px-nof-16\">M\u00f6ly h\u00e4iritsi niin, ett\u00e4 Nurmi sanoi asiasta v\u00e4liajalla vahtimestarille. Vahtimestari kertoi h\u00e4nelle, ett\u00e4 ongelmat kilpistyv\u00e4t pikkujoulukauteen. Alkoholia ennen esityst\u00e4 juoneet vieraat eiv\u00e4t jaksa keskitty\u00e4 n\u00e4ytelm\u00e4\u00e4n vaan haluavat h\u00f6p\u00f6tt\u00e4\u00e4.<\/p>\n<p class=\"article-body mb-nof-24 px-nof-16\">V\u00e4liajan j\u00e4lkeen Nurmi huomasi, ett\u00e4 yksi h\u00e4iritsij\u00f6ist\u00e4 oli vienyt salaa alkoholijuoman mukanaan istumapaikalleen.<\/p>\n<p class=\"article-body mb-nof-24 px-nof-16\">\u2013 Kuulin, kun yksi seurueesta ihmetteli, ett\u00e4 \u201dmit\u00e4, s\u00e4 toit pullon\u201d ja toinen vastasi: \u201dJoo joo, ei kukaan huomaa.\u201d<\/p>\n<p class=\"article-body mb-nof-24 px-nof-16\">Nurmen teatterikokemus parantui vasta, kun yhdelle metel\u00f6itsij\u00f6ist\u00e4 tuli vessah\u00e4t\u00e4 ja h\u00e4n poistui salista.<\/p>\n<p class=\"article-body mb-nof-24 px-nof-16\">Vahtimestari oli neuvonut Nurmea, ett\u00e4 tulee ilmoittamaan h\u00e4nelle uudelleen, jos meteli jatkuu. Sit\u00e4 ei tarvittu, koska metel\u00f6itsij\u00e4 ei tullut takaisin.<\/p>\n<p class=\"article-body mb-nof-24 px-nof-16\">Kotkan kaupunginteatterin markkinointip\u00e4\u00e4llikk\u00f6 <a class=\"article-personlink\" href=\"https:\/\/www.is.fi\/haku\/?query=Mikko%20Rasanen\" rel=\"nofollow noopener\" target=\"_blank\">Mikko Rasanen<\/a> kertoo, ett\u00e4 vahtimestari sai lauantaina esityksen j\u00e4lkeen asiakkaalta tiedon esityksen aikana juttelevista miehist\u00e4. Tilanne oli vahtimestarin mukaan rauhoittunut, kun kolmas henkil\u00f6 oli kehottanut heit\u00e4 hiljentym\u00e4\u00e4n.<\/p>\n<p class=\"article-body mb-nof-24 px-nof-16\">Ei ole varmaa, onko kyse samasta tilanteesta, sill\u00e4 vahtimestareita oli esityksen aikaan t\u00f6iss\u00e4 useita.<\/p>\n<p class=\"article-body mb-nof-24 px-nof-16\">\u2013 Vahtimestarien mukaan yleisesti h\u00e4iri\u00f6tilanteita tulee harvoin, mutta joskus pikkujouluporukat ovat muita kova\u00e4\u00e4nisempi\u00e4. Ihmisten k\u00e4yt\u00f6stavoissa ei kuitenkaan ole huomattu suurta muutosta, Rasanen kertoo.<\/p>\n<p class=\"article-body mb-nof-24 px-nof-16\">Itse esityst\u00e4 Nurmi kehuu \u201dmielett\u00f6m\u00e4n hienoksi\u201d. Levottomat katsojat yleis\u00f6ss\u00e4 eiv\u00e4t h\u00e4nen onnekseen h\u00e4irinneet esiintyji\u00e4.<\/p>\n<p class=\"article-body mb-nof-24 px-nof-16\">\u2013 Ilmeisesti n\u00e4yttelij\u00e4t eiv\u00e4t huomanneet h\u00f6pin\u00e4\u00e4. Heid\u00e4n \u00e4\u00e4nens\u00e4 ehk\u00e4 hukkui esityksen musiikin taakse.<\/p>\n<p class=\"article-body mb-nof-24 px-nof-16\">Nurmi ihmettelee, eiv\u00e4tk\u00f6 ihmiset osaa en\u00e4\u00e4 k\u00e4ytt\u00e4yty\u00e4 teatterissa etiketin mukaisesti. H\u00e4n kertoo k\u00e4yneens\u00e4 aktiivisesti teatterissa noin 10 vuotta ja t\u00e4m\u00e4 oli ensimm\u00e4inen kerta, kun katsomossa oli levotonta menoa.<\/p>\n<p class=\"article-body mb-nof-24 px-nof-16\">\u2013 Tuntuu, ett\u00e4 ei kunnioiteta n\u00e4yttelij\u00f6it\u00e4 ja muita katsojia. T\u00e4llaista asennetta esiintyy nyky\u00e4\u00e4n kaikkialla. N\u00e4en sit\u00e4 my\u00f6s ty\u00f6ss\u00e4ni asiakaspalvelijana. Joillekin on esimerkiksi vaikeaa odottaa jonossa omaa vuoroaan.<\/p>\n<p class=\"article-body mb-nof-24 px-nof-16\">My\u00f6s konserteista h\u00e4nell\u00e4 on ik\u00e4vi\u00e4 kokemuksia. Viime syksyn\u00e4 joku vastasi konsertissa kesken kaiken puhelimeen.<\/p>\n<p class=\"article-body mb-nof-24 px-nof-16\">Teattereissa sikailu on noussut puheenaiheeksi t\u00e4n\u00e4 syksyn\u00e4.<\/p>\n<p class=\"article-body mb-nof-24 px-nof-16\">Ensin nuoret h\u00e4irik\u00f6iv\u00e4t kansallisoopperan ja -baletin selkkausta, jossa nuoret huutelivat ja heittiv\u00e4t pienell\u00e4 esineell\u00e4 tanssijaa kasvoihin. Asiasta <a class=\"article-genericlink\" href=\"https:\/\/www.is.fi\/viihde\/art-2000011607663.html\" rel=\"nofollow noopener\" target=\"_blank\">kertoi <\/a>sosiaalisessa mediassa tanssija <a class=\"article-personlink\" href=\"https:\/\/www.is.fi\/haku\/?query=Atte%20Kilpinen\" rel=\"nofollow noopener\" target=\"_blank\">Atte Kilpinen<\/a>, jonka mukaan er\u00e4\u00e4ss\u00e4 aiemmassa esityksess\u00e4 nuoriso oli puolestaan sylkenyt parvelta permannolle.<\/p>\n<p class=\"article-body mb-nof-24 px-nof-16\">Viikonloppuna Oulun Ty\u00f6v\u00e4en N\u00e4ytt\u00e4m\u00f6 joutui <a class=\"article-genericlink\" href=\"https:\/\/www.is.fi\/oulun-seutu\/art-2000011630271.html\" rel=\"nofollow noopener\" target=\"_blank\">keskeytt\u00e4m\u00e4\u00e4n esityksen<\/a>, kun muutama yleis\u00f6ss\u00e4 puhui ja k\u00e4ytti puhelimia esityksen aikana. My\u00f6hemmin salin teknikko k\u00e4vi ojentamassa papattajia, kun asiaan ei tullut muutosta.<\/p>\n<p class=\"article-body mb-nof-24 px-nof-16\">\u2013 H\u00e4n oli mennyt sanomaan, ett\u00e4 nyt lopetatte tuon tai l\u00e4hdette ulos. Siit\u00e4 se oli sitten rauhoittunut, Teatteriyhdistyksen puheenjohtaja <a class=\"article-personlink\" href=\"https:\/\/www.is.fi\/haku\/?query=Riitta%20Rusila\" rel=\"nofollow noopener\" target=\"_blank\">Riitta Rusila<\/a> sanoi viikonloppuna IS:lle.<\/p>\n<p class=\"article-body mb-nof-24 px-nof-16\">Oululainen <a class=\"article-personlink\" href=\"https:\/\/www.is.fi\/haku\/?query=Mari%20Tolonen\" rel=\"nofollow noopener\" target=\"_blank\">Mari Tolonen<\/a> kertoi IS:lle, ettei kyseisess\u00e4 teatterissa ollut koskaan ennen n\u00e4in levotonta. H\u00e4n n\u00e4ki, kuinka salin etuosassa 3\u20134 naisen porukka jutteli kesken\u00e4\u00e4n ja k\u00e4ytti k\u00e4nnykk\u00e4\u00e4 koko esityksen.<\/p>\n<p class=\"article-body mb-nof-24 px-nof-16\">H\u00e4n huomasi naisten my\u00f6s kierr\u00e4tt\u00e4v\u00e4n pulloa toisilleen n\u00e4ytelm\u00e4n aikana.<\/p>\n","protected":false},"excerpt":{"rendered":"Sikailevat katsojat piinaavat teattereita pikkujoulukauden alla. Kaija Nurmi oli miehens\u00e4 kanssa viikonloppuna Kotkan kaupunginteatterissa katsomassa Forever Young -musikaalia,&hellip;\n","protected":false},"author":2,"featured_media":93261,"comment_status":"","ping_status":"","sticky":false,"template":"","format":"standard","meta":{"footnotes":""},"categories":[5],"tags":[22,23,26,27,33,31,30,17,34,24,25,28,29,15,18,21,32,19,20,16],"class_list":{"0":"post-93260","1":"post","2":"type-post","3":"status-publish","4":"format-standard","5":"has-post-thumbnail","7":"category-otsikot","8":"tag-breaking-news","9":"tag-breakingnews","10":"tag-featured-news","11":"tag-featurednews","12":"tag-fi","13":"tag-finland","14":"tag-finnish","15":"tag-headlines","16":"tag-ilta-sanomat","17":"tag-latest-news","18":"tag-latestnews","19":"tag-main-news","20":"tag-mainnews","21":"tag-news","22":"tag-otsikot","23":"tag-paauutiset","24":"tag-suomi","25":"tag-top-stories","26":"tag-topstories","27":"tag-uutiset"},"share_on_mastodon":{"url":"https:\/\/pubeurope.com\/@fi\/115569764891300978","error":""},"_links":{"self":[{"href":"https:\/\/www.europesays.com\/fi\/wp-json\/wp\/v2\/posts\/93260","targetHints":{"allow":["GET"]}}],"collection":[{"href":"https:\/\/www.europesays.com\/fi\/wp-json\/wp\/v2\/posts"}],"about":[{"href":"https:\/\/www.europesays.com\/fi\/wp-json\/wp\/v2\/types\/post"}],"author":[{"embeddable":true,"href":"https:\/\/www.europesays.com\/fi\/wp-json\/wp\/v2\/users\/2"}],"replies":[{"embeddable":true,"href":"https:\/\/www.europesays.com\/fi\/wp-json\/wp\/v2\/comments?post=93260"}],"version-history":[{"count":0,"href":"https:\/\/www.europesays.com\/fi\/wp-json\/wp\/v2\/posts\/93260\/revisions"}],"wp:featuredmedia":[{"embeddable":true,"href":"https:\/\/www.europesays.com\/fi\/wp-json\/wp\/v2\/media\/93261"}],"wp:attachment":[{"href":"https:\/\/www.europesays.com\/fi\/wp-json\/wp\/v2\/media?parent=93260"}],"wp:term":[{"taxonomy":"category","embeddable":true,"href":"https:\/\/www.europesays.com\/fi\/wp-json\/wp\/v2\/categories?post=93260"},{"taxonomy":"post_tag","embeddable":true,"href":"https:\/\/www.europesays.com\/fi\/wp-json\/wp\/v2\/tags?post=93260"}],"curies":[{"name":"wp","href":"https:\/\/api.w.org\/{rel}","templated":true}]}}