{"id":93310,"date":"2025-11-18T09:41:08","date_gmt":"2025-11-18T09:41:08","guid":{"rendered":"https:\/\/www.europesays.com\/fi\/93310\/"},"modified":"2025-11-18T09:41:08","modified_gmt":"2025-11-18T09:41:08","slug":"maalivahti-veini-vehvilaisen-28-jatkokuviot-selvilla-olemme-erittain-tyytyvaisia-urheilu","status":"publish","type":"post","link":"https:\/\/www.europesays.com\/fi\/93310\/","title":{"rendered":"Maalivahti Veini Vehvil\u00e4isen, 28, jatkokuviot selvill\u00e4 \u2013\u2009&#8221;Olemme eritt\u00e4in tyytyv\u00e4isi\u00e4&#8221; | Urheilu"},"content":{"rendered":"<p>JYPiss\u00e4 j\u00e4\u00e4kiekkoliigaa viel\u00e4 viime kaudella pelannut maalivahti <strong>Veini Vehvil\u00e4inen<\/strong> jatkaa Mestis-seura Jokereiden maalilla my\u00f6s tulevaisuudessa. Jokerit on tehnyt Vehvil\u00e4isen kanssa 1+1-vuotisen pelaajasopimuksen.<\/p>\n<p>Vehvil\u00e4inen matkasi Jokereihin lokakuun lopulla kahden kuukauden sopimuksella ja ansaitsi otteillaan pitk\u00e4n jatkosopimuksen.<\/p>\n<p>\u2013\u2009Veini osoitti jo ensimm\u00e4isiss\u00e4 otteluissaan olevansa erinomaisessa vireess\u00e4, ja meille oli heti selv\u00e4\u00e4, ett\u00e4 haluamme jatkaa h\u00e4nen sopimustaan. Neuvottelut sujuivat hyv\u00e4ss\u00e4 hengess\u00e4 ja p\u00e4\u00e4simme nopeasti yhteisymm\u00e4rrykseen. Olemme eritt\u00e4in tyytyv\u00e4isi\u00e4, ett\u00e4 Veini p\u00e4\u00e4tti jatkaa Jokereissa, urheilutoimenjohtaja <strong>Olli-Pekka Yrj\u00e4nheikki<\/strong> hehkuttaa <a href=\"https:\/\/www.jokerit.fi\/uutiset\/vehviliselle-11-vuotinen-jatkosopimus-jokereihin\" rel=\"nofollow noopener\" target=\"_blank\">Jokereiden verkkosivuilla<\/a>.<\/p>\n<p>28-vuotias Palokan Kiekon kasvatti Vehvil\u00e4inen on k\u00e4ynyt l\u00e4pi JYPin junioripolun.<\/p>\n<p>Liigassa Vehvil\u00e4inen on edustanut JYPin lis\u00e4ksi my\u00f6s TPS:\u00e4\u00e4, Sportia ja K\u00e4rppi\u00e4, jossa h\u00e4n juhli Suomen mestaruutta kev\u00e4\u00e4ll\u00e4 2018. H\u00e4net palkittiin tuolla kaudella my\u00f6s sarjan parhaana maalivahtina.<\/p>\n<p>Liigan lis\u00e4ksi miehell\u00e4 on kokemusta SHL:st\u00e4, AHL:sta sek\u00e4 NHL:st\u00e4 yhden ottelun verran<\/p>\n<p>Vehvil\u00e4inen on n\u00e4hty my\u00f6s Leijonien paidassa. H\u00e4n voitti nuorten maailmanmestaruuden vuonna 2016 ja oli mukana aikuisten MM-kultajoukkueessa vuonna 2019.<\/p>\n<p>Vehvil\u00e4isen toistaiseksi viimeiset liigakaudet olivat haastavia, ja mies matkasi kesken viime kauden JYPist\u00e4 TPS:n paitaan.<\/p>\n","protected":false},"excerpt":{"rendered":"JYPiss\u00e4 j\u00e4\u00e4kiekkoliigaa viel\u00e4 viime kaudella pelannut maalivahti Veini Vehvil\u00e4inen jatkaa Mestis-seura Jokereiden maalilla my\u00f6s tulevaisuudessa. Jokerit on tehnyt&hellip;\n","protected":false},"author":2,"featured_media":93311,"comment_status":"","ping_status":"","sticky":false,"template":"","format":"standard","meta":{"footnotes":""},"categories":[158],"tags":[33,31,30,9061,6421,1143,3822,41,1146,159,32,1145,160],"class_list":{"0":"post-93310","1":"post","2":"type-post","3":"status-publish","4":"format-standard","5":"has-post-thumbnail","7":"category-urheilu","8":"tag-fi","9":"tag-finland","10":"tag-finnish","11":"tag-hc-tps","12":"tag-helsingin-jokerit","13":"tag-jaakiekko","14":"tag-jyp","15":"tag-liikunta-ja-urheilu","16":"tag-miesten-jaakiekko","17":"tag-sports","18":"tag-suomi","19":"tag-talviurheilu","20":"tag-urheilu"},"share_on_mastodon":{"url":"https:\/\/pubeurope.com\/@fi\/115570048031451518","error":""},"_links":{"self":[{"href":"https:\/\/www.europesays.com\/fi\/wp-json\/wp\/v2\/posts\/93310","targetHints":{"allow":["GET"]}}],"collection":[{"href":"https:\/\/www.europesays.com\/fi\/wp-json\/wp\/v2\/posts"}],"about":[{"href":"https:\/\/www.europesays.com\/fi\/wp-json\/wp\/v2\/types\/post"}],"author":[{"embeddable":true,"href":"https:\/\/www.europesays.com\/fi\/wp-json\/wp\/v2\/users\/2"}],"replies":[{"embeddable":true,"href":"https:\/\/www.europesays.com\/fi\/wp-json\/wp\/v2\/comments?post=93310"}],"version-history":[{"count":0,"href":"https:\/\/www.europesays.com\/fi\/wp-json\/wp\/v2\/posts\/93310\/revisions"}],"wp:featuredmedia":[{"embeddable":true,"href":"https:\/\/www.europesays.com\/fi\/wp-json\/wp\/v2\/media\/93311"}],"wp:attachment":[{"href":"https:\/\/www.europesays.com\/fi\/wp-json\/wp\/v2\/media?parent=93310"}],"wp:term":[{"taxonomy":"category","embeddable":true,"href":"https:\/\/www.europesays.com\/fi\/wp-json\/wp\/v2\/categories?post=93310"},{"taxonomy":"post_tag","embeddable":true,"href":"https:\/\/www.europesays.com\/fi\/wp-json\/wp\/v2\/tags?post=93310"}],"curies":[{"name":"wp","href":"https:\/\/api.w.org\/{rel}","templated":true}]}}