{"id":93326,"date":"2025-11-18T10:03:08","date_gmt":"2025-11-18T10:03:08","guid":{"rendered":"https:\/\/www.europesays.com\/fi\/93326\/"},"modified":"2025-11-18T10:03:08","modified_gmt":"2025-11-18T10:03:08","slug":"topi-ja-sointu-borg-oma-tosi-tv-sarja","status":"publish","type":"post","link":"https:\/\/www.europesays.com\/fi\/93326\/","title":{"rendered":"Topi ja Sointu Borg: Oma tosi-tv-sarja"},"content":{"rendered":"<p>\n            20250117, Helsinki. Kultainen Venla Gaala 2025.Sointu ja Topi Borg.<br \/>\n            Timo Korhonen\n        <\/p>\n<p class=\"subtitle \">Topi ja Sointu Borg saavat oman tosi-tv-sarjansa. Topi alkaa luotsaamaan my\u00f6s toista tv-sarjaa Ylell\u00e4.<\/p>\n<p class=\"article-content article-content-width !bg-background\"> ja  saavat oman realitysarjansa. Topi ja Sointu lomalla alkaa Ylen kanavilla 2. tammikuuta.<\/p>\n<p class=\"font-weight-bold m-font-weight-bold article-content article-content-width !bg-background\">Video: Topi Borg kertoo ennakkoluuloista.<\/p>\n<p class=\"article-content article-content-width !bg-background\">Realitysarja vie sisarusparin Gran Canarialle aurinkolomalle. Topi ei kaipaa lomaa arkensa rutiineista, mutta h\u00e4n haluaa kuitenkin kokeilla, miten suurin osa suomalaisista rentoutuu.<\/p>\n<p class=\"article-content article-content-width !bg-background\">Sointu kaipaa kiihke\u00e4sti lomaa. H\u00e4n haluaa selvitt\u00e4\u00e4, mik\u00e4 suomalaisia vieh\u00e4tt\u00e4\u00e4 Gran Canariassa. Kaksikon v\u00e4lisilt\u00e4 riidoilta ei v\u00e4ltyt\u00e4, vaikka sisarusrakkaus heid\u00e4n v\u00e4lill\u00e4\u00e4n onkin vahva.<\/p>\n<p>        <a itemprop=\"url\" href=\"https:\/\/www.seiska.fi\/katso\/ttk-tassa-on-katsojien-ennakkosuosikki\/1994987\" rel=\"nofollow noopener\" target=\"_blank\"><\/p>\n<p>\nTanssii t\u00e4htien kanssa\n<\/p>\n<p class=\"section-date\">\n        <strong class=\"article-section\" data-section=\"katso\"><br \/>\n            katso<br \/>\n        <\/strong><br \/>\n        07:15\n    <\/p>\n<p>TTK: T\u00e4ss\u00e4 on katsojien ennakkosuosikki\n    <\/p>\n<p itemprop=\"description\" class=\"subtitle \">\n    Tanssii t\u00e4htien kanssa -kilpailu huipentuu sunnuntaina 23.11. suoraan finaalil\u00e4hetykseen.\n<\/p>\n<p>        <\/a><\/p>\n<p>                <img decoding=\"async\" src=\"https:\/\/www.europesays.com\/fi\/wp-content\/uploads\/2025\/11\/1995917.webp\" width=\"576\" height=\"274\" title=\"Topi ja Sointu suuntaavat suomalaisten suosikkikohteeseen.\" alt=\"Topi ja Sointu lomalla\" loading=\"lazy\" \/>            <\/p>\n<p>\n            Topi ja Sointu suuntaavat suomalaisten suosikkikohteeseen.<br \/>\n            Pasi Rytk\u00f6nen, Ville Vase \/ Yle\n        <\/p>\n<p class=\"article-content article-content-width !bg-background\">Kaksikon tutkimusmatka pakottaa heid\u00e4t my\u00f6s puntaroimaan turismiin liittyvi\u00e4 dilemmoja. Havainnot ovat suoria ja sivullisetkin saavat osansa kommenteista.<\/p>\n<p>        <a itemprop=\"url\" href=\"https:\/\/www.seiska.fi\/katso\/marion-rung-79-avoimena-suhdestatuksestaan\/1992997\" rel=\"nofollow noopener\" target=\"_blank\"><\/p>\n<p>\nKolme avioeroa takana\n<\/p>\n<p class=\"section-date\">\n        <strong class=\"article-section\" data-section=\"katso\"><br \/>\n            katso<br \/>\n        <\/strong><br \/>\n        06:15\n    <\/p>\n<p>Marion Rung, 79, avoimena suhdestatuksestaan\n    <\/p>\n<p itemprop=\"description\" class=\"subtitle \">\n    Marion Rung vastaa auliisti seurustelu-uteluihin Vain el\u00e4m\u00e4\u00e4 -ohjelmassa.\n<\/p>\n<p>        <\/a><\/p>\n<p>Topi saa toisenkin ohjelman<\/p>\n<p class=\"article-content article-content-width !bg-background\">Topi luotsaa my\u00f6s helmikuussa alkavaa Topi Borgin elokuvakerho -sarjaa. Kymmenosaisessa sarjassa leffakerhon is\u00e4nt\u00e4n\u00e4 toimiva Topi ja h\u00e4nen vieraansa katsovat aina yhden elokuvan per jakso ja keskustelevat siit\u00e4 sek\u00e4 el\u00e4m\u00e4st\u00e4 ylip\u00e4\u00e4t\u00e4\u00e4n.<\/p>\n<p class=\"article-content article-content-width !bg-background\">Topin vieraina n\u00e4hd\u00e4\u00e4n muusikoita, poliitikoita, n\u00e4yttelij\u00f6it\u00e4 ja Topin perheenj\u00e4seni\u00e4.<\/p>\n<p>        <a itemprop=\"url\" href=\"https:\/\/www.seiska.fi\/katso\/tallainen-oli-olga-temosen-ura-suunnitteli-viela-uusia-toita\/1949154\" rel=\"nofollow noopener\" target=\"_blank\"><\/p>\n<p>\nT\u00e4llainen oli Olga Temosen ura\n<\/p>\n<p class=\"section-date\">\n        <strong class=\"article-section\" data-section=\"katso\"><br \/>\n            katso<br \/>\n        <\/strong><br \/>\n        17.11. 16:25\n    <\/p>\n<p>T\u00e4llainen oli Olga Temosen ura \u2013 suunnitteli viel\u00e4 uusia t\u00f6it\u00e4\n    <\/p>\n<p itemprop=\"description\" class=\"subtitle \">\n    Olga Temonen ansioitui niin kameran edess\u00e4 kuin takana.\n<\/p>\n<p>        <\/a><\/p>\n<p class=\"italic m-italic article-content article-content-width !bg-background\">Topi ja Sointu lomalla Yle Areenassa 2.1.2026, TV2:lla 13.1.2026 alkaen.<\/p>\n<p class=\"italic m-italic article-content article-content-width !bg-background\">Topi Borgin elokuvakerho Yle Areenassa 6.2.2026.<\/p>\n","protected":false},"excerpt":{"rendered":"20250117, Helsinki. Kultainen Venla Gaala 2025.Sointu ja Topi Borg. Timo Korhonen Topi ja Sointu Borg saavat oman tosi-tv-sarjansa.&hellip;\n","protected":false},"author":2,"featured_media":93327,"comment_status":"","ping_status":"","sticky":false,"template":"","format":"standard","meta":{"footnotes":""},"categories":[133],"tags":[137,33,31,30,18438,1944,2680,32,206,8272,1318,156,109,1149,913],"class_list":{"0":"post-93326","1":"post","2":"type-post","3":"status-publish","4":"format-standard","5":"has-post-thumbnail","7":"category-televisiot","8":"tag-entertainment","9":"tag-fi","10":"tag-finland","11":"tag-finnish","12":"tag-gran-canaria","13":"tag-realitysarja","14":"tag-sointu-borg","15":"tag-suomi","16":"tag-televisiot","17":"tag-topi-borg","18":"tag-tv-ohjelma","19":"tag-tv","20":"tag-viihde","21":"tag-yle","22":"tag-yle-areena"},"share_on_mastodon":{"url":"https:\/\/pubeurope.com\/@fi\/115570134716239098","error":""},"_links":{"self":[{"href":"https:\/\/www.europesays.com\/fi\/wp-json\/wp\/v2\/posts\/93326","targetHints":{"allow":["GET"]}}],"collection":[{"href":"https:\/\/www.europesays.com\/fi\/wp-json\/wp\/v2\/posts"}],"about":[{"href":"https:\/\/www.europesays.com\/fi\/wp-json\/wp\/v2\/types\/post"}],"author":[{"embeddable":true,"href":"https:\/\/www.europesays.com\/fi\/wp-json\/wp\/v2\/users\/2"}],"replies":[{"embeddable":true,"href":"https:\/\/www.europesays.com\/fi\/wp-json\/wp\/v2\/comments?post=93326"}],"version-history":[{"count":0,"href":"https:\/\/www.europesays.com\/fi\/wp-json\/wp\/v2\/posts\/93326\/revisions"}],"wp:featuredmedia":[{"embeddable":true,"href":"https:\/\/www.europesays.com\/fi\/wp-json\/wp\/v2\/media\/93327"}],"wp:attachment":[{"href":"https:\/\/www.europesays.com\/fi\/wp-json\/wp\/v2\/media?parent=93326"}],"wp:term":[{"taxonomy":"category","embeddable":true,"href":"https:\/\/www.europesays.com\/fi\/wp-json\/wp\/v2\/categories?post=93326"},{"taxonomy":"post_tag","embeddable":true,"href":"https:\/\/www.europesays.com\/fi\/wp-json\/wp\/v2\/tags?post=93326"}],"curies":[{"name":"wp","href":"https:\/\/api.w.org\/{rel}","templated":true}]}}