{"id":93378,"date":"2025-11-18T11:07:09","date_gmt":"2025-11-18T11:07:09","guid":{"rendered":"https:\/\/www.europesays.com\/fi\/93378\/"},"modified":"2025-11-18T11:07:09","modified_gmt":"2025-11-18T11:07:09","slug":"nyt-selvisi-mita-aurajoessa-oikeasti-virtaa","status":"publish","type":"post","link":"https:\/\/www.europesays.com\/fi\/93378\/","title":{"rendered":"Nyt selvisi, mit\u00e4 Aurajoessa oikeasti virtaa"},"content":{"rendered":"<p>Aurajoesta tehtiin poikkeava roskahavainto.<\/p>\n<p>It\u00e4meren pienille saarille ker\u00e4\u00e4ntyy s\u00e4kkikaupalla roskaa. <\/p>\n<p class=\"article-body mb-nof-24 px-nof-16\">Ymp\u00e4rist\u00f6j\u00e4rjest\u00f6 ja Turun kaupunki kartoittivat, mit\u00e4 Aurajoessa virtaa. Lopputulos oli yll\u00e4tys.<\/p>\n<p class=\"article-body mb-nof-24 px-nof-16\">Kes\u00e4ll\u00e4 ymp\u00e4rist\u00f6j\u00e4rjest\u00f6 Pid\u00e4 Saaristo Siistin\u00e4 ry ker\u00e4si Aurajoen pinnasta kaiken silmin havaittavan roskan. Roskat luetteloitiin niiden materiaalin perusteella ja niiden m\u00e4\u00e4r\u00e4t laskettiin. Ker\u00e4ys tehtiin aurinkos\u00e4hk\u00f6ll\u00e4 toimivalla roskienkeruuveneell\u00e4.<\/p>\n<p class=\"article-body mb-nof-24 px-nof-16\">Tupakantumpit ovat olleet Suomen virallisten rantaroskaseurantojen yleisin roska seurantojen aloittamisesta asti. Ne ovat my\u00f6s maailman rantojen yleisin roska.<\/p>\n<p class=\"article-body mb-nof-24 px-nof-16\">Aurajoessa tehdyss\u00e4 kartoituksessa tehtiin kuitenkin poikkeava roskahavainto, kertoo ymp\u00e4rist\u00f6j\u00e4rjest\u00f6 <a class=\"article-genericlink\" href=\"https:\/\/tiedotteet.pssry.fi\/a\/s\/73990506-bdfe902f5e2a02d910fe553b3f3f3838\/1753093\" rel=\"nofollow noopener\" target=\"_blank\">tiedotteessaan<\/a>.<\/p>\n<p class=\"article-body mb-nof-24 px-nof-16\">Nyt nuuska- ja nikotiinipusseja oli veden pinnalla ja vesimassassa huomattavasti enemm\u00e4n kuin tupakantumppeja.<\/p>\n<p class=\"article-body mb-nof-24 px-nof-16\">Ymp\u00e4rist\u00f6j\u00e4rjest\u00f6n ohjelmap\u00e4\u00e4llikk\u00f6 <a class=\"article-personlink\" href=\"https:\/\/www.is.fi\/haku\/?query=Julia%20J%C3%A4nn%C3%A4ri\" rel=\"nofollow noopener\" target=\"_blank\">Julia J\u00e4nn\u00e4ri<\/a> kertoo tiedotteessa, ett\u00e4 nikotiinipussit olivat jo vuonna 2023 yksi yleisimmist\u00e4 rantaroskista vain muutama kuukausi sen j\u00e4lkeen, kun niiden myynti sallittiin.<\/p>\n<p><img decoding=\"async\" src=\"https:\/\/www.europesays.com\/fi\/wp-content\/uploads\/2025\/11\/1763464029_48_468.jpg\" alt=\"Roskia ker\u00e4ttiin aurinkos\u00e4hk\u00f6ll\u00e4 toimivalla roskienkeruuveneell\u00e4, Roska-Roopella.\" class=\"_Img_1rerz_1\" style=\"aspect-ratio:1.4512471655328798\" loading=\"eager\"\/><\/p>\n<p class=\"article-picture-caption\">Roskia ker\u00e4ttiin aurinkos\u00e4hk\u00f6ll\u00e4 toimivalla roskienkeruuveneell\u00e4, Roska-Roopella. Kuva:\u00a0Pid\u00e4 saaristo siistin\u00e4<\/p>\n<p class=\"article-body mb-nof-24 px-nof-16\">Nuuska- ja nikotiinipussit sek\u00e4 tupakantumpit ovat merkitt\u00e4v\u00e4 ymp\u00e4rist\u00f6haitta, sill\u00e4 ne sis\u00e4lt\u00e4v\u00e4t muovia, joka hajoaa ajan my\u00f6t\u00e4 mikromuoviksi.<\/p>\n<p class=\"article-body mb-nof-24 px-nof-16\">Tupakkatuotteista vesist\u00f6ihin liukeneva nikotiini on lis\u00e4ksi hengenvaarallista kaloille, vesiel\u00e4imille ja vesieli\u00f6ille, tiedotteessa kerrotaan.<\/p>\n<p class=\"article-body mb-nof-24 px-nof-16\">Pid\u00e4 Saaristo Siistin\u00e4 ry on seurannut Suomen rantojen roskaisuutta 14 vuoden ajan. Seurantatulosten mukaan rannoilta l\u00f6ytyv\u00e4t roskat ovat enimm\u00e4kseen kuluttajal\u00e4ht\u00f6ist\u00e4 muovia.<\/p>\n<p><img decoding=\"async\" src=\"https:\/\/www.europesays.com\/fi\/wp-content\/uploads\/2025\/11\/1763464029_81_468.jpg\" alt=\"Nuuska- ja nikotiinipussit sek\u00e4 tupakantumpit ovat merkitt\u00e4v\u00e4 ymp\u00e4rist\u00f6haitta.\" class=\"_Img_1rerz_1\" style=\"aspect-ratio:1.5\" loading=\"eager\"\/><\/p>\n<p class=\"article-picture-caption\">Nuuska- ja nikotiinipussit sek\u00e4 tupakantumpit ovat merkitt\u00e4v\u00e4 ymp\u00e4rist\u00f6haitta. Kuva:\u00a0Kiia Palo \/ Pid\u00e4 saaristo siistin\u00e4<\/p>\n<p class=\"article-body mb-nof-24 px-nof-16\">IS seurasi <a class=\"article-genericlink\" href=\"https:\/\/www.is.fi\/kotimaa\/art-2000011461541.html\" rel=\"nofollow noopener\" target=\"_blank\">syksyll\u00e4 <\/a>roskienkeruuta Suomenlahdella WWF:n ja Mets\u00e4hallituksen Luontopalvelujen j\u00e4rjest\u00e4m\u00e4ll\u00e4 roskien ker\u00e4\u00e4misen talkooleirill\u00e4.<\/p>\n<p class=\"article-body mb-nof-24 px-nof-16\">Yhden p\u00e4iv\u00e4n roskasaldo oli yhteens\u00e4 416,9 kiloa. Joukosta l\u00f6ytyi sekalaisen muoviroskan lis\u00e4ksi esimerkiksi traktorin rengas, patja, vasemman jalan kenki\u00e4, huulipuna, ehji\u00e4 hehkulamppuja, pressuja ja suihkusaippua.<\/p>\n","protected":false},"excerpt":{"rendered":"Aurajoesta tehtiin poikkeava roskahavainto. It\u00e4meren pienille saarille ker\u00e4\u00e4ntyy s\u00e4kkikaupalla roskaa. Ymp\u00e4rist\u00f6j\u00e4rjest\u00f6 ja Turun kaupunki kartoittivat, mit\u00e4 Aurajoessa virtaa.&hellip;\n","protected":false},"author":2,"featured_media":93379,"comment_status":"","ping_status":"","sticky":false,"template":"","format":"standard","meta":{"footnotes":""},"categories":[12],"tags":[22,23,26,27,33,31,30,17,34,24,25,28,29,15,18,21,32,19,20,16],"class_list":{"0":"post-93378","1":"post","2":"type-post","3":"status-publish","4":"format-standard","5":"has-post-thumbnail","7":"category-suomi","8":"tag-breaking-news","9":"tag-breakingnews","10":"tag-featured-news","11":"tag-featurednews","12":"tag-fi","13":"tag-finland","14":"tag-finnish","15":"tag-headlines","16":"tag-ilta-sanomat","17":"tag-latest-news","18":"tag-latestnews","19":"tag-main-news","20":"tag-mainnews","21":"tag-news","22":"tag-otsikot","23":"tag-paauutiset","24":"tag-suomi","25":"tag-top-stories","26":"tag-topstories","27":"tag-uutiset"},"share_on_mastodon":{"url":"https:\/\/pubeurope.com\/@fi\/115570386277154061","error":""},"_links":{"self":[{"href":"https:\/\/www.europesays.com\/fi\/wp-json\/wp\/v2\/posts\/93378","targetHints":{"allow":["GET"]}}],"collection":[{"href":"https:\/\/www.europesays.com\/fi\/wp-json\/wp\/v2\/posts"}],"about":[{"href":"https:\/\/www.europesays.com\/fi\/wp-json\/wp\/v2\/types\/post"}],"author":[{"embeddable":true,"href":"https:\/\/www.europesays.com\/fi\/wp-json\/wp\/v2\/users\/2"}],"replies":[{"embeddable":true,"href":"https:\/\/www.europesays.com\/fi\/wp-json\/wp\/v2\/comments?post=93378"}],"version-history":[{"count":0,"href":"https:\/\/www.europesays.com\/fi\/wp-json\/wp\/v2\/posts\/93378\/revisions"}],"wp:featuredmedia":[{"embeddable":true,"href":"https:\/\/www.europesays.com\/fi\/wp-json\/wp\/v2\/media\/93379"}],"wp:attachment":[{"href":"https:\/\/www.europesays.com\/fi\/wp-json\/wp\/v2\/media?parent=93378"}],"wp:term":[{"taxonomy":"category","embeddable":true,"href":"https:\/\/www.europesays.com\/fi\/wp-json\/wp\/v2\/categories?post=93378"},{"taxonomy":"post_tag","embeddable":true,"href":"https:\/\/www.europesays.com\/fi\/wp-json\/wp\/v2\/tags?post=93378"}],"curies":[{"name":"wp","href":"https:\/\/api.w.org\/{rel}","templated":true}]}}