{"id":93411,"date":"2025-11-18T11:57:08","date_gmt":"2025-11-18T11:57:08","guid":{"rendered":"https:\/\/www.europesays.com\/fi\/93411\/"},"modified":"2025-11-18T11:57:08","modified_gmt":"2025-11-18T11:57:08","slug":"jarvenpaan-uusi-rakennusjarjestys-hyvaksyttiin-jarvenpaa","status":"publish","type":"post","link":"https:\/\/www.europesays.com\/fi\/93411\/","title":{"rendered":"J\u00e4rvenp\u00e4\u00e4n uusi rakennusj\u00e4rjestys hyv\u00e4ksyttiin | J\u00e4rvenp\u00e4\u00e4"},"content":{"rendered":"<p>J\u00e4rvenp\u00e4\u00e4n kaupunginvaltuusto on hyv\u00e4ksynyt kaupungin uuden rakennusj\u00e4rjestyksen kokouksessaan 13.11.2025.<\/p>\n<p>Rakennusj\u00e4rjestyksen uudistuksella p\u00e4ivitet\u00e4\u00e4n m\u00e4\u00e4r\u00e4ykset vastaamaan uutta rakentamislakia ja paikallisia olosuhteita. Rakennusj\u00e4rjestys t\u00e4ydent\u00e4\u00e4 lakia ja kaavoja, ja sen tarkoituksena on ohjata suunnitelmallista, ymp\u00e4rist\u00f6\u00f6n sopivaa rakentamista, huomioida kulttuuri- ja luonnonarvot sek\u00e4 turvata hyv\u00e4n elinymp\u00e4rist\u00f6n toteutuminen ja s\u00e4ilyminen. Uudistus korvaa vuoden 2018 rakennusj\u00e4rjestyksen.<\/p>\n<p>Rakennusj\u00e4rjestys tulee voimaan 22.12.2025, mik\u00e4li p\u00e4\u00e4t\u00f6ksest\u00e4 ei valiteta.<\/p>\n<p><a href=\"https:\/\/jarvenpaa.cloudnc.fi\/fi-FI\/Toimielimet\/Kaupunginvaltuusto\/Kokous_13112025\/Rakennusjarjestyksen_uudistaminen(41544)\" data-type=\"link\" data-id=\"https:\/\/jarvenpaa.cloudnc.fi\/fi-FI\/Toimielimet\/Kaupunginvaltuusto\/Kokous_13112025\/Rakennusjarjestyksen_uudistaminen(41544)\" target=\"_blank\" rel=\"noreferrer noopener nofollow\">Kaupunginvaltuuston p\u00e4\u00e4t\u00f6s kokonaisuudessaan<\/a><\/p>\n","protected":false},"excerpt":{"rendered":"J\u00e4rvenp\u00e4\u00e4n kaupunginvaltuusto on hyv\u00e4ksynyt kaupungin uuden rakennusj\u00e4rjestyksen kokouksessaan 13.11.2025. Rakennusj\u00e4rjestyksen uudistuksella p\u00e4ivitet\u00e4\u00e4n m\u00e4\u00e4r\u00e4ykset vastaamaan uutta rakentamislakia ja paikallisia&hellip;\n","protected":false},"author":2,"featured_media":93412,"comment_status":"","ping_status":"","sticky":false,"template":"","format":"standard","meta":{"footnotes":""},"categories":[76],"tags":[79,77,33,31,30,32,78],"class_list":{"0":"post-93411","1":"post","2":"type-post","3":"status-publish","4":"format-standard","5":"has-post-thumbnail","7":"category-talous","8":"tag-business","9":"tag-economy","10":"tag-fi","11":"tag-finland","12":"tag-finnish","13":"tag-suomi","14":"tag-talous"},"share_on_mastodon":{"url":"https:\/\/pubeurope.com\/@fi\/115570582894373255","error":""},"_links":{"self":[{"href":"https:\/\/www.europesays.com\/fi\/wp-json\/wp\/v2\/posts\/93411","targetHints":{"allow":["GET"]}}],"collection":[{"href":"https:\/\/www.europesays.com\/fi\/wp-json\/wp\/v2\/posts"}],"about":[{"href":"https:\/\/www.europesays.com\/fi\/wp-json\/wp\/v2\/types\/post"}],"author":[{"embeddable":true,"href":"https:\/\/www.europesays.com\/fi\/wp-json\/wp\/v2\/users\/2"}],"replies":[{"embeddable":true,"href":"https:\/\/www.europesays.com\/fi\/wp-json\/wp\/v2\/comments?post=93411"}],"version-history":[{"count":0,"href":"https:\/\/www.europesays.com\/fi\/wp-json\/wp\/v2\/posts\/93411\/revisions"}],"wp:featuredmedia":[{"embeddable":true,"href":"https:\/\/www.europesays.com\/fi\/wp-json\/wp\/v2\/media\/93412"}],"wp:attachment":[{"href":"https:\/\/www.europesays.com\/fi\/wp-json\/wp\/v2\/media?parent=93411"}],"wp:term":[{"taxonomy":"category","embeddable":true,"href":"https:\/\/www.europesays.com\/fi\/wp-json\/wp\/v2\/categories?post=93411"},{"taxonomy":"post_tag","embeddable":true,"href":"https:\/\/www.europesays.com\/fi\/wp-json\/wp\/v2\/tags?post=93411"}],"curies":[{"name":"wp","href":"https:\/\/api.w.org\/{rel}","templated":true}]}}