{"id":93421,"date":"2025-11-18T12:16:11","date_gmt":"2025-11-18T12:16:11","guid":{"rendered":"https:\/\/www.europesays.com\/fi\/93421\/"},"modified":"2025-11-18T12:16:11","modified_gmt":"2025-11-18T12:16:11","slug":"nain-putaan-pulla-paatyi-tosi-tv-ohjelmaan-haukiputaalaisyritys-tavoittelee-finaalipaikkaa-rieskalla-jonka-voi-kuivattaa-nakkariksi","status":"publish","type":"post","link":"https:\/\/www.europesays.com\/fi\/93421\/","title":{"rendered":"N\u00e4in Putaan Pulla p\u00e4\u00e4tyi tosi-tv-ohjelmaan \u2013 Haukiputaalaisyritys tavoittelee finaalipaikkaa rieskalla, jonka voi kuivattaa n\u00e4kk\u00e4riksi"},"content":{"rendered":"<p> <img decoding=\"async\" class=\"responsive-image article__image-image lozad\"   src=\"https:\/\/www.europesays.com\/fi\/wp-content\/uploads\/2025\/11\/zP7NxK602sj6OBNCrW0axbv6m0Nb-m1mj2r4e0ZzQF8YQKWzH-4S0qxEOKUZkJWvBovJsMifRxo_-HonqbQBP60wovxiJBvZvIAa.jpeg\" alt=\"Iita ja Antti Tyykiluoto ilmoittivat Putaan Pullan hetken mielijohteesta Suomen menestysreseptiin. Haukiputaalaisyritys jahtaa tiistaina alkavalla tuotantokaudella finaalipaikkaa.\"\/><\/p>\n<p>\n Iita ja Antti Tyykiluoto ilmoittivat Putaan Pullan hetken mielijohteesta Suomen menestysreseptiin. Haukiputaalaisyritys jahtaa tiistaina alkavalla tuotantokaudella finaalipaikkaa.\n <\/p>\n<p>\n Kuva: Pekka Peura\n <\/p>\n<p class=\"article__paragraph\">\n Sen piti olla aivan tavallinen helmikuinen perjantai. Iita Tyykiluoto hoiti hommiaan tavalliseen tapaansa Putaan Pullan toimistolla Haukiputaan Martinniemess\u00e4.\n <\/p>\n<p class=\"article__paragraph\">\n Yht\u00e4kki\u00e4 puhelin alkoi piipata.\n <\/p>\n<p class=\"article__paragraph\">\n Thaimaassa Koh Changin saaren ymp\u00e4rist\u00f6ss\u00e4 lomailleella Antti-is\u00e4ll\u00e4 tuntui olevan asiaa.<\/p>\n","protected":false},"excerpt":{"rendered":"Iita ja Antti Tyykiluoto ilmoittivat Putaan Pullan hetken mielijohteesta Suomen menestysreseptiin. Haukiputaalaisyritys jahtaa tiistaina alkavalla tuotantokaudella finaalipaikkaa. Kuva:&hellip;\n","protected":false},"author":2,"featured_media":93422,"comment_status":"","ping_status":"","sticky":false,"template":"","format":"standard","meta":{"footnotes":""},"categories":[133],"tags":[137,33,31,30,32,206,156,109],"class_list":{"0":"post-93421","1":"post","2":"type-post","3":"status-publish","4":"format-standard","5":"has-post-thumbnail","7":"category-televisiot","8":"tag-entertainment","9":"tag-fi","10":"tag-finland","11":"tag-finnish","12":"tag-suomi","13":"tag-televisiot","14":"tag-tv","15":"tag-viihde"},"share_on_mastodon":{"url":"https:\/\/pubeurope.com\/@fi\/115570657653318705","error":""},"_links":{"self":[{"href":"https:\/\/www.europesays.com\/fi\/wp-json\/wp\/v2\/posts\/93421","targetHints":{"allow":["GET"]}}],"collection":[{"href":"https:\/\/www.europesays.com\/fi\/wp-json\/wp\/v2\/posts"}],"about":[{"href":"https:\/\/www.europesays.com\/fi\/wp-json\/wp\/v2\/types\/post"}],"author":[{"embeddable":true,"href":"https:\/\/www.europesays.com\/fi\/wp-json\/wp\/v2\/users\/2"}],"replies":[{"embeddable":true,"href":"https:\/\/www.europesays.com\/fi\/wp-json\/wp\/v2\/comments?post=93421"}],"version-history":[{"count":0,"href":"https:\/\/www.europesays.com\/fi\/wp-json\/wp\/v2\/posts\/93421\/revisions"}],"wp:featuredmedia":[{"embeddable":true,"href":"https:\/\/www.europesays.com\/fi\/wp-json\/wp\/v2\/media\/93422"}],"wp:attachment":[{"href":"https:\/\/www.europesays.com\/fi\/wp-json\/wp\/v2\/media?parent=93421"}],"wp:term":[{"taxonomy":"category","embeddable":true,"href":"https:\/\/www.europesays.com\/fi\/wp-json\/wp\/v2\/categories?post=93421"},{"taxonomy":"post_tag","embeddable":true,"href":"https:\/\/www.europesays.com\/fi\/wp-json\/wp\/v2\/tags?post=93421"}],"curies":[{"name":"wp","href":"https:\/\/api.w.org\/{rel}","templated":true}]}}