{"id":93442,"date":"2025-11-18T12:43:08","date_gmt":"2025-11-18T12:43:08","guid":{"rendered":"https:\/\/www.europesays.com\/fi\/93442\/"},"modified":"2025-11-18T12:43:08","modified_gmt":"2025-11-18T12:43:08","slug":"turku-saatanalle-xiii-kattaus-julki","status":"publish","type":"post","link":"https:\/\/www.europesays.com\/fi\/93442\/","title":{"rendered":"Turku Saatanalle XIII kattaus julki"},"content":{"rendered":"<p>J\u00e4rjestyksess\u00e4\u00e4n kolmannentoista Turku Saatanalle -\u00e4\u00e4rimetallitapahtuman ohjelmisto on julkistettu.<\/p>\n<p>Perjantaina 13.3. lauteille nousevat <strong>Malum<\/strong>, <strong>Norrheim<\/strong>, <strong>Kiira<\/strong>, <strong>Victimarum<\/strong>, <strong>The Chamberlain<\/strong> sek\u00e4 my\u00f6hemmin julkistettava kolmekymppisi\u00e4\u00e4n juhlistava paikallisorkesteri. Lauantaina 14.3. lavalle astelevat puolestaan <strong>Enthroned<\/strong>, <strong>Bewitched<\/strong>, <strong>Mork<\/strong>, <strong>Hell Militia<\/strong>, my\u00f6s kolmekymppisi\u00e4\u00e4n juhlistava <strong>Loits <\/strong>sek\u00e4 <strong>Ritualhammer<\/strong>.<\/p>\n<p>Turku Saatanalle j\u00e4rjestet\u00e4\u00e4n Turun keskustaan Humalistonkadulle entisen Utopian\/Gongin\/Klubin tiloissa toimintansa aloittavassa kulttuuritalo Fuusiossa. Ennakkoliput ovat myynniss\u00e4 <a href=\"https:\/\/events.liveto.io\/events\/turku-saatanalle-xiii\" target=\"_blank\" rel=\"noreferrer noopener nofollow\">Livetossa <\/a>sek\u00e4 <a href=\"https:\/\/cluby.com\/fuusio\/events\/turku-saatanalle-xiii\/VENUE_EVENT_0we8j71_x7owbvx\" target=\"_blank\" rel=\"noreferrer noopener nofollow\">Clubyss\u00e4<\/a>.<\/p>\n","protected":false},"excerpt":{"rendered":"J\u00e4rjestyksess\u00e4\u00e4n kolmannentoista Turku Saatanalle -\u00e4\u00e4rimetallitapahtuman ohjelmisto on julkistettu. Perjantaina 13.3. lauteille nousevat Malum, Norrheim, Kiira, Victimarum, The Chamberlain&hellip;\n","protected":false},"author":2,"featured_media":93443,"comment_status":"","ping_status":"","sticky":false,"template":"","format":"standard","meta":{"footnotes":""},"categories":[132],"tags":[137,970,33,31,30,1039,195,47,32,18450,109],"class_list":{"0":"post-93442","1":"post","2":"type-post","3":"status-publish","4":"format-standard","5":"has-post-thumbnail","7":"category-musiikki","8":"tag-entertainment","9":"tag-festivaalit","10":"tag-fi","11":"tag-finland","12":"tag-finnish","13":"tag-keikkauutiset","14":"tag-music","15":"tag-musiikki","16":"tag-suomi","17":"tag-turku-saatanalle","18":"tag-viihde"},"share_on_mastodon":{"url":"https:\/\/pubeurope.com\/@fi\/115570763658562735","error":""},"_links":{"self":[{"href":"https:\/\/www.europesays.com\/fi\/wp-json\/wp\/v2\/posts\/93442","targetHints":{"allow":["GET"]}}],"collection":[{"href":"https:\/\/www.europesays.com\/fi\/wp-json\/wp\/v2\/posts"}],"about":[{"href":"https:\/\/www.europesays.com\/fi\/wp-json\/wp\/v2\/types\/post"}],"author":[{"embeddable":true,"href":"https:\/\/www.europesays.com\/fi\/wp-json\/wp\/v2\/users\/2"}],"replies":[{"embeddable":true,"href":"https:\/\/www.europesays.com\/fi\/wp-json\/wp\/v2\/comments?post=93442"}],"version-history":[{"count":0,"href":"https:\/\/www.europesays.com\/fi\/wp-json\/wp\/v2\/posts\/93442\/revisions"}],"wp:featuredmedia":[{"embeddable":true,"href":"https:\/\/www.europesays.com\/fi\/wp-json\/wp\/v2\/media\/93443"}],"wp:attachment":[{"href":"https:\/\/www.europesays.com\/fi\/wp-json\/wp\/v2\/media?parent=93442"}],"wp:term":[{"taxonomy":"category","embeddable":true,"href":"https:\/\/www.europesays.com\/fi\/wp-json\/wp\/v2\/categories?post=93442"},{"taxonomy":"post_tag","embeddable":true,"href":"https:\/\/www.europesays.com\/fi\/wp-json\/wp\/v2\/tags?post=93442"}],"curies":[{"name":"wp","href":"https:\/\/api.w.org\/{rel}","templated":true}]}}